{"id":68051,"date":"2023-10-12T16:45:39","date_gmt":"2023-10-12T16:45:39","guid":{"rendered":"https:\/\/enfermeria.fcm.unc.edu.ar\/?p=4346"},"modified":"2023-10-12T16:45:39","modified_gmt":"2023-10-12T16:45:39","slug":"conversatorio-taller-claves-para-pensar-en-el-hospital-en-contexto-situado-18-de-octubre","status":"publish","type":"post","link":"http:\/\/hoycordobaweb.com\/index.php\/2023\/10\/12\/conversatorio-taller-claves-para-pensar-en-el-hospital-en-contexto-situado-18-de-octubre\/","title":{"rendered":"Conversatorio- Taller \u00abClaves para pensar en el hospital en contexto situado\u00bb 18 de Octubre"},"content":{"rendered":"<div class=\"cBGGJ OIC90c\" dir=\"auto\" readability=\"38.846787479407\">\n<p>Tenemos el agrado de invitar al&nbsp; Conversatorio- Taller H\u00edbrido: Claves para pensar el hospital en contextos situados, dictado por la Dra. Andrea Anal\u00eda Benavidez, docente de la Universidad&nbsp; Nacional de San Juan, y la Lic. Marcela Sapei docente de la Escuela de Enfermer\u00eda FCM UNC. El Conversatorio- Taller, intentar\u00e1&nbsp; vincular las tensiones hist\u00f3ricas en relaci\u00f3n con g\u00e9nero y enfermer\u00eda para la jerarquizaci\u00f3n de la carrera de enfermer\u00eda e inserci\u00f3n en sistemas complejos situados<\/p>\n<p>El d\u00eda 18 de octubre&nbsp; del corriente a\u00f1o, en el horario de la ma\u00f1ana 10 a 12hs, lugar: Aula F de la Escuela de Enfermer\u00eda FCM UNC.<\/p>\n<p>Destinado a la comunidad educativa. Es gratuito para los participantes, se entregar\u00e1 certificaci\u00f3n.<\/p>\n<p>Se cuenta, para esta actividad,&nbsp; con el aval del Honorable Consejo Consultivo de la Escuela de Enfermer\u00eda,&nbsp; la Secretar\u00eda de Graduados EE \u2013 Secretaria de Asuntos Estudiantiles EE&nbsp; y la Asociaci\u00f3n de Enfermer\u00eda de C\u00f3rdoba.<\/p>\n<p><strong>&nbsp;<\/strong><strong>&nbsp;<\/strong><strong>Inscripci\u00f3n<\/strong>:&nbsp;<a href=\"https:\/\/forms.gle\/ng6oFFieuhbiRHna9\" data-saferedirecturl=\"https:\/\/www.google.com\/url?q=https:\/\/forms.gle\/ng6oFFieuhbiRHna9&amp;source=gmail&amp;ust=1697207476286000&amp;usg=AOvVaw3OxLiaCR2jBZqg70G3Ap93\">https:\/\/forms.gle\/ng6oFFieuhbiRHna9<\/a><\/p>\n<p>Esperamos que puedan sumarse.&nbsp;Un afectuoso saludo.<\/p>\n<p>Comisi\u00f3n de G\u00e9nero(s) y Prevenci\u00f3n de Violencia(s)<\/p>\n<p>Escuela de Enfermer\u00eda<\/p>\n<p>Facultad de Ciencias M\u00e9dicas<\/p>\n<p>Universidad Nacional de C\u00f3rdoba<\/p>\n<p><img loading=\"lazy\" class=\"alignnone size-large wp-image-4339\" src=\"https:\/\/enfermeria.fcm.unc.edu.ar\/wp-content\/uploads\/sites\/15\/2023\/10\/FLAYER-591x1024.jpg\" alt width=\"591\" height=\"1024\" srcset=\"https:\/\/enfermeria.fcm.unc.edu.ar\/wp-content\/uploads\/sites\/15\/2023\/10\/FLAYER-173x300.jpg 173w, https:\/\/enfermeria.fcm.unc.edu.ar\/wp-content\/uploads\/sites\/15\/2023\/10\/FLAYER-200x346.jpg 200w, https:\/\/enfermeria.fcm.unc.edu.ar\/wp-content\/uploads\/sites\/15\/2023\/10\/FLAYER-400x693.jpg 400w, https:\/\/enfermeria.fcm.unc.edu.ar\/wp-content\/uploads\/sites\/15\/2023\/10\/FLAYER-591x1024.jpg 591w, https:\/\/enfermeria.fcm.unc.edu.ar\/wp-content\/uploads\/sites\/15\/2023\/10\/FLAYER-600x1039.jpg 600w, https:\/\/enfermeria.fcm.unc.edu.ar\/wp-content\/uploads\/sites\/15\/2023\/10\/FLAYER.jpg 720w\" sizes=\"(max-width: 591px) 100vw, 591px\"><\/p>\n<\/div>\n","protected":false},"excerpt":{"rendered":"<p>Tenemos el agrado de invitar al&nbsp; Conversatorio- Taller H\u00edbrido: Claves para pensar el hospital en contextos situados, dictado por la Dra. Andrea Anal\u00eda Benavidez, docente de la Universidad&nbsp; Nacional de San Juan, y la Lic. Marcela Sapei docente de la Escuela de Enfermer\u00eda FCM UNC. El Conversatorio- Taller, intentar\u00e1&nbsp; vincular las tensiones hist\u00f3ricas en relaci\u00f3n [&hellip;]<\/p>\n","protected":false},"author":1,"featured_media":68052,"comment_status":"closed","ping_status":"closed","sticky":false,"template":"","format":"standard","meta":[],"categories":[17],"tags":[],"_links":{"self":[{"href":"http:\/\/hoycordobaweb.com\/index.php\/wp-json\/wp\/v2\/posts\/68051"}],"collection":[{"href":"http:\/\/hoycordobaweb.com\/index.php\/wp-json\/wp\/v2\/posts"}],"about":[{"href":"http:\/\/hoycordobaweb.com\/index.php\/wp-json\/wp\/v2\/types\/post"}],"author":[{"embeddable":true,"href":"http:\/\/hoycordobaweb.com\/index.php\/wp-json\/wp\/v2\/users\/1"}],"replies":[{"embeddable":true,"href":"http:\/\/hoycordobaweb.com\/index.php\/wp-json\/wp\/v2\/comments?post=68051"}],"version-history":[{"count":0,"href":"http:\/\/hoycordobaweb.com\/index.php\/wp-json\/wp\/v2\/posts\/68051\/revisions"}],"wp:featuredmedia":[{"embeddable":true,"href":"http:\/\/hoycordobaweb.com\/index.php\/wp-json\/wp\/v2\/media\/68052"}],"wp:attachment":[{"href":"http:\/\/hoycordobaweb.com\/index.php\/wp-json\/wp\/v2\/media?parent=68051"}],"wp:term":[{"taxonomy":"category","embeddable":true,"href":"http:\/\/hoycordobaweb.com\/index.php\/wp-json\/wp\/v2\/categories?post=68051"},{"taxonomy":"post_tag","embeddable":true,"href":"http:\/\/hoycordobaweb.com\/index.php\/wp-json\/wp\/v2\/tags?post=68051"}],"curies":[{"name":"wp","href":"https:\/\/api.w.org\/{rel}","templated":true}]}}