{"id":68043,"date":"2023-10-12T17:54:36","date_gmt":"2023-10-12T17:54:36","guid":{"rendered":"https:\/\/www.trendencias.com\/celebrities\/detalles-que-ha-desvelado-princesa-leonor-durante-corrillos-invitados-besamanos-palacio-real"},"modified":"2023-10-12T17:54:36","modified_gmt":"2023-10-12T17:54:36","slug":"los-detalles-que-ha-desvelado-la-princesa-leonor-durante-los-corrillos-con-los-invitados-tras-el-besamanos-en-el-palacio-real","status":"publish","type":"post","link":"http:\/\/hoycordobaweb.com\/index.php\/2023\/10\/12\/los-detalles-que-ha-desvelado-la-princesa-leonor-durante-los-corrillos-con-los-invitados-tras-el-besamanos-en-el-palacio-real\/","title":{"rendered":"Los detalles que ha desvelado la princesa Leonor durante los corrillos con los invitados tras el besamanos en el Palacio Real"},"content":{"rendered":"<p><strong>La princesa Leonor<\/strong> ha acaparado todas las miradas del<strong> D\u00eda de la Fiesta Nacional<\/strong>. Vestida con su uniforme militar, tanto en el desfile de las Fuerzas Armadas como en la posterior recepci\u00f3n real en el Sal\u00f3n del Trono (donde la hemos visto <a href=\"https:\/\/www.trendencias.com\/celebrities\/amigo-especial-princesa-leonor-besamanos-fiesta-nacional-video-viral-que-todo-mundo-comenta\">derrochar complicidad con uno de sus compa\u00f1eros de la Real Academia Militar de Zaragoza<\/a>); la heredera al trono ha destacado por su saber estar, simpat\u00eda y elegancia, incluso tambi\u00e9n de puertas para adentro durante <strong>el c\u00f3ctel <\/strong>al que pasaban los m\u00e1s de <strong>2.5000 invitados tras el besamanos<\/strong>.<\/p>\n<p><!-- BREAK 1 --> <\/p>\n<div class=\"article-asset article-asset-normal article-asset-center\">\n<div class=\"desvio-container\">\n<div class=\"desvio\">\n<div class=\"desvio-figure js-desvio-figure\"> <a href=\"https:\/\/www.trendencias.com\/celebrities\/reina-letizia-confirma-durante-dia-fiesta-nacional-cuando-volvera-infanta-sofia-a-espana\"> <img alt=\"La reina Letizia confirma durante el D\u00eda de la Fiesta Nacional cu\u00e1ndo volver\u00e1 la infanta Sof\u00eda a Espa\u00f1a \" src=\"http:\/\/hoycordobaweb.com\/wp-content\/uploads\/2023\/10\/los-detalles-que-ha-desvelado-la-princesa-leonor-durante-los-corrillos-con-los-invitados-tras-el-besamanos-en-el-palacio-real.jpg\"> <\/a> <\/div><\/div><\/div>\n<\/div>\n<p>Entre los asistentes hemos visto tanto a personajes destacados de la pol\u00edtica, como de la cultura y los medios de comunicaci\u00f3n: <strong>Esperanza Aguirre, Vicente Vall\u00e9s, \u00c1ngeles Blanco, Ana Rosa Quintana, Luz Casal, <\/strong>el periodista Nacho Gay, Paloma Barrientos, Ana Pastor, Esther Alcocer Koplowitz,<strong> Isabel D\u00edaz Ayuso<\/strong>, <a href=\"https:\/\/www.trendencias.com\/celebrities\/jose-luis-martinez-almeida-se-casa-teresa-urquijo-todos-detalles-boda-pedida\">Jos\u00e9 Luis Mart\u00ednez Almeida y su prometida<\/a> <strong>Teresa Urquijo<\/strong> y, por supuesto, tanto el presidente del Gobierno en funciones <strong>Pedro S\u00e1nchez<\/strong> como el l\u00edder de la oposici\u00f3n, <strong>Alberto Nu\u00f1ez Feij\u00f3o<\/strong>, han sido solo algunos de los invitados.<\/p>\n<p><!-- BREAK 2 --> <\/p>\n<p>Con ellos y el resto de los presentes, tanto Felipe VI como do\u00f1a Letizia y Leonor se han mostrado muy cercanos. De hecho, <strong>la princesa ha aprovechado incluso para dar algunos detalles, hasta ahora desconocidos, de su etapa en la Academia Militar<\/strong>. Aunque lo que realmente nos gustar\u00eda es que nos hubiese dado detalles acerca del misterioso chico con el que ha protagonizado las im\u00e1genes que se han convertido en virales, tal y como ha destacado por ejemplo <a href=\"https:\/\/www.vanitatis.elconfidencial.com\/casas-reales\/2023-10-12\/letizia-bromista-infanta-sofia-gales-recepcion_3753330\/\">Paloma Barrientos en &#8216;Vanitatis&#8217;<\/a>, la heredera al trono ha desvelado que <strong>el toque de diana en la Academia Militar ten\u00eda lugar a las seis de la tarde y que \u00abla instrucci\u00f3n era dura\u00bb<\/strong>.<\/p>\n<p><!-- BREAK 3 --> <\/p>\n<div class=\"article-asset-image article-asset-normal article-asset-center\">\n<div class=\"asset-content\">\n<div class=\"caption-img \"> <img class=\"centro_sinmarco\" height=\"1400\" width=\"1920\" loading=\"lazy\" decoding=\"async\" sizes=\"100vw\" fetchpriority=\"high\" srcset=\"http:\/\/hoycordobaweb.com\/wp-content\/uploads\/2023\/10\/los-detalles-que-ha-desvelado-la-princesa-leonor-durante-los-corrillos-con-los-invitados-tras-el-besamanos-en-el-palacio-real-1.jpg 450w, http:\/\/hoycordobaweb.com\/wp-content\/uploads\/2023\/10\/los-detalles-que-ha-desvelado-la-princesa-leonor-durante-los-corrillos-con-los-invitados-tras-el-besamanos-en-el-palacio-real-3.jpg 681w, http:\/\/hoycordobaweb.com\/wp-content\/uploads\/2023\/10\/los-detalles-que-ha-desvelado-la-princesa-leonor-durante-los-corrillos-con-los-invitados-tras-el-besamanos-en-el-palacio-real-4.jpg 1024w, http:\/\/hoycordobaweb.com\/wp-content\/uploads\/2023\/10\/los-detalles-que-ha-desvelado-la-princesa-leonor-durante-los-corrillos-con-los-invitados-tras-el-besamanos-en-el-palacio-real-5.jpg 1366w\" src=\"http:\/\/hoycordobaweb.com\/wp-content\/uploads\/2023\/10\/los-detalles-que-ha-desvelado-la-princesa-leonor-durante-los-corrillos-con-los-invitados-tras-el-besamanos-en-el-palacio-real-1.jpg\" alt=\"Dl U542535 198\"> <noscript><img alt=\"Dl U542535 198\" class=\"centro_sinmarco\" src=\"http:\/\/hoycordobaweb.com\/wp-content\/uploads\/2023\/10\/los-detalles-que-ha-desvelado-la-princesa-leonor-durante-los-corrillos-con-los-invitados-tras-el-besamanos-en-el-palacio-real-1.jpg\"><\/noscript> <span>Ana Rosa Quintana en la recepci\u00f3n real del 12 de octubre &#8211; GTRES<\/span> <\/div><\/div>\n<\/div>\n<p><a href=\"https:\/\/www.hola.com\/realeza\/casa_espanola\/20231012241676\/princesa-leonor-corrillos-recepcion-palacio-real\/?utm_medium=social_media&amp;utm_campaign=hola&amp;utm_source=Facebook#Echobox=1697125879\">La revista &#8216;\u00a1Hola!&#8217;<\/a>, en cambio, ha desvelado que Leonor ha mostrado su alegr\u00eda de estar en la Academia General de Zaragoza, aunque s\u00ed que ha reconocido que <strong>los inicios en ella se le hicieron algo cuesta arriba<\/strong>. Adem\u00e1s, la princesa se ha mojado con los asistentes y les ha confesado que siente <strong>debilidad por las asignaturas de Ciencias<\/strong>, en la que estar\u00eda destacando por encima de las dem\u00e1s en su formaci\u00f3n acad\u00e9mica.<\/p>\n<p><!-- BREAK 4 --><\/p>\n<p>Fotos | GTRES<\/p>\n<p>En Trendencias | <a href=\"https:\/\/www.trendencias.com\/moda-famosas\/reina-letizia-estrena-vestido-combina-sus-zapatos-preferidos-tacon-sensato\" rel=\"noopener noreferrer\" data-id=\"noopener noreferrer\">La reina Letizia estrena vestido y lo combina con sus zapatos preferidos de tac\u00f3n sensato en el D\u00eda de la Hispanidad<\/a><\/p>\n<p><!-- BREAK 5 --><\/p>\n<p>En Trendencias | <a href=\"https:\/\/www.trendencias.com\/celebrities\/carinoso-gesto-que-letizia-ortiz-ha-otorgado-todo-protagonismo-a-leonor-durante-jura-bandera\" rel=\"noopener noreferrer\" data-id=\"noopener noreferrer\">El cari\u00f1oso gesto con el que Letizia Ortiz ha otorgado todo el protagonismo a Leonor durante la jura de bandera<\/a><\/p>\n<p><!-- BREAK 6 --> <\/p>\n<p>En Trendencias | <a href=\"https:\/\/www.trendencias.com\/shopping\/reina-letizia-recupera-su-vestido-verde-nosotras-hemos-encontrado-clon-low-cost-sfera\" rel=\"noopener noreferrer\" data-id=\"noopener noreferrer\">La reina Letizia recupera su vestido verde y nosotras hemos encontrado un clon low cost de Sfera<\/a><\/p>\n<p><!-- BREAK 7 --> <\/p>\n","protected":false},"excerpt":{"rendered":"<p>La princesa Leonor ha acaparado todas las miradas del D\u00eda de la Fiesta Nacional. Vestida con su uniforme militar, tanto en el desfile de las Fuerzas Armadas como en la posterior recepci\u00f3n real en el Sal\u00f3n del Trono (donde la hemos visto derrochar complicidad con uno de sus compa\u00f1eros de la Real Academia Militar de [&hellip;]<\/p>\n","protected":false},"author":1,"featured_media":68044,"comment_status":"closed","ping_status":"closed","sticky":false,"template":"","format":"standard","meta":[],"categories":[1],"tags":[],"_links":{"self":[{"href":"http:\/\/hoycordobaweb.com\/index.php\/wp-json\/wp\/v2\/posts\/68043"}],"collection":[{"href":"http:\/\/hoycordobaweb.com\/index.php\/wp-json\/wp\/v2\/posts"}],"about":[{"href":"http:\/\/hoycordobaweb.com\/index.php\/wp-json\/wp\/v2\/types\/post"}],"author":[{"embeddable":true,"href":"http:\/\/hoycordobaweb.com\/index.php\/wp-json\/wp\/v2\/users\/1"}],"replies":[{"embeddable":true,"href":"http:\/\/hoycordobaweb.com\/index.php\/wp-json\/wp\/v2\/comments?post=68043"}],"version-history":[{"count":0,"href":"http:\/\/hoycordobaweb.com\/index.php\/wp-json\/wp\/v2\/posts\/68043\/revisions"}],"wp:featuredmedia":[{"embeddable":true,"href":"http:\/\/hoycordobaweb.com\/index.php\/wp-json\/wp\/v2\/media\/68044"}],"wp:attachment":[{"href":"http:\/\/hoycordobaweb.com\/index.php\/wp-json\/wp\/v2\/media?parent=68043"}],"wp:term":[{"taxonomy":"category","embeddable":true,"href":"http:\/\/hoycordobaweb.com\/index.php\/wp-json\/wp\/v2\/categories?post=68043"},{"taxonomy":"post_tag","embeddable":true,"href":"http:\/\/hoycordobaweb.com\/index.php\/wp-json\/wp\/v2\/tags?post=68043"}],"curies":[{"name":"wp","href":"https:\/\/api.w.org\/{rel}","templated":true}]}}