{"id":68031,"date":"2023-10-12T16:48:11","date_gmt":"2023-10-12T16:48:11","guid":{"rendered":"https:\/\/www.ole.com.ar\/futbol-internacional\/internacional-marco-verratti-luis-enrique-explicacion-salidas-qatar_0_43BlfBWSry.html"},"modified":"2023-10-12T16:48:11","modified_gmt":"2023-10-12T16:48:11","slug":"verratti-explico-por-que-se-fue-del-psg","status":"publish","type":"post","link":"http:\/\/hoycordobaweb.com\/index.php\/2023\/10\/12\/verratti-explico-por-que-se-fue-del-psg\/","title":{"rendered":"Verratti explic\u00f3 por qu\u00e9 se fue del PSG"},"content":{"rendered":"<p><img src=\"http:\/\/hoycordobaweb.com\/wp-content\/uploads\/2023\/10\/verratti-explico-por-que-se-fue-del-psg.jpg\"><\/p>\n<p><time class=\"createDate\" datetime=\"2023-10-12T13:48:11-03:00\">12\/10\/2023 13:48hs.<\/time><time class=\"modificatedDate\" datetime=\"2023-10-12T13:48:11-03:00\"><\/time><\/p>\n<div id=\"storyBody\">\n<div class=\"custom-text \" readability=\"31.850847457627\">\n<p>Cuando <strong><a href=\"https:\/\/www.ole.com.ar\/tema\/marco-verratti.html\" title=\"Marco Verratti\" alt=\"Marco Verratti\" class=\"slug\">Marco Verratti<\/a><\/strong> dej\u00f3 el <strong><a href=\"https:\/\/www.ole.com.ar\/tema\/paris-saint-germain.html\" title=\"Paris Saint Germain\" alt=\"Paris Saint Germain\" class=\"slug\">Par\u00eds Saint-Germain <\/a><\/strong>qued\u00f3 claro que una etapa hab\u00eda quedado atr\u00e1s en el conjunto parisino. Hoy por hoy, a poco de su llegada al Al-Arabi de Qatar, el italiano cont\u00f3 los entretelones de su salida y c\u00f3mo lleg\u00f3 a aceptar que su ciclo en Europa estaba cumplido.<\/p>\n<\/div>\n<div class=\"custom-text \" readability=\"42\">\n<p>El volante italiano abandon\u00f3 el club despu\u00e9s de una decisi\u00f3n del flamante entrenador del equipo, <strong>Luis Enrique<\/strong>, quien apenas asumi\u00f3 el cargo <strong>decidi\u00f3 que no iba a contar m\u00e1s con \u00e9l<\/strong>. \u00abSoy alguien sincero, digo lo que pienso y ellos han hecho lo mismo. <strong>Cuando volvimos al trabajo, me entrevist\u00e9 con el entrenador y me dijo que no entraba en sus planes.<\/strong> Me dijo simplemente que quer\u00eda cambiar, hacer algo nuevo, que llevaba muchos a\u00f1os aqu\u00ed\u00bb, asegur\u00f3 Verrati en di\u00e1logo con L&#8217;Equipe.<\/p>\n<\/div>\n<div class=\"custom-text \" readability=\"37\">\n<p>Siguiendo la misma l\u00ednea, agreg\u00f3: \u00abS\u00e9 de qu\u00e9 soy capaz, me he entrenado con ellos durante dos meses. Hubo jugadores que casi me suplicaron para que me quedase. <strong>Ese es el mejor reconocimiento, el de aquellos que te ven todos los d\u00edas y que saben lo que puedes llegar a hacer\u00bb.<\/strong><\/p>\n<\/div>\n<div class=\"custom-text \" readability=\"37\">\n<p>A\u00fan as\u00ed, reconoci\u00f3 que no tiene ninguna diferencia con el DT espa\u00f1ol y que entendi\u00f3 la decisi\u00f3n. \u00ab<strong>Creo que \u00e9l necesitaba a otros jugadores. No tengo nada contra \u00e9l, tuvimos muy buenas relaciones. Yo me entrenaba todos los d\u00edas a tope. \u00c9l tampoco puede decir nada malo sobre m\u00ed<\/strong>\u00ab, sostuvo.<\/p>\n<\/div>\n<div class=\"sc-e7b891c4-0 jPbnQF\"><img alt=\"Verratti era muy querido en el plantel. (REUTERS)\" src=\"http:\/\/hoycordobaweb.com\/wp-content\/uploads\/2023\/10\/verratti-explico-por-que-se-fue-del-psg-2.jpg\" width=\"720\" height=\"100\" decoding=\"async\" data-nimg=\"future\" loading=\"lazy\"><span class=\"epigraphe\">Verratti era muy querido en el plantel. (REUTERS)<\/span><\/div>\n<p><h2><strong>Su vida nocturna en el ojo de la tormenta<\/strong><\/h2>\n<\/p>\n<div class=\"custom-text \" readability=\"41\">\n<p>Verratti fue acusado de ser irresponsable fuera de las canchas en varias oportunidades. Sin embargo, nunca le molest\u00f3. \u00abPara m\u00ed, el f\u00fatbol ha sido ante todo un juego, luego ten\u00eda una vida. Me gustaba ir a los restaurantes, tomar un vaso de vino cuando no hab\u00eda entrenamiento. <strong>Hay jugadores que se esconden, yo siempre lo he reconocido<\/strong>\u00ab, cerr\u00f3.<\/p>\n<\/div>\n<div class=\"sc-e7b891c4-0 jPbnQF\"><img alt=\"El italiano explic\u00f3 sus conductas fuera de la cancha. (EFE)\" src=\"http:\/\/hoycordobaweb.com\/wp-content\/uploads\/2023\/10\/verratti-explico-por-que-se-fue-del-psg-3.jpg\" width=\"720\" height=\"100\" decoding=\"async\" data-nimg=\"future\" loading=\"lazy\"><span class=\"epigraphe\">El italiano explic\u00f3 sus conductas fuera de la cancha. (EFE)<\/span><\/div>\n<div class=\"sc-a7166897-0 exHLBh\" readability=\"6\">\n<section readability=\"2\"><picture><img alt=\"Gino Infantino: &quot;A veces uno no toma dimensi\u00f3n de lo que est\u00e1 viviendo&quot;\" src=\"http:\/\/hoycordobaweb.com\/wp-content\/uploads\/2023\/10\/verratti-explico-por-que-se-fue-del-psg-4.jpg\" width=\"290\" height=\"290\" decoding=\"async\" data-nimg=\"future\" loading=\"lazy\"><\/picture>\n<p><span>Mir\u00e1 tambi\u00e9n<\/span><\/p>\n<hr>\n<h3>Gino Infantino: \u00abA veces uno no toma dimensi\u00f3n de lo que est\u00e1 viviendo\u00bb<\/h3>\n<\/p>\n<\/section>\n<\/div>\n<div class=\"sc-a7166897-0 exHLBh\" readability=\"6\">\n<section readability=\"2\"><picture><img alt=\"La decisi\u00f3n que tom\u00f3 la UEFA con la selecci\u00f3n de Israel\" src=\"http:\/\/hoycordobaweb.com\/wp-content\/uploads\/2023\/10\/verratti-explico-por-que-se-fue-del-psg-5.jpg\" width=\"290\" height=\"290\" decoding=\"async\" data-nimg=\"future\" loading=\"lazy\"><\/picture>\n<p><span>Mir\u00e1 tambi\u00e9n<\/span><\/p>\n<hr>\n<h3>La decisi\u00f3n que tom\u00f3 la UEFA con la selecci\u00f3n de Israel<\/h3>\n<\/p>\n<\/section>\n<\/div>\n<div class=\"sc-a7166897-0 exHLBh\" readability=\"6.5\">\n<section readability=\"3\"><picture><img alt=\"La nueva camiseta de Fluminense: por qu\u00e9 tiene el rosa del Inter Miami y el detr\u00e1s de su historia\" src=\"http:\/\/hoycordobaweb.com\/wp-content\/uploads\/2023\/10\/verratti-explico-por-que-se-fue-del-psg-6.jpg\" width=\"290\" height=\"290\" decoding=\"async\" data-nimg=\"future\" loading=\"lazy\"><\/picture>\n<p><span>Mir\u00e1 tambi\u00e9n<\/span><\/p>\n<hr>\n<h3>La nueva camiseta de Fluminense: por qu\u00e9 tiene el rosa del Inter Miami y el detr\u00e1s de su historia<\/h3>\n<\/p>\n<\/section>\n<\/div>\n<\/div>\n","protected":false},"excerpt":{"rendered":"<p>12\/10\/2023 13:48hs. Cuando Marco Verratti dej\u00f3 el Par\u00eds Saint-Germain qued\u00f3 claro que una etapa hab\u00eda quedado atr\u00e1s en el conjunto parisino. Hoy por hoy, a poco de su llegada al Al-Arabi de Qatar, el italiano cont\u00f3 los entretelones de su salida y c\u00f3mo lleg\u00f3 a aceptar que su ciclo en Europa estaba cumplido. El volante [&hellip;]<\/p>\n","protected":false},"author":1,"featured_media":68032,"comment_status":"open","ping_status":"closed","sticky":false,"template":"","format":"standard","meta":[],"categories":[16],"tags":[],"_links":{"self":[{"href":"http:\/\/hoycordobaweb.com\/index.php\/wp-json\/wp\/v2\/posts\/68031"}],"collection":[{"href":"http:\/\/hoycordobaweb.com\/index.php\/wp-json\/wp\/v2\/posts"}],"about":[{"href":"http:\/\/hoycordobaweb.com\/index.php\/wp-json\/wp\/v2\/types\/post"}],"author":[{"embeddable":true,"href":"http:\/\/hoycordobaweb.com\/index.php\/wp-json\/wp\/v2\/users\/1"}],"replies":[{"embeddable":true,"href":"http:\/\/hoycordobaweb.com\/index.php\/wp-json\/wp\/v2\/comments?post=68031"}],"version-history":[{"count":0,"href":"http:\/\/hoycordobaweb.com\/index.php\/wp-json\/wp\/v2\/posts\/68031\/revisions"}],"wp:featuredmedia":[{"embeddable":true,"href":"http:\/\/hoycordobaweb.com\/index.php\/wp-json\/wp\/v2\/media\/68032"}],"wp:attachment":[{"href":"http:\/\/hoycordobaweb.com\/index.php\/wp-json\/wp\/v2\/media?parent=68031"}],"wp:term":[{"taxonomy":"category","embeddable":true,"href":"http:\/\/hoycordobaweb.com\/index.php\/wp-json\/wp\/v2\/categories?post=68031"},{"taxonomy":"post_tag","embeddable":true,"href":"http:\/\/hoycordobaweb.com\/index.php\/wp-json\/wp\/v2\/tags?post=68031"}],"curies":[{"name":"wp","href":"https:\/\/api.w.org\/{rel}","templated":true}]}}