{"id":68029,"date":"2023-10-12T17:41:17","date_gmt":"2023-10-12T17:41:17","guid":{"rendered":"https:\/\/www.ole.com.ar\/boca-juniors\/copa-libertadores-boca-fluminense-final-multa-conmebol_0_LvPUGZLz0d.html"},"modified":"2023-10-12T17:41:17","modified_gmt":"2023-10-12T17:41:17","slug":"fluminense-fue-multado-por-la-conmebol-a-dias-de-la-final-contra-boca","status":"publish","type":"post","link":"http:\/\/hoycordobaweb.com\/index.php\/2023\/10\/12\/fluminense-fue-multado-por-la-conmebol-a-dias-de-la-final-contra-boca\/","title":{"rendered":"Fluminense fue multado por la Conmebol a d\u00edas de la final contra Boca"},"content":{"rendered":"<p><img src=\"http:\/\/hoycordobaweb.com\/wp-content\/uploads\/2023\/10\/fluminense-fue-multado-por-la-conmebol-a-dias-de-la-final-contra-boca.jpg\"><\/p>\n<p><time class=\"createDate\" datetime=\"2023-10-12T14:41:17-03:00\">12\/10\/2023 14:41hs.<\/time><time class=\"modificatedDate\" datetime=\"2023-10-12T14:41:17-03:00\"><\/time><\/p>\n<div id=\"storyBody\">\n<div class=\"custom-text \" readability=\"35\">\n<p>A d\u00edas de la gran final de la Copa Libertadores, <strong>Fluminense <\/strong>-que enfrentar\u00e1 a <strong>Boca <\/strong>en condici\u00f3n de local- <strong>fue sancionado por la Conmebol <\/strong>por el mal estado en el que se encuentra el <strong>Estadio Maracan\u00e1<\/strong>. <\/p>\n<\/div>\n<div class=\"custom-text \" readability=\"35\">\n<p>En esta oportunidad, el club fue multado por la Unidad Disciplinaria y <strong>tendr\u00e1 que pagar 15 mil d\u00f3lares<\/strong>. El mal estado de la cancha estar\u00eda vinculado con una serie de <strong>eventos <\/strong>que tuvieron lugar all\u00ed durante los \u00faltimos d\u00edas.<\/p>\n<\/div>\n<div class=\"custom-text \" readability=\"43\">\n<p>Seg\u00fan expuso el diario Ge Globo, el deterioro es importante. \u00ab<strong>Hay butacas sucias, rotas, inodoros rotos, pisos pelados, se\u00f1ales de ingreso al estadio rotas, bebederos sin servicio, cables de alta tensi\u00f3n sueltos en los pasillos y acumulaci\u00f3n de heces de gatos en el \u00e1rea del ascensor central<\/strong>\u00ab, asegur\u00f3.<\/p>\n<\/div>\n<div class=\"sc-e7b891c4-0 jPbnQF\"><img alt=\"Fotos: Raphael Zarko y Davi Barros, diario Ge Globo.\" src=\"http:\/\/hoycordobaweb.com\/wp-content\/uploads\/2023\/10\/fluminense-fue-multado-por-la-conmebol-a-dias-de-la-final-contra-boca-2.jpg\" width=\"720\" height=\"100\" decoding=\"async\" data-nimg=\"future\" loading=\"lazy\"><span class=\"epigraphe\">Fotos: Raphael Zarko y Davi Barros, diario Ge Globo.<\/span><\/div>\n<p><h2>\u00bfC\u00f3mo llega Fluminense a la final de la Libertadores?<\/h2>\n<\/p>\n<div class=\"custom-text \" readability=\"41\">\n<p>Con 26 fechas disputadas hasta el momento, <strong>Fluminense <\/strong>est\u00e1 <strong>s\u00e9ptimo <\/strong>en la tabla de posiciones de Brasileirao con 41 puntos en su haber. En lo que va del campeonato, los dirigidos por <strong>Fernando Diniz<\/strong> ganaron <strong>12 <\/strong>partidos,<strong> <\/strong>empataron <strong>cinco<\/strong> y perdieron los <strong>nueve <\/strong>restantes. De mantenerse en esta situaci\u00f3n, estar\u00edan clasificados a la pr\u00f3xima <strong>Copa Sudamericana<\/strong>. No obstante, si logran escalar de puesto o ganan la <strong>Libertadores<\/strong>, tendr\u00e1n un boleto asegurado para entrar en la m\u00e1xima competencia sudamericana el pr\u00f3ximo a\u00f1o.<\/p>\n<\/div>\n<div class=\"custom-text \" readability=\"37\">\n<p>En la previa a la final, el elenco brasile\u00f1o tendr\u00e1 que medirse ante <strong>Corinthians<\/strong>, <strong>Bragantino<\/strong>, <strong>Goi\u00e1s<\/strong>,<strong> Atl\u00e9tico Mineiro<\/strong> y<strong> Bah\u00eda<\/strong>.<\/p>\n<\/div>\n<p><h2>\u00bfC\u00f3mo llega Boca a la final de la Libertadores?<\/h2>\n<\/p>\n<div class=\"custom-text \" readability=\"43\">\n<p><strong>Boca <\/strong>est\u00e1 en el puesto 11 de la tabla de posiciones del Grupo B de la Copa de la Liga con siete puntos en su haber. Hasta el momento, los dirigidos por <strong>Jorge Almir\u00f3n<\/strong> ganaron dos encuentros, perdieron cinco y empataron uno. Con este panorama en puerta, sus futuros rivales en el \u00e1mbito local ser\u00e1n: <strong>Uni\u00f3n<\/strong>, <strong>Racing<\/strong>, <strong>Estudiantes<\/strong>, <strong>San Lorenzo<\/strong>, <strong>Newell&#8217;s <\/strong>y <strong>Godoy Cruz<\/strong>. En simult\u00e1neo, disputar\u00e1 los cuartos de final de la <strong>Copa Argentina<\/strong> ante <strong>Talleres <\/strong>el pr\u00f3ximo domingo 15 de octubre a las 21.10 horas.<\/p>\n<\/div>\n<div class=\"custom-text \" readability=\"38\">\n<p>Aunque en el campeonato local no pudo dar la talla todav\u00eda, en la Copa Libertadores pas\u00f3 todas las series de octavos hasta semis por penales. Por lo tanto, con <strong>Chiquito Romero<\/strong> como figura, el Xeneize llega con espalda a la final, donde se medir\u00e1 ante <strong>Fluminense<\/strong>.<\/p>\n<\/div>\n<p><h2>Horario confirmado para la final entre Fluminense y Boca en el Maracan\u00e1<\/h2>\n<\/p>\n<div class=\"custom-text \" readability=\"35\">\n<p>La Conmebol oficializ\u00f3 que, la final entre <strong>Fluminense <\/strong>y <strong>Boca<\/strong>, se disputar\u00e1 el pr\u00f3ximo 4 de noviembre a partir de las <strong>17 horas<\/strong>. <\/p>\n<\/div>\n<\/div>\n","protected":false},"excerpt":{"rendered":"<p>12\/10\/2023 14:41hs. A d\u00edas de la gran final de la Copa Libertadores, Fluminense -que enfrentar\u00e1 a Boca en condici\u00f3n de local- fue sancionado por la Conmebol por el mal estado en el que se encuentra el Estadio Maracan\u00e1. En esta oportunidad, el club fue multado por la Unidad Disciplinaria y tendr\u00e1 que pagar 15 mil [&hellip;]<\/p>\n","protected":false},"author":1,"featured_media":68030,"comment_status":"open","ping_status":"closed","sticky":false,"template":"","format":"standard","meta":[],"categories":[16],"tags":[],"_links":{"self":[{"href":"http:\/\/hoycordobaweb.com\/index.php\/wp-json\/wp\/v2\/posts\/68029"}],"collection":[{"href":"http:\/\/hoycordobaweb.com\/index.php\/wp-json\/wp\/v2\/posts"}],"about":[{"href":"http:\/\/hoycordobaweb.com\/index.php\/wp-json\/wp\/v2\/types\/post"}],"author":[{"embeddable":true,"href":"http:\/\/hoycordobaweb.com\/index.php\/wp-json\/wp\/v2\/users\/1"}],"replies":[{"embeddable":true,"href":"http:\/\/hoycordobaweb.com\/index.php\/wp-json\/wp\/v2\/comments?post=68029"}],"version-history":[{"count":0,"href":"http:\/\/hoycordobaweb.com\/index.php\/wp-json\/wp\/v2\/posts\/68029\/revisions"}],"wp:featuredmedia":[{"embeddable":true,"href":"http:\/\/hoycordobaweb.com\/index.php\/wp-json\/wp\/v2\/media\/68030"}],"wp:attachment":[{"href":"http:\/\/hoycordobaweb.com\/index.php\/wp-json\/wp\/v2\/media?parent=68029"}],"wp:term":[{"taxonomy":"category","embeddable":true,"href":"http:\/\/hoycordobaweb.com\/index.php\/wp-json\/wp\/v2\/categories?post=68029"},{"taxonomy":"post_tag","embeddable":true,"href":"http:\/\/hoycordobaweb.com\/index.php\/wp-json\/wp\/v2\/tags?post=68029"}],"curies":[{"name":"wp","href":"https:\/\/api.w.org\/{rel}","templated":true}]}}