{"id":67985,"date":"2023-10-11T11:51:24","date_gmt":"2023-10-11T11:51:24","guid":{"rendered":"https:\/\/www.mujerhoy.com\/moda\/no-te-pierdas\/vaqueros-virales-special-prices-zara-20231011135045-nt.html"},"modified":"2023-10-11T11:51:24","modified_gmt":"2023-10-11T11:51:24","slug":"los-vaqueros-que-zara-ha-puesto-a-12-euros-y-han-arrasado-en-ventas","status":"publish","type":"post","link":"http:\/\/hoycordobaweb.com\/index.php\/2023\/10\/11\/los-vaqueros-que-zara-ha-puesto-a-12-euros-y-han-arrasado-en-ventas\/","title":{"rendered":"Los vaqueros que Zara ha puesto a 12 euros y han arrasado en ventas"},"content":{"rendered":"<p><!-- AUTHOR --><\/p>\n<div class=\"voc-author-timesocial \"><!-- AUTHOR --><\/p>\n<div class=\"voc-author-timesocial__signature\"><!-- IMAGE AUTHOR --><picture class=\"voc-image-signature\"><img class=\"voc-image-signature__img\" src=\"http:\/\/hoycordobaweb.com\/wp-content\/uploads\/2023\/10\/los-vaqueros-que-zara-ha-puesto-a-12-euros-y-han-arrasado-en-ventas.jpg\" alt=\"Carla Dom\u00ednguez\"><\/picture><!-- INFO AUTHOR --><\/div>\n<\/div>\n<p><!-- COMPONENTS --><\/p>\n<p class=\"voc-paragraph\">\u00daltimamente no paramos de buscar que salgan un poco de lo convencional. Est\u00e1 bien, pero no hace falta ir disfrazada todo el d\u00eda o con piezas que realmente no nos favorecen. Por eso, es normal que cuando <a data-voc-vtm-id=\"in-text-traffic\" href=\"https:\/\/www.mujerhoy.com\/moda\/no-te-pierdas\/nuevo-zara-vestidos-baratos-basicos-otono-octubre-2023-20231003003105-nt.html\">Zara<\/a> lanza un <strong>vaquero cl\u00e1sico que estiliza<\/strong> y adem\u00e1s es barata, se agote en poco tiempo.\n<\/p>\n<p class=\"voc-paragraph\">Es lo que le ha pasado a la firma Inditex cuando ha puesto a la venta un vaquero rebajado a casi la mitad de precio. \u00bfEl \u00e9xito? Es un vaquero de toda la vida que sienta de maravilla y que <strong>est\u00e1 disponible en tallas desde la 32 hasta la 46.<\/strong><\/p>\n<p class=\"voc-paragraph\">Es cierto, que cuando vemos un vaquero muy sencillo no le prestamos la atenci\u00f3n que se merece. Estamos \u00faltimamente muy centradas en buscar el dise\u00f1o m\u00e1s original o llevar a todas partes la tendencia del momento. Ocurre un poco con <a data-voc-vtm-id=\"in-text-traffic\" href=\"https:\/\/www.mujerhoy.com\/moda\/no-te-pierdas\/pantalones-metalizados-tendencia-superventas-influencers-zara-20230212130926-nt.html\">los pantalones metalizados<\/a>.\n<\/p>\n<p class=\"voc-paragraph\">Este tipo de pantalones se han convertido en uno de los m\u00e1s deseados de la temporada. Desde junio ya los hab\u00edamos visto con algunos looks de noche, pero ahora no paramos de verlos en las calles, incluso con estilismos del d\u00eda a d\u00eda y combinados con zapatillas deportivas.\n<\/p>\n<p class=\"voc-paragraph\">Est\u00e1 claro que son <strong>los pantalones en denim m\u00e1s buscados.<\/strong> O eso pens\u00e1bamos hasta que encontramos en Zara un vaquero que no paraba de venderse y no era metalizado, sino b\u00e1sico y m\u00e1s sencillo de lo que piensas. Sin embargo, es todo un \u00e9xito de ventas.\n<\/p>\n<p class=\"voc-paragraph\">Nos referimos a un vaquero que <strong>ha rebajado Zara a 12,99 euros<\/strong> y est\u00e1 causando mucho furor entre las adictas a Inditex. Es un vaquero en el azul cl\u00e1sico que ha puesto Zara entre sus novedades de <i>Special Prices<\/i> y no para de agotarse en algunas prendas.\n<\/p>\n<p class=\"voc-paragraph\">Por lo que hemos visto, ya quedan muy pocas unidades de estos vaqueros. \u00bfPero qu\u00e9 tienen de especial? La realidad es que pens\u00e1bamos que nada, o menos. Pero es cierto que cuenta con detalles que lo convierten en el vaquero perfecto y eso no es tarea f\u00e1cil.\n<\/p>\n<p class=\"voc-paragraph\">Se trata de <strong>un vaquero de tiro medio<\/strong>. No, no te asustes porque aunque no sea el cl\u00e1sico tiro alto; recoge bastante bien la zona de la barriga. Es un vaquero de cinco bolsillos con efecto lavado y muy parecidos a los cl\u00e1sicos 501 de la firma Levis.\n<\/p>\n<div class=\"voc-detail-photo-zoom\"><picture data-toggle=\"modal\" data-target=\"#photoZoomModal-720\" target=\"modal\">\n<div class=\"voc-img-icon-link\"><img loading=\"lazy\" data-original=\"\/\/static1.mujerhoy.com\/www\/multimedia\/202310\/09\/media\/cortadas\/vaqueros-special-prices-zara-kYZC--460x637@MujerHoy.jpg\" class=\"lazy adsviu_analyse\" alt=\"Los vaqueros de Zara de tiro medio con bajo acompanado m\u00e1s vendidos. Foto: Zara.\"><noscript><img src=\"http:\/\/hoycordobaweb.com\/wp-content\/uploads\/2023\/10\/los-vaqueros-que-zara-ha-puesto-a-12-euros-y-han-arrasado-en-ventas.webp\" alt=\"Los vaqueros de Zara de tiro medio con bajo acompanado m\u00e1s vendidos. Foto: Zara.\"><\/noscript><i class=\"voc-icons zoom voc-multimedia-box voc-ico-l\"><\/i><\/div><figcaption class=\"figure-caption\">Los vaqueros de Zara de tiro medio con bajo acompanado m\u00e1s vendidos. Foto: Zara.<\/figcaption><\/picture><\/div>\n<div id=\"photoZoomModal-720\" class=\"voc-lightbox modal fade voc-lightbox--photo-zoom\" role=\"dialog\" data-voc-photozoom-lightbox>\n<div class=\"voc-lightbox__dialog\" role=\"document\">\n<div class=\"voc-lightbox__content\"><!-- Modal header --><!-- Modal content --><\/p>\n<div class=\"voc-lightbox__photo-container\"><picture class><img loading=\"lazy\" data-original=\"\/\/static1.mujerhoy.com\/www\/multimedia\/202310\/09\/media\/cortadas\/vaqueros-special-prices-zara-kYZC--460x637@MujerHoy.jpg\" alt=\"Los vaqueros de Zara de tiro medio con bajo acompanado m\u00e1s vendidos. Foto: Zara.\" class=\"lazy\"><noscript><img src=\"http:\/\/hoycordobaweb.com\/wp-content\/uploads\/2023\/10\/los-vaqueros-que-zara-ha-puesto-a-12-euros-y-han-arrasado-en-ventas.webp\" alt=\"Los vaqueros de Zara de tiro medio con bajo acompanado m\u00e1s vendidos. Foto: Zara.\"><\/noscript><\/picture><\/div>\n<\/div>\n<\/div>\n<\/div>\n<p class=\"voc-paragraph\">Otro detalle importante es que es ce\u00f1ido a lo largo de todo el pantal\u00f3n exceptuando la parte baja que cuenta con un dise\u00f1o acampanado. Esto hace que nos quede perfecto en la parte superior y le da un poco de fluidez en el bajo para no terminar siendo un pitillo.\n<\/p>\n<p><!-- TOPICS --><\/p>\n","protected":false},"excerpt":{"rendered":"<p>\u00daltimamente no paramos de buscar que salgan un poco de lo convencional. Est\u00e1 bien, pero no hace falta ir disfrazada todo el d\u00eda o con piezas que realmente no nos favorecen. Por eso, es normal que cuando Zara lanza un vaquero cl\u00e1sico que estiliza y adem\u00e1s es barata, se agote en poco tiempo. Es lo [&hellip;]<\/p>\n","protected":false},"author":1,"featured_media":67986,"comment_status":"closed","ping_status":"closed","sticky":false,"template":"","format":"standard","meta":[],"categories":[1],"tags":[],"_links":{"self":[{"href":"http:\/\/hoycordobaweb.com\/index.php\/wp-json\/wp\/v2\/posts\/67985"}],"collection":[{"href":"http:\/\/hoycordobaweb.com\/index.php\/wp-json\/wp\/v2\/posts"}],"about":[{"href":"http:\/\/hoycordobaweb.com\/index.php\/wp-json\/wp\/v2\/types\/post"}],"author":[{"embeddable":true,"href":"http:\/\/hoycordobaweb.com\/index.php\/wp-json\/wp\/v2\/users\/1"}],"replies":[{"embeddable":true,"href":"http:\/\/hoycordobaweb.com\/index.php\/wp-json\/wp\/v2\/comments?post=67985"}],"version-history":[{"count":0,"href":"http:\/\/hoycordobaweb.com\/index.php\/wp-json\/wp\/v2\/posts\/67985\/revisions"}],"wp:featuredmedia":[{"embeddable":true,"href":"http:\/\/hoycordobaweb.com\/index.php\/wp-json\/wp\/v2\/media\/67986"}],"wp:attachment":[{"href":"http:\/\/hoycordobaweb.com\/index.php\/wp-json\/wp\/v2\/media?parent=67985"}],"wp:term":[{"taxonomy":"category","embeddable":true,"href":"http:\/\/hoycordobaweb.com\/index.php\/wp-json\/wp\/v2\/categories?post=67985"},{"taxonomy":"post_tag","embeddable":true,"href":"http:\/\/hoycordobaweb.com\/index.php\/wp-json\/wp\/v2\/tags?post=67985"}],"curies":[{"name":"wp","href":"https:\/\/api.w.org\/{rel}","templated":true}]}}