{"id":67977,"date":"2023-10-11T18:59:41","date_gmt":"2023-10-11T18:59:41","guid":{"rendered":"https:\/\/www.ole.com.ar\/ecuador\/otros-deportes\/michael-morales-protagonizara-pelea-coestelar-ufc-vegas-82-jake-matthews_0_Usjio6IyJP.html"},"modified":"2023-10-11T18:59:41","modified_gmt":"2023-10-11T18:59:41","slug":"michael-morales-protagonizara-la-pelea-coestelar-del-ufc-vegas-82","status":"publish","type":"post","link":"http:\/\/hoycordobaweb.com\/index.php\/2023\/10\/11\/michael-morales-protagonizara-la-pelea-coestelar-del-ufc-vegas-82\/","title":{"rendered":"Michael Morales protagonizar\u00e1 la pelea coestelar del UFC Vegas 82"},"content":{"rendered":"<p><img src=\"http:\/\/hoycordobaweb.com\/wp-content\/uploads\/2023\/10\/michael-morales-protagonizara-la-pelea-coestelar-del-ufc-vegas-82.jpg\"><\/p>\n<p><time class=\"createDate\" datetime=\"2023-10-11T15:59:41-03:00\">11\/10\/2023 15:59hs.<\/time><time class=\"modificatedDate\" datetime=\"2023-10-11T15:59:40-03:00\"><\/time><\/p>\n<div id=\"storyBody\">\n<div class=\"custom-text \" readability=\"33.812154696133\">\n<p>Una nueva pelea de Michael Morales en UFC se dar\u00e1 el 18 de noviembre en el UFC Vegas 82. El peleador ecuatoriano buscar\u00e1 mantener su invicto y alargar sus victorias como profesional a 16. <strong>Esta ser\u00e1 la cuarta pelea del nacido en Pasaje dentro de la empresa estadounidense, la m\u00e1s importante de <a href=\"https:\/\/www.ole.com.ar\/tema\/mma.html\" title=\"mma\" alt=\"mma\" class=\"slug\">artes marciales mixtas<\/a> (MMA por sus siglas en ingl\u00e9s) del mundo.<\/strong><\/p>\n<\/div>\n<div class=\"custom-text \" readability=\"36\">\n<p>Las grandes actuaciones de Morales en sus tres peleas anteriores lo han convertido en uno de los prospectos m\u00e1s interesantes de UFC. Esto se puede ver reflejado en que <strong>su pelea frente Jake Matthews del 18 de noviembre ser\u00e1 la coestelar del UFC Vegas 82<\/strong>, es decir que ser\u00e1 el pen\u00faltimo combate de la noche. Brendan Allen y Paul Craig protagonizar\u00e1n la pelea estelar del evento en la categor\u00eda de peso mediano (185 libras).<\/p>\n<\/div>\n<div class=\"custom-text \" readability=\"42\">\n<p>UFC tiene muy bien considerado al ecuatoriano por haber ganado dos de sus tres peleas en la empresa por nocaut t\u00e9cnico. <strong>Ahora tendr\u00e1 la oportunidad de mostrarse en un combate coestelar, algo muy importante considerando que solo ha tenido tres peleas dentro de UFC<\/strong>. Para comparar, Chito Vera, el otro ecuatoriano en UFC, tuvo 14 peleas antes de protagonizar una coestelar, eso s\u00ed, en un evento de pague por ver, el UFC 252.<\/p>\n<\/div>\n<div class=\"custom-text \" readability=\"37\">\n<p>El combate del ecuatoriano ser\u00e1 en peso w\u00e9lter (170 libras), categor\u00eda en la que el ecuatoriano es uno de los peleadores m\u00e1s prometedores al tener tan solo 23 a\u00f1os y ser muy completo. <strong>El ecuatoriano ha mostrado su fortaleza en el boxeo con dos victorias v\u00eda nocaut t\u00e9cnico en UFC y cuando tuvo que utilizar su lucha, lo hizo de buena manera para evitar derribos de sus rivales.<\/strong><\/p>\n<\/div>\n<div class=\"sc-e7b891c4-0 jPbnQF\"><img alt=\"Michael Morales se enfrentar\u00e1 a Jake Matthews. (@UFC)\" src=\"http:\/\/hoycordobaweb.com\/wp-content\/uploads\/2023\/10\/michael-morales-protagonizara-la-pelea-coestelar-del-ufc-vegas-82-2.jpg\" width=\"720\" height=\"100\" decoding=\"async\" data-nimg=\"future\" loading=\"lazy\"><span class=\"epigraphe\">Michael Morales se enfrentar\u00e1 a Jake Matthews. (@UFC)<\/span><\/div>\n<div class=\"custom-text \" readability=\"39\">\n<p><strong>Matthews cuenta con 25 peleas como profesional, 10 m\u00e1s que Morales, por lo que el factor de la experiencia estar\u00e1 de su lado<\/strong>. Esto es algo que no afecta al orense, ya que derrot\u00f3 a Trevin Giles y Max Griffin, rivales que contaban con mayor n\u00famero de combates en sus carreras en relaci\u00f3n al tricolor. El australiano cuenta con un r\u00e9cord de 19 victorias y 6 derrotas.<\/p>\n<\/div>\n<div class=\"sc-a7166897-0 exHLBh\" readability=\"6\">\n<section readability=\"2\"><picture><img alt=\"La probable formaci\u00f3n de Ecuador para visitar a Bolivia por las Eliminatorias\" src=\"http:\/\/hoycordobaweb.com\/wp-content\/uploads\/2023\/10\/michael-morales-protagonizara-la-pelea-coestelar-del-ufc-vegas-82-3.jpg\" width=\"290\" height=\"290\" decoding=\"async\" data-nimg=\"future\" loading=\"lazy\"><\/picture>\n<p><span>Mir\u00e1 tambi\u00e9n<\/span><\/p>\n<hr>\n<h3>La probable formaci\u00f3n de Ecuador para visitar a Bolivia por las Eliminatorias<\/h3>\n<\/p>\n<\/section>\n<\/div>\n<div class=\"sc-a7166897-0 exHLBh\" readability=\"6\">\n<section readability=\"2\"><picture><img alt=\"Sorpresa de la Turbina Montero por la ausencia de Gonzalo Plata en la Selecci\u00f3n\" src=\"http:\/\/hoycordobaweb.com\/wp-content\/uploads\/2023\/10\/michael-morales-protagonizara-la-pelea-coestelar-del-ufc-vegas-82-4.jpg\" width=\"290\" height=\"290\" decoding=\"async\" data-nimg=\"future\" loading=\"lazy\"><\/picture>\n<p><span>Mir\u00e1 tambi\u00e9n<\/span><\/p>\n<hr>\n<h3>Sorpresa de la Turbina Montero por la ausencia de Gonzalo Plata en la Selecci\u00f3n<\/h3>\n<\/p>\n<\/section>\n<\/div>\n<div class=\"sc-a7166897-0 exHLBh\" readability=\"6\">\n<section readability=\"2\"><picture><img alt=\"F\u00e9lix S\u00e1nchez Bas y la altura de La Paz: &quot;Debemos empezar a sacarnos las excusas&quot;\" src=\"http:\/\/hoycordobaweb.com\/wp-content\/uploads\/2023\/10\/michael-morales-protagonizara-la-pelea-coestelar-del-ufc-vegas-82-5.jpg\" width=\"290\" height=\"290\" decoding=\"async\" data-nimg=\"future\" loading=\"lazy\"><\/picture>\n<p><span>Mir\u00e1 tambi\u00e9n<\/span><\/p>\n<hr>\n<h3>F\u00e9lix S\u00e1nchez Bas y la altura de La Paz: \u00abDebemos empezar a sacarnos las excusas\u00bb<\/h3>\n<\/p>\n<\/section>\n<\/div>\n<div class=\"sc-a7166897-0 exHLBh\" readability=\"6\">\n<section readability=\"2\"><picture><img alt=\"A El Nacional le embargaron el dinero de los derechos de televisi\u00f3n\" src=\"http:\/\/hoycordobaweb.com\/wp-content\/uploads\/2023\/10\/michael-morales-protagonizara-la-pelea-coestelar-del-ufc-vegas-82-6.jpg\" width=\"290\" height=\"290\" decoding=\"async\" data-nimg=\"future\" loading=\"lazy\"><\/picture>\n<p><span>Mir\u00e1 tambi\u00e9n<\/span><\/p>\n<hr>\n<h3>A El Nacional le embargaron el dinero de los derechos de televisi\u00f3n<\/h3>\n<\/p>\n<\/section>\n<\/div>\n<div class=\"sc-a7166897-0 exHLBh\" readability=\"6.5\">\n<section readability=\"3\"><picture><img alt=\"\u00bfCu\u00e1ntas entradas recibir\u00e1 Liga de Quito para la final de la Copa Sudamericana ante Fortaleza?\" src=\"http:\/\/hoycordobaweb.com\/wp-content\/uploads\/2023\/10\/michael-morales-protagonizara-la-pelea-coestelar-del-ufc-vegas-82-7.jpg\" width=\"290\" height=\"290\" decoding=\"async\" data-nimg=\"future\" loading=\"lazy\"><\/picture>\n<p><span>Mir\u00e1 tambi\u00e9n<\/span><\/p>\n<hr>\n<h3>\u00bfCu\u00e1ntas entradas recibir\u00e1 Liga de Quito para la final de la Copa Sudamericana ante Fortaleza?<\/h3>\n<\/p>\n<\/section>\n<\/div>\n<div class=\"sc-a7166897-0 exHLBh\" readability=\"6\">\n<section readability=\"2\"><picture><img alt=\"La historia de c\u00f3mo John Yeboah termin\u00f3 convocado a la Selecci\u00f3n de Ecuador\" src=\"http:\/\/hoycordobaweb.com\/wp-content\/uploads\/2023\/10\/michael-morales-protagonizara-la-pelea-coestelar-del-ufc-vegas-82-8.jpg\" width=\"290\" height=\"290\" decoding=\"async\" data-nimg=\"future\" loading=\"lazy\"><\/picture>\n<p><span>Mir\u00e1 tambi\u00e9n<\/span><\/p>\n<hr>\n<h3>La historia de c\u00f3mo John Yeboah termin\u00f3 convocado a la Selecci\u00f3n de Ecuador<\/h3>\n<\/p>\n<\/section>\n<\/div>\n<div class=\"sc-a7166897-0 exHLBh\" readability=\"6\">\n<section readability=\"2\"><picture><img alt=\"FIFA+ transmitir\u00e1 gratis el partido de La Tri vs Bolivia... salvo en Ecuador \" src=\"http:\/\/hoycordobaweb.com\/wp-content\/uploads\/2023\/10\/michael-morales-protagonizara-la-pelea-coestelar-del-ufc-vegas-82-9.jpg\" width=\"290\" height=\"290\" decoding=\"async\" data-nimg=\"future\" loading=\"lazy\"><\/picture>\n<p><span>Mir\u00e1 tambi\u00e9n<\/span><\/p>\n<hr>\n<h3>FIFA+ transmitir\u00e1 gratis el partido de La Tri vs Bolivia&#8230; salvo en Ecuador<br \/>\n<\/h3>\n<\/p>\n<\/section>\n<\/div>\n<\/div>\n","protected":false},"excerpt":{"rendered":"<p>11\/10\/2023 15:59hs. Una nueva pelea de Michael Morales en UFC se dar\u00e1 el 18 de noviembre en el UFC Vegas 82. El peleador ecuatoriano buscar\u00e1 mantener su invicto y alargar sus victorias como profesional a 16. Esta ser\u00e1 la cuarta pelea del nacido en Pasaje dentro de la empresa estadounidense, la m\u00e1s importante de artes [&hellip;]<\/p>\n","protected":false},"author":1,"featured_media":67978,"comment_status":"open","ping_status":"closed","sticky":false,"template":"","format":"standard","meta":[],"categories":[16],"tags":[],"_links":{"self":[{"href":"http:\/\/hoycordobaweb.com\/index.php\/wp-json\/wp\/v2\/posts\/67977"}],"collection":[{"href":"http:\/\/hoycordobaweb.com\/index.php\/wp-json\/wp\/v2\/posts"}],"about":[{"href":"http:\/\/hoycordobaweb.com\/index.php\/wp-json\/wp\/v2\/types\/post"}],"author":[{"embeddable":true,"href":"http:\/\/hoycordobaweb.com\/index.php\/wp-json\/wp\/v2\/users\/1"}],"replies":[{"embeddable":true,"href":"http:\/\/hoycordobaweb.com\/index.php\/wp-json\/wp\/v2\/comments?post=67977"}],"version-history":[{"count":0,"href":"http:\/\/hoycordobaweb.com\/index.php\/wp-json\/wp\/v2\/posts\/67977\/revisions"}],"wp:featuredmedia":[{"embeddable":true,"href":"http:\/\/hoycordobaweb.com\/index.php\/wp-json\/wp\/v2\/media\/67978"}],"wp:attachment":[{"href":"http:\/\/hoycordobaweb.com\/index.php\/wp-json\/wp\/v2\/media?parent=67977"}],"wp:term":[{"taxonomy":"category","embeddable":true,"href":"http:\/\/hoycordobaweb.com\/index.php\/wp-json\/wp\/v2\/categories?post=67977"},{"taxonomy":"post_tag","embeddable":true,"href":"http:\/\/hoycordobaweb.com\/index.php\/wp-json\/wp\/v2\/tags?post=67977"}],"curies":[{"name":"wp","href":"https:\/\/api.w.org\/{rel}","templated":true}]}}