{"id":6797,"date":"2020-12-05T05:53:45","date_gmt":"2020-12-05T05:53:45","guid":{"rendered":"http:\/\/manoamanocba.com.ar\/?p=4280"},"modified":"2020-12-05T05:53:45","modified_gmt":"2020-12-05T05:53:45","slug":"debate-por-el-aborto-legal-en-argentina","status":"publish","type":"post","link":"http:\/\/hoycordobaweb.com\/index.php\/2020\/12\/05\/debate-por-el-aborto-legal-en-argentina\/","title":{"rendered":"Debate por el aborto legal en Argentina"},"content":{"rendered":"<div><img src=\"http:\/\/hoycordobaweb.com\/wp-content\/uploads\/2020\/12\/debate-por-el-aborto-legal-en-argentina.jpg\" class=\"ff-og-image-inserted\"><\/div>\n<p>Alberto Fern\u00e1ndez anunci\u00f3 este martes el env\u00edo al Congreso de un proyecto propio de ley de \u201cRegulaci\u00f3n del Acceso a la interrupci\u00f3n voluntaria del embarazo y a la atenci\u00f3n postaborto\u201d. Se inscribe as\u00ed como el primer mandatario de la historia argentina en proponer el tratamiento de un proyecto que retoma una gran demanda de los movimientos feministas: ampliar derechos para que todas las personas gestantes puedan decidir de manera aut\u00f3noma sobre sus cuerpos.<\/p>\n<p>Por su parte, un plenario de comisiones de la C\u00e1mara baja emitir\u00e1 el pr\u00f3ximo mi\u00e9rcoles dictamen sobre el proyecto de <strong>Interrupci\u00f3n Voluntaria del Embarazo<\/strong> (IVE), luego del debate de este viernes, \u00faltima jornada de las reuniones informativas en las que expusieron 70 oradores, a favor y en contra de la iniciativa enviada al Congreso por el Poder Ejecutivo.<\/p>\n<p>As\u00ed, tras la reuni\u00f3n por teleconferencia que mantuvo el plenario de comisiones de diputados, la del mi\u00e9rcoles se realizar\u00e1 en forma presencial, as\u00ed como tambi\u00e9n las previstas para el jueves y viernes, que se prev\u00e9 se extender\u00e1n al menos por 20 horas.<\/p>\n<p>Junto con el proyecto de legalizaci\u00f3n del aborto se tratar\u00e1 el <strong>Programa de los 1000 d\u00edas<\/strong>, tambi\u00e9n iniciativa del Poder Ejecutivo, que busca proteger a las mujeres embarazadas y a los ni\u00f1os hasta los primeros a\u00f1os de la infancia.<\/p>\n<p><strong>La jornada de este viernes<\/strong><\/p>\n<p>Con la reuni\u00f3n de comisiones realizada, culmin\u00f3 la primera etapa de la discusi\u00f3n del proyecto de Interrupci\u00f3n Voluntaria del Embarazo hasta la semana 14, que comenz\u00f3 el \u00faltimo martes con las exposiciones de los ministros de Salud Gines Gonz\u00e1lez Garcia, de Mujeres, G\u00e9neros, y Diversidad, Elizabeth G\u00f3mez Alcorta, y la secretaria Legal y T\u00e9cnica Vilma Ibarra.<\/p>\n<p>A lo largo de las cuatro jornadas, el plenario estuvo conducido por los presidentes de las comisiones de Legislaci\u00f3n General Cecilia Moreau, de Legislaci\u00f3n Penal Carolina Gaillard, de Mujer y Diversidades M\u00f3nica Macha, y de Acci\u00f3n Social y Salud Pablo Yedlin.<\/p>\n<p><strong>Una lucha por d\u00e9cadas<\/strong><\/p>\n<p>En Argentina, la <strong>interrupci\u00f3n del embarazo es legal bajo el sistema de causales<\/strong>. Esto significa que desde 1921 las mujeres y personas gestantes tienen derecho a dar t\u00e9rmino a sus embarazos si representa un riesgo para su vida o para la salud, o si es producto de una violaci\u00f3n.<\/p>\n<p>La lucha de grupos feministas y del movimiento de mujeres por el derecho a decidir voluntariamente el curso de sus vidas instal\u00f3 en la agenda social y pol\u00edtica el debate del aborto y de las consecuencias del actual status legal.<\/p>\n<p>En 2018, luego de movilizaciones multitudinarias de punta a punta del pa\u00eds a favor de la autonom\u00eda y la ciudadan\u00eda plena de las mujeres, el gobierno de Mauricio Macri autoriz\u00f3 el tratamiento de la legalizaci\u00f3n del aborto en el Parlamento.<\/p>\n<p>Con la aprobaci\u00f3n en Diputados, el proyecto de Ley de Interrupci\u00f3n Voluntaria del Embarazo hasta la semana 14 de la Campa\u00f1a Nacional pas\u00f3 a la C\u00e1mara Alta, y en la madrugada del 9 de agosto de 2018 fue rechazado por el Senado con 38 votos negativos y 31 a favor.<\/p>\n","protected":false},"excerpt":{"rendered":"<p>Alberto Fern\u00e1ndez anunci\u00f3 este martes el env\u00edo al Congreso de un proyecto propio de ley de \u201cRegulaci\u00f3n del Acceso a la interrupci\u00f3n voluntaria del embarazo y a la atenci\u00f3n postaborto\u201d. Se inscribe as\u00ed como el primer mandatario de la historia argentina en proponer el tratamiento de un proyecto que retoma una gran demanda de los [&hellip;]<\/p>\n","protected":false},"author":1,"featured_media":6798,"comment_status":"closed","ping_status":"closed","sticky":false,"template":"","format":"standard","meta":[],"categories":[19],"tags":[],"_links":{"self":[{"href":"http:\/\/hoycordobaweb.com\/index.php\/wp-json\/wp\/v2\/posts\/6797"}],"collection":[{"href":"http:\/\/hoycordobaweb.com\/index.php\/wp-json\/wp\/v2\/posts"}],"about":[{"href":"http:\/\/hoycordobaweb.com\/index.php\/wp-json\/wp\/v2\/types\/post"}],"author":[{"embeddable":true,"href":"http:\/\/hoycordobaweb.com\/index.php\/wp-json\/wp\/v2\/users\/1"}],"replies":[{"embeddable":true,"href":"http:\/\/hoycordobaweb.com\/index.php\/wp-json\/wp\/v2\/comments?post=6797"}],"version-history":[{"count":0,"href":"http:\/\/hoycordobaweb.com\/index.php\/wp-json\/wp\/v2\/posts\/6797\/revisions"}],"wp:featuredmedia":[{"embeddable":true,"href":"http:\/\/hoycordobaweb.com\/index.php\/wp-json\/wp\/v2\/media\/6798"}],"wp:attachment":[{"href":"http:\/\/hoycordobaweb.com\/index.php\/wp-json\/wp\/v2\/media?parent=6797"}],"wp:term":[{"taxonomy":"category","embeddable":true,"href":"http:\/\/hoycordobaweb.com\/index.php\/wp-json\/wp\/v2\/categories?post=6797"},{"taxonomy":"post_tag","embeddable":true,"href":"http:\/\/hoycordobaweb.com\/index.php\/wp-json\/wp\/v2\/tags?post=6797"}],"curies":[{"name":"wp","href":"https:\/\/api.w.org\/{rel}","templated":true}]}}