{"id":67884,"date":"2023-10-09T12:12:51","date_gmt":"2023-10-09T12:12:51","guid":{"rendered":"https:\/\/www.mujerhoy.com\/moda\/no-te-pierdas\/isabel-diaz-ayuso-look-comodo-camisa-vaquera-zapatillas-converse-20231009124035-nt.html"},"modified":"2023-10-09T12:12:51","modified_gmt":"2023-10-09T12:12:51","slug":"el-look-comodo-de-isabel-diaz-ayuso-con-camisa-vaquera-y-zapatillas-converse-que-ha-causado-furor","status":"publish","type":"post","link":"http:\/\/hoycordobaweb.com\/index.php\/2023\/10\/09\/el-look-comodo-de-isabel-diaz-ayuso-con-camisa-vaquera-y-zapatillas-converse-que-ha-causado-furor\/","title":{"rendered":"El look c\u00f3modo de Isabel D\u00edaz Ayuso con camisa vaquera y zapatillas Converse que ha causado furor"},"content":{"rendered":"<p><!-- AUTHOR --><\/p>\n<div class=\"voc-author-timesocial \"><!-- AUTHOR --><\/p>\n<div class=\"voc-author-timesocial__signature\"><!-- IMAGE AUTHOR --><picture class=\"voc-image-signature\"><img class=\"voc-image-signature__img\" src=\"http:\/\/hoycordobaweb.com\/wp-content\/uploads\/2023\/10\/el-look-comodo-de-isabel-diaz-ayuso-con-camisa-vaquera-y-zapatillas-converse-que-ha-causado-furor.jpg\" alt=\"Raquel Rodr\u00edguez\"><\/picture><!-- INFO AUTHOR --><\/div>\n<\/div>\n<p><!-- COMPONENTS --><\/p>\n<p class=\"voc-paragraph\"><strong>Isabel D\u00edaz Ayuso<\/strong> no se ha perdido la <strong>manifestaci\u00f3n contra la amnist\u00eda<\/strong> celebrada ayer en Barcelona. Y para la cita, lejos de recurrir a su versi\u00f3n elegante -como la que luci\u00f3 con<br \/>\n<a data-voc-vtm-id=\"in-text-traffic\" href=\"https:\/\/www.mujerhoy.com\/moda\/no-te-pierdas\/isabel-diaz-ayuso-mono-azul-efecto-estilizador-look-barato-rebajas-20230919090251-nt.html\" title=\"www.mujerhoy.com\"> este mono estilizador<\/a>-, ha optado por un look c\u00f3modo que vas a querer copiar en cuanto veas.\n<\/p>\n<p class=\"voc-paragraph\">Y es que, la presidenta de la Comunidad de Madrid se ha decatando por una de las prendas favoritas del momento para ir <strong>c\u00f3moda y estilosa<\/strong>: la <a data-voc-vtm-id=\"in-text-traffic\" href=\"https:\/\/www.mujerhoy.com\/moda\/no-te-pierdas\/camisas-vaqueras-ponibles-comodas-diario-zara-mango-20230909134345-nt.html\" title=\"www.mujerhoy.com\">camisa vaquera<\/a>. Y la ha combinado con piezas que puedes encontraro, por ejemplo, en <a data-voc-vtm-id=\"in-text-traffic\" href=\"https:\/\/www.mujerhoy.com\/moda\/no-te-pierdas\/nuevo-zara-vestidos-baratos-basicos-otono-octubre-2023-20231003003105-nt.html\" title=\"www.mujerhoy.com\">las novedades de Zara<\/a>.\n<\/p>\n<p class=\"voc-paragraph\">Al ser una manifestaci\u00f3n que requer\u00eda estar bastante tiempo de pie, <a data-voc-vtm-id=\"in-text-traffic\" href=\"https:\/\/www.mujerhoy.com\/temas\/personajes\/isabel-diaz-ayuso.html\" title=\"www.mujerhoy.com\">Isabel D\u00edaz Ayuso<\/a> escogi\u00f3 el calzado m\u00e1s c\u00f3modo que se puede llevar: unas zapatillas. De esta forma, sorprendi\u00f3 con un <strong>estilismo poco habitual en ella <\/strong>que hoy te contamos c\u00f3mo copi\u00e1rselo.\n<\/p>\n<p class=\"voc-paragraph\">Como decimos, la parte protagonista del estilismo es una <strong>blusa vaquera<\/strong>. En concreto, opt\u00f3 por un original modelo de tejido fluido de manga larga y una lazada al cuello que le daba un toque sofisticado a la prenda. \u00bfC\u00f3mo es de ideal?\n<\/p>\n<p class=\"voc-paragraph\">Ayuso la combin\u00f3 con unos <strong>pantalones negros culotte<\/strong>, una de las prendas favoritas de la reina Letizia -s\u00ed, una vez m\u00e1s hemos encontrado similitudes entre ambas- que le sentaban de lujo. Talle alto, pernera ancha y largo hasta el tobillo que dejaba ver su calzado.\n<\/p>\n<div class=\"voc-detail-photo-zoom\"><picture data-toggle=\"modal\" data-target=\"#photoZoomModal-881\" target=\"modal\">\n<div class=\"voc-img-icon-link\"><img loading=\"lazy\" data-original=\"\/\/static1.mujerhoy.com\/www\/multimedia\/202310\/09\/media\/cortadas\/ayuso-look-comodo-zapatillas-kZYG--460x637@MujerHoy.jpg\" class=\"lazy adsviu_analyse\" alt=\"El look de Ayuso con zapatillas Converse. \/ GTRES\"><noscript><img src=\"http:\/\/hoycordobaweb.com\/wp-content\/uploads\/2023\/10\/el-look-comodo-de-isabel-diaz-ayuso-con-camisa-vaquera-y-zapatillas-converse-que-ha-causado-furor.webp\" alt=\"El look de Ayuso con zapatillas Converse. \/ GTRES\"><\/noscript><i class=\"voc-icons zoom voc-multimedia-box voc-ico-l\"><\/i><\/div><figcaption class=\"figure-caption\">El look de Ayuso con zapatillas Converse. \/ GTRES<\/figcaption><\/picture><\/div>\n<div id=\"photoZoomModal-881\" class=\"voc-lightbox modal fade voc-lightbox--photo-zoom\" role=\"dialog\" data-voc-photozoom-lightbox>\n<div class=\"voc-lightbox__dialog\" role=\"document\">\n<div class=\"voc-lightbox__content\"><!-- Modal header --><!-- Modal content --><\/p>\n<div class=\"voc-lightbox__photo-container\"><picture class><img loading=\"lazy\" data-original=\"\/\/static1.mujerhoy.com\/www\/multimedia\/202310\/09\/media\/cortadas\/ayuso-look-comodo-zapatillas-kZYG--460x637@MujerHoy.jpg\" alt=\"El look de Ayuso con zapatillas Converse. \/ GTRES\" class=\"lazy\"><noscript><img src=\"http:\/\/hoycordobaweb.com\/wp-content\/uploads\/2023\/10\/el-look-comodo-de-isabel-diaz-ayuso-con-camisa-vaquera-y-zapatillas-converse-que-ha-causado-furor.webp\" alt=\"El look de Ayuso con zapatillas Converse. \/ GTRES\"><\/noscript><\/picture><\/div>\n<\/div>\n<\/div>\n<\/div>\n<p class=\"voc-paragraph\">Y, \u00bfc\u00f3mo complet\u00f3 el outfit? Con las zapatillas m\u00e1s vistas del momento. Solo hace falta salir a la calle para darse cuenta de que las <strong>zapatillas de plataforma<\/strong> son las m\u00e1s tendencia de la temporada. Y Ayuso, como ha demostrado en varias ocasiones, no pierde la oportunidad de seguir algunas de las modas que m\u00e1s triunfan.\n<\/p>\n<p class=\"voc-paragraph\">\u00bfTe ha gustado? Pues toma nota porque son prendas que puedes encontrar f\u00e1cilmente. De hecho, en la nueva colecci\u00f3n de <strong>Zara <\/strong>hay a la venta una blusa muy similar. De tejido denim, con lazada al cuello que puedes colocar de diferentes maneras y ligeramente m\u00e1s oscura.\n<\/p>\n<div class=\"voc-detail__cmp\" readability=\"6.5\">\n<div class=\"voc-photo-combo-three fw-xs\" readability=\"8\">\n<p class=\"figure-caption\"><span class=\"voc-photo-caption\">La camisa de Zara, las zapatillas de Converse y los pantalones de Mango.<\/span><span class=\"voc-photo-author\"><\/span><\/p>\n<\/div>\n<\/div>\n<p class=\"voc-paragraph\">Est\u00e1 disponible desde la talla XS a la XL, la puedes comprar por 29,95 euros y la puedes combinar con unos pantalones negros que hemos fichado en <strong>Mango<\/strong>. La firma low cost espa\u00f1ola tiene un modelo casi id\u00e9ntico al de Ayuso que tan solo cuestan <strong>29,99 euros<\/strong>.\n<\/p>\n<p class=\"voc-paragraph\">Las zapatillas, por su parte, sabemos que son de <strong>Converse <\/strong>y las puedes comprar en diferentes tiendas de marcas deportivas. Son las Chuck Taylor All Star Platform en color blanco, con suela de plataforma y que cuestan <strong>90 euros<\/strong>. F\u00e1cil, \u00bfverdad?\n<\/p>\n<p><!-- TOPICS --><\/p>\n","protected":false},"excerpt":{"rendered":"<p>Isabel D\u00edaz Ayuso no se ha perdido la manifestaci\u00f3n contra la amnist\u00eda celebrada ayer en Barcelona. Y para la cita, lejos de recurrir a su versi\u00f3n elegante -como la que luci\u00f3 con este mono estilizador-, ha optado por un look c\u00f3modo que vas a querer copiar en cuanto veas. Y es que, la presidenta de [&hellip;]<\/p>\n","protected":false},"author":1,"featured_media":67885,"comment_status":"closed","ping_status":"closed","sticky":false,"template":"","format":"standard","meta":[],"categories":[1],"tags":[],"_links":{"self":[{"href":"http:\/\/hoycordobaweb.com\/index.php\/wp-json\/wp\/v2\/posts\/67884"}],"collection":[{"href":"http:\/\/hoycordobaweb.com\/index.php\/wp-json\/wp\/v2\/posts"}],"about":[{"href":"http:\/\/hoycordobaweb.com\/index.php\/wp-json\/wp\/v2\/types\/post"}],"author":[{"embeddable":true,"href":"http:\/\/hoycordobaweb.com\/index.php\/wp-json\/wp\/v2\/users\/1"}],"replies":[{"embeddable":true,"href":"http:\/\/hoycordobaweb.com\/index.php\/wp-json\/wp\/v2\/comments?post=67884"}],"version-history":[{"count":0,"href":"http:\/\/hoycordobaweb.com\/index.php\/wp-json\/wp\/v2\/posts\/67884\/revisions"}],"wp:featuredmedia":[{"embeddable":true,"href":"http:\/\/hoycordobaweb.com\/index.php\/wp-json\/wp\/v2\/media\/67885"}],"wp:attachment":[{"href":"http:\/\/hoycordobaweb.com\/index.php\/wp-json\/wp\/v2\/media?parent=67884"}],"wp:term":[{"taxonomy":"category","embeddable":true,"href":"http:\/\/hoycordobaweb.com\/index.php\/wp-json\/wp\/v2\/categories?post=67884"},{"taxonomy":"post_tag","embeddable":true,"href":"http:\/\/hoycordobaweb.com\/index.php\/wp-json\/wp\/v2\/tags?post=67884"}],"curies":[{"name":"wp","href":"https:\/\/api.w.org\/{rel}","templated":true}]}}