{"id":67862,"date":"2023-10-09T14:04:00","date_gmt":"2023-10-09T14:04:00","guid":{"rendered":"http:\/\/hoycordobaweb.com\/index.php\/2023\/10\/09\/israel-ordeno-el-corte-inmediato-del-suministro-de-agua-en-la-franja-de-gaza\/"},"modified":"2023-10-09T14:04:00","modified_gmt":"2023-10-09T14:04:00","slug":"israel-ordeno-el-corte-inmediato-del-suministro-de-agua-en-la-franja-de-gaza","status":"publish","type":"post","link":"http:\/\/hoycordobaweb.com\/index.php\/2023\/10\/09\/israel-ordeno-el-corte-inmediato-del-suministro-de-agua-en-la-franja-de-gaza\/","title":{"rendered":"Israel orden\u00f3 \u00abel corte inmediato del suministro de agua\u00bb en la Franja de Gaza"},"content":{"rendered":"<p><img src=\"http:\/\/hoycordobaweb.com\/wp-content\/uploads\/2023\/10\/israel-ordeno-el-corte-inmediato-del-suministro-de-agua-en-la-franja-de-gaza.jpg\"><\/p>\n<figure class=\"mb-3\"><img loading=\"lazy\" data-src=\"http:\/\/hoycordobaweb.com\/wp-content\/uploads\/2023\/10\/israel-ordeno-el-corte-inmediato-del-suministro-de-agua-en-la-franja-de-gaza-2.jpg\" src=\"https:\/\/www.telam.com.ar\/assets\/img\/not_image.png\" class=\" lazy \" width=\"100%\" height=\"100%\" alt=\"Las autoridades de Israel ordenaron el corte inmediato del suministro de agua en la Franja de Gaza Foto Archivo\"><figcaption> Las autoridades de Israel ordenaron el corte \u00abinmediato\u00bb del suministro de agua en la Franja de Gaza \/ Foto: Archivo. <\/figcaption><\/figure>\n<p>Las autoridades de Israel ordenaron este lunes el corte \u00abinmediato\u00bb del suministro de agua en la Franja de Gaza, <strong>en el tercer d\u00eda de enfrentamientos, tras el ataque de Hamas a Israel del s\u00e1bado.<\/strong><\/p>\n<p>El ministro de Energ\u00eda del pa\u00eds hebreo, Israel Katz, orden\u00f3 \u00abel corte inmediato del suministro de agua (desde Israel) a Gaza\u00bb, se\u00f1al\u00f3 su vocero en un comunicado.<\/p>\n<p>El acceso al agua potable <strong>es un derecho humano fundamental amparado por el derecho internacional<\/strong>, seg\u00fan lo confirma desde 2010 la Asamblea General de las Naciones Unidas.<\/p>\n<blockquote class><p>Israel abastece alrededor del 10% del consumo anual de agua a la Franja de Gaza<\/p><\/blockquote>\n<p>La decisi\u00f3n del Gobierno de coalici\u00f3n de Israel, conformado por partidos ultranacionalistas de extrema derecha y jud\u00edos ultraortodoxos, llega tres d\u00edas despu\u00e9s de uno de los ataques m\u00e1s letales del movimiento islamista Hamas, que controla este territorio palestino.<\/p>\n<p>El s\u00e1bado por la ma\u00f1ana, Hamas atac\u00f3 Israel desde Gaza y desestabiliz\u00f3 la seguridad israel\u00ed, <strong>en una operaci\u00f3n sin precedentes, en la que secuestr\u00f3 a unas 100 personas, entre civiles y soldados<\/strong>.<\/p>\n<p>Asimismo, los ataques dejaron, hasta el momento, unos 800 israel\u00edes muertos y 2.150 heridos, seg\u00fan un nuevo balance publicado por el Ministerio de Salud israel\u00ed esta ma\u00f1ana.<\/p>\n<figure class=\"mb-3\"><img loading=\"lazy\" data-src=\"http:\/\/hoycordobaweb.com\/wp-content\/uploads\/2023\/10\/israel-ordeno-el-corte-inmediato-del-suministro-de-agua-en-la-franja-de-gaza-3.jpg\" src=\"https:\/\/www.telam.com.ar\/assets\/img\/not_image.png\" class=\" lazy \" width=\"100%\" height=\"100%\" alt=\"Los ataques dejaron hasta el momento unos 800 israeles muertos y 2150 heridos Foto Archivo\"><figcaption> Los ataques dejaron, hasta el momento, unos 800 israel\u00edes muertos y 2.150 heridos \/ Foto: Archivo. <\/figcaption><\/figure>\n<p><\/p>\n<h2 class>Israel retoma el control<\/h2>\n<p>En respuesta a una ofensiva militar de Hamas en suelo israel\u00ed, <strong>Israel atac\u00f3 por aire cientos de objetivos <\/strong>en la Franja de Gaza.<\/p>\n<p>Los bombardeos israel\u00edes causaron al menos 560 muertos, seg\u00fan el Ministerio de Salud de Gaza, un superpoblado y empobrecido enclave en donde viven 2,3 millones de palestinos.<\/p>\n<p>Esta ma\u00f1ana, <strong>el Ej\u00e9rcito israel\u00ed inform\u00f3 que retom\u00f3 el control de localidades del sur del pa\u00eds atacadas por Hamas <\/strong>cerca de la Franja de Gaza, donde los bombardeos israel\u00edes mataron a cuatro \u00abprisioneros\u00bb en manos del movimiento islamista palestino.<\/p>\n<div class=\"jumbotron pt-4 mt-3\" readability=\"32\">\n<h3 class=\"module-title\">Desplazados <\/h3>\n<p>En medio del conflicto desatado el s\u00e1bado, <strong>m\u00e1s de 123.000 personas se vieron desplazadas en la Franja de Gaza<\/strong>, indic\u00f3 Naciones Unidas.<\/p>\n<p>\u00abLas hostilidades provocaron desplazamientos internos\u00bb en el territorio, indic\u00f3 la Oficina de Coordinaci\u00f3n de Asuntos Humanitarios de la ONU (OCHA), <strong>que habla de \u00abm\u00e1s de 17.500 familias, que representan 123.538 personas\u00bb<\/strong>.<\/p>\n<p>M\u00e1s de 73.000 personas est\u00e1n alojadas en escuelas, <strong>algunas de ellas designadas como refugios de emergencia<\/strong>, precis\u00f3 la OCHA.<\/p>\n<p>\u00abEn esas escuelas hay electricidad,<strong> y les estamos dando comida, agua potable, apoyo psicol\u00f3gica y atenci\u00f3n m\u00e9dica<\/strong>\u00ab, dijo a la agencia de noticias AFP Adnan Abu Hasna, vocero de la agencia de Naciones Unidas para los refugiados palestinos (Unrwa, por sus siglas en ingl\u00e9s).<\/p>\n<\/p><\/div>\n","protected":false},"excerpt":{"rendered":"<p>Las autoridades de Israel ordenaron el corte \u00abinmediato\u00bb del suministro de agua en la Franja de Gaza \/ Foto: Archivo. Las autoridades de Israel ordenaron este lunes el corte \u00abinmediato\u00bb del suministro de agua en la Franja de Gaza, en el tercer d\u00eda de enfrentamientos, tras el ataque de Hamas a Israel del s\u00e1bado. El [&hellip;]<\/p>\n","protected":false},"author":1,"featured_media":67863,"comment_status":"open","ping_status":"closed","sticky":false,"template":"","format":"standard","meta":[],"categories":[24],"tags":[],"_links":{"self":[{"href":"http:\/\/hoycordobaweb.com\/index.php\/wp-json\/wp\/v2\/posts\/67862"}],"collection":[{"href":"http:\/\/hoycordobaweb.com\/index.php\/wp-json\/wp\/v2\/posts"}],"about":[{"href":"http:\/\/hoycordobaweb.com\/index.php\/wp-json\/wp\/v2\/types\/post"}],"author":[{"embeddable":true,"href":"http:\/\/hoycordobaweb.com\/index.php\/wp-json\/wp\/v2\/users\/1"}],"replies":[{"embeddable":true,"href":"http:\/\/hoycordobaweb.com\/index.php\/wp-json\/wp\/v2\/comments?post=67862"}],"version-history":[{"count":0,"href":"http:\/\/hoycordobaweb.com\/index.php\/wp-json\/wp\/v2\/posts\/67862\/revisions"}],"wp:featuredmedia":[{"embeddable":true,"href":"http:\/\/hoycordobaweb.com\/index.php\/wp-json\/wp\/v2\/media\/67863"}],"wp:attachment":[{"href":"http:\/\/hoycordobaweb.com\/index.php\/wp-json\/wp\/v2\/media?parent=67862"}],"wp:term":[{"taxonomy":"category","embeddable":true,"href":"http:\/\/hoycordobaweb.com\/index.php\/wp-json\/wp\/v2\/categories?post=67862"},{"taxonomy":"post_tag","embeddable":true,"href":"http:\/\/hoycordobaweb.com\/index.php\/wp-json\/wp\/v2\/tags?post=67862"}],"curies":[{"name":"wp","href":"https:\/\/api.w.org\/{rel}","templated":true}]}}