{"id":67816,"date":"2023-10-08T14:36:51","date_gmt":"2023-10-08T14:36:51","guid":{"rendered":"https:\/\/ladecimaweb.com\/?p=20585"},"modified":"2023-10-08T14:36:51","modified_gmt":"2023-10-08T14:36:51","slug":"vuelven-a-chocar-en-la-esquina-de-la-falda-y-bogota","status":"publish","type":"post","link":"http:\/\/hoycordobaweb.com\/index.php\/2023\/10\/08\/vuelven-a-chocar-en-la-esquina-de-la-falda-y-bogota\/","title":{"rendered":"Vuelven a chocar en la esquina de La Falda y Bogot\u00e1"},"content":{"rendered":"<div class=\"boldgrid-section\">\n<div class=\"container\">\n<div class=\"row\">\n<div class=\"col-md-12 col-xs-12 col-sm-12\">\n<p class=\"\">Los vecinos de un sector de Villa El Libertador est\u00e1n hartos de los accidentes de tr\u00e1nsito.&nbsp;<\/p>\n<p class=\"\">Se trata del sector de la esquina de La Falda y Bogot\u00e1. All\u00ed, cada tanto se registra un choque entre veh\u00edculos.&nbsp;<\/p>\n<p class=\"\">Esta vez, s\u00e1bado por la noche, sucedi\u00f3 entre un autom\u00f3vil de color bord\u00f3 y un a motocicleta. No sabemos si hubo lesionados.&nbsp;<\/p>\n<p class=\"\"><img loading=\"lazy\" class=\"alignnone wp-image-20588\" src=\"http:\/\/hoycordobaweb.com\/wp-content\/uploads\/2023\/10\/vuelven-a-chocar-en-la-esquina-de-la-falda-y-bogota.jpg\" alt=\"\" width=\"211\" height=\"281\"><\/p>\n<p class=\"\"><span>&#8220;Por favor pedimos que alguien del centro vecinal se llegue y ponga lomas de burro para que bajen la velocidad antes de que alguien pierda la vida&#8221;, reclam\u00f3 una vecina en forma an\u00f3nima.<\/span><\/p>\n<p>Adem\u00e1s de lomadas, los vecinos ven\u00edan reclamando la colocaci\u00f3n de un sem\u00e1foro en el lugar.&nbsp;<\/p>\n<p>Una de las \u00faltimas veces, una camioneta cuatro por cuatro se incrust\u00f3 en la verja de la casa de la esquina, con el riesgo que eso implica para la integridad de los peatones.&nbsp;<\/p>\n<p>Hay que hacer algo.&nbsp;<\/p>\n<p>&nbsp;<\/p>\n<div class=\"ubm_banner\"><a href=\"http:\/\/www.cba.gov.ar\/prevencion-incendios\" target=\"_blank\" rel=\"dofollow noopener noreferrer\"><img src=\"http:\/\/hoycordobaweb.com\/wp-content\/uploads\/2023\/10\/vuelven-a-chocar-en-la-esquina-de-la-falda-y-bogota.gif\" alt=\"\"><\/a><\/div>\n<\/div>\n<\/div>\n<\/div>\n<\/div>\n<p>La entrada <a rel=\"nofollow\" href=\"https:\/\/ladecimaweb.com\/vuelven-a-chocar-en-la-esquina-de-la-falda-y-bogota\/\">Vuelven a chocar en la esquina de La Falda y Bogot\u00e1<\/a> se public\u00f3 primero en <a rel=\"nofollow\" href=\"https:\/\/ladecimaweb.com\">LaDecima<\/a>.<\/p>\n","protected":false},"excerpt":{"rendered":"<p>Los vecinos de un sector de Villa El Libertador est\u00e1n hartos de los accidentes de tr\u00e1nsito.&nbsp; Se trata del sector de la esquina de La Falda y Bogot\u00e1. All\u00ed, cada tanto se registra un choque entre veh\u00edculos.&nbsp; Esta vez, s\u00e1bado por la noche, sucedi\u00f3 entre un autom\u00f3vil de color bord\u00f3 y un a motocicleta. No [&hellip;]<\/p>\n","protected":false},"author":1,"featured_media":67817,"comment_status":"closed","ping_status":"closed","sticky":false,"template":"","format":"standard","meta":[],"categories":[19],"tags":[],"_links":{"self":[{"href":"http:\/\/hoycordobaweb.com\/index.php\/wp-json\/wp\/v2\/posts\/67816"}],"collection":[{"href":"http:\/\/hoycordobaweb.com\/index.php\/wp-json\/wp\/v2\/posts"}],"about":[{"href":"http:\/\/hoycordobaweb.com\/index.php\/wp-json\/wp\/v2\/types\/post"}],"author":[{"embeddable":true,"href":"http:\/\/hoycordobaweb.com\/index.php\/wp-json\/wp\/v2\/users\/1"}],"replies":[{"embeddable":true,"href":"http:\/\/hoycordobaweb.com\/index.php\/wp-json\/wp\/v2\/comments?post=67816"}],"version-history":[{"count":0,"href":"http:\/\/hoycordobaweb.com\/index.php\/wp-json\/wp\/v2\/posts\/67816\/revisions"}],"wp:featuredmedia":[{"embeddable":true,"href":"http:\/\/hoycordobaweb.com\/index.php\/wp-json\/wp\/v2\/media\/67817"}],"wp:attachment":[{"href":"http:\/\/hoycordobaweb.com\/index.php\/wp-json\/wp\/v2\/media?parent=67816"}],"wp:term":[{"taxonomy":"category","embeddable":true,"href":"http:\/\/hoycordobaweb.com\/index.php\/wp-json\/wp\/v2\/categories?post=67816"},{"taxonomy":"post_tag","embeddable":true,"href":"http:\/\/hoycordobaweb.com\/index.php\/wp-json\/wp\/v2\/tags?post=67816"}],"curies":[{"name":"wp","href":"https:\/\/api.w.org\/{rel}","templated":true}]}}