{"id":67789,"date":"2023-10-07T17:32:37","date_gmt":"2023-10-07T17:32:37","guid":{"rendered":"https:\/\/www.trendencias.com\/celebrities\/carinoso-gesto-que-letizia-ortiz-ha-otorgado-todo-protagonismo-a-leonor-durante-jura-bandera"},"modified":"2023-10-07T17:32:37","modified_gmt":"2023-10-07T17:32:37","slug":"el-carinoso-gesto-con-el-que-letizia-ortiz-ha-otorgado-todo-el-protagonismo-a-leonor-durante-la-jura-de-bandera","status":"publish","type":"post","link":"http:\/\/hoycordobaweb.com\/index.php\/2023\/10\/07\/el-carinoso-gesto-con-el-que-letizia-ortiz-ha-otorgado-todo-el-protagonismo-a-leonor-durante-la-jura-de-bandera\/","title":{"rendered":"El cari\u00f1oso gesto con el que Letizia Ortiz ha otorgado todo el protagonismo a Leonor durante la jura de bandera"},"content":{"rendered":"<p>Muy emocionada, con la mirada orgullosa de una madre y con muestras continuas de cari\u00f1o hacia <strong>su hija, Leonor<\/strong>. As\u00ed es c\u00f3mo hemos visto a <strong>la reina Letizia<\/strong> durante <strong>la jura de bandera en la Academia General Militar de Zaragoza<\/strong> protagonizada por <a href=\"https:\/\/www.trendencias.com\/tag\/princesa-leonor\">la princesa de Asturias<\/a> en la ma\u00f1ana de este s\u00e1bado 7 de octubre. Sin embargo, en estas l\u00edneas (y en las de muchas m\u00e1s publicaciones), apenas se hace menci\u00f3n al estilismo de do\u00f1a Letizia.<\/p>\n<p><!-- BREAK 1 --> <\/p>\n<div class=\"article-asset article-asset-normal article-asset-center\">\n<div class=\"desvio-container\">\n<div class=\"desvio\">\n<div class=\"desvio-figure js-desvio-figure\"> <a href=\"https:\/\/www.trendencias.com\/celebrities\/primeras-palabras-princesa-leonor-jura-bandera-que-demuestran-su-humildad\"> <img alt=\"Las primeras palabras de la princesa Leonor tras la jura de bandera y que demuestran su humildad \" src=\"http:\/\/hoycordobaweb.com\/wp-content\/uploads\/2023\/10\/el-carinoso-gesto-con-el-que-letizia-ortiz-ha-otorgado-todo-el-protagonismo-a-leonor-durante-la-jura-de-bandera.jpg\"> <\/a> <\/div><\/div><\/div>\n<\/div>\n<p>Como viene siendo habitual, nada es casual en lo que a los looks de do\u00f1a Letizia se refiere. Siempre apostando por <strong>la moda espa\u00f1ola<\/strong> y con mensajes impl\u00edcitos en sus estilismos, la reina lo ha vuelto a hacer y en esta ocasi\u00f3n ha elegido <strong>un vestido que ya hab\u00eda lucido en otra ocasi\u00f3n para equiparar la menor atenci\u00f3n posible<\/strong> otorg\u00e1ndosela a la aut\u00e9ntica protagonista de la jornada: la dama cadete, Leonor de Borb\u00f3n Ortiz.<\/p>\n<p><!-- BREAK 2 --><\/p>\n<blockquote class=\"tiktok-embed\" cite=\"https:\/\/www.tiktok.com\/@revista_hola\/video\/7287198491359694112\" data-video-id=\"7287198491359694112\" data-embed-from=\"oembed\" readability=\"1.8167701863354\">\n<section readability=\"1.2111801242236\"> <a target=\"_blank\" title=\"@revista_hola\" href=\"https:\/\/www.tiktok.com\/@revista_hola?refer=embed\" rel=\"noopener noreferrer\">@revista_hola<\/a> <\/p>\n<p>La emoci\u00f3n de los Reyes al ver a la <a title=\"princesaleonor\" target=\"_blank\" href=\"https:\/\/www.tiktok.com\/tag\/princesaleonor?refer=embed\" rel=\"noopener noreferrer\">#princesaLeonor<\/a> jurar bandera \ud83c\uddea\ud83c\uddf8 <a title=\"reyfelipe\" target=\"_blank\" href=\"https:\/\/www.tiktok.com\/tag\/reyfelipe?refer=embed\" rel=\"noopener noreferrer\">#reyfelipe<\/a> <a title=\"reinaletizia\" target=\"_blank\" href=\"https:\/\/www.tiktok.com\/tag\/reinaletizia?refer=embed\" rel=\"noopener noreferrer\">#reinaletizia<\/a> <a title=\"realeza\" target=\"_blank\" href=\"https:\/\/www.tiktok.com\/tag\/realeza?refer=embed\" rel=\"noopener noreferrer\">#realeza<\/a> <\/p>\n<p> <a target=\"_blank\" title=\"\u266c sonido original - Revista \u00a1HOLA!\" href=\"https:\/\/www.tiktok.com\/music\/sonido-original-7287198520673635105?refer=embed\" rel=\"noopener noreferrer\">\u266c sonido original &#8211; Revista \u00a1HOLA!<\/a> <\/section>\n<\/blockquote>\n<p>Este vestido de la firma <strong>&amp; Me Unlimited<\/strong> forma parte del fondo de armario de la reina. La primera vez que Letizia luci\u00f3 este vestido azul con estampado de lunares, con cuello redondo, sin mangas, cintura marcada y falda acampanada fue durante el desfile de las Fuerzas Armadas de mayo de 2022, en Huesca.<\/p>\n<p><!-- BREAK 3 --> <\/p>\n<div class=\"article-asset-image article-asset-normal article-asset-center\">\n<div class=\"asset-content\"> <img class=\"centro_sinmarco\" height=\"910\" width=\"1366\" loading=\"lazy\" decoding=\"async\" sizes=\"100vw\" fetchpriority=\"high\" srcset=\"http:\/\/hoycordobaweb.com\/wp-content\/uploads\/2023\/10\/el-carinoso-gesto-con-el-que-letizia-ortiz-ha-otorgado-todo-el-protagonismo-a-leonor-durante-la-jura-de-bandera-1.jpg 450w, http:\/\/hoycordobaweb.com\/wp-content\/uploads\/2023\/10\/el-carinoso-gesto-con-el-que-letizia-ortiz-ha-otorgado-todo-el-protagonismo-a-leonor-durante-la-jura-de-bandera-4.jpg 681w, http:\/\/hoycordobaweb.com\/wp-content\/uploads\/2023\/10\/el-carinoso-gesto-con-el-que-letizia-ortiz-ha-otorgado-todo-el-protagonismo-a-leonor-durante-la-jura-de-bandera-5.jpg 1024w, http:\/\/hoycordobaweb.com\/wp-content\/uploads\/2023\/10\/el-carinoso-gesto-con-el-que-letizia-ortiz-ha-otorgado-todo-el-protagonismo-a-leonor-durante-la-jura-de-bandera-6.jpg 1366w\" src=\"http:\/\/hoycordobaweb.com\/wp-content\/uploads\/2023\/10\/el-carinoso-gesto-con-el-que-letizia-ortiz-ha-otorgado-todo-el-protagonismo-a-leonor-durante-la-jura-de-bandera-1.jpg\" alt=\"Letizia Y Margarita Robles\"> <noscript><img alt=\"Letizia Y Margarita Robles\" class=\"centro_sinmarco\" src=\"http:\/\/hoycordobaweb.com\/wp-content\/uploads\/2023\/10\/el-carinoso-gesto-con-el-que-letizia-ortiz-ha-otorgado-todo-el-protagonismo-a-leonor-durante-la-jura-de-bandera-1.jpg\"><\/noscript> <\/div>\n<\/div>\n<p>Adem\u00e1s, la reina Letizia habr\u00eda aprovechado la ocasi\u00f3n de no estrenar un vestido para hacer hincapi\u00e9 de nuevo en su apuesta por apostar por la <strong>sostenibilidad<\/strong>. Y no solo lo decimos por el hecho de haber repetido modelito, sino porque esta marca cuyo<strong> dise\u00f1o, creaci\u00f3n y producci\u00f3n se da \u00edntegramente en Espa\u00f1a<\/strong> tiene como misi\u00f3n producir prendas de forma \u00e9tica, es decir, a partir de productos reciclados para<strong> minimizar el impacto medioambiental<\/strong> de la industria textil.<\/p>\n<p><!-- BREAK 4 --><\/p>\n<div class=\"article-asset-image article-asset-normal article-asset-center\">\n<div class=\"asset-content\"> <img class=\"centro_sinmarco\" height=\"1413\" width=\"1294\" loading=\"lazy\" decoding=\"async\" sizes=\"100vw\" fetchpriority=\"high\" srcset=\"http:\/\/hoycordobaweb.com\/wp-content\/uploads\/2023\/10\/el-carinoso-gesto-con-el-que-letizia-ortiz-ha-otorgado-todo-el-protagonismo-a-leonor-durante-la-jura-de-bandera-2.jpg 450w, http:\/\/hoycordobaweb.com\/wp-content\/uploads\/2023\/10\/el-carinoso-gesto-con-el-que-letizia-ortiz-ha-otorgado-todo-el-protagonismo-a-leonor-durante-la-jura-de-bandera-7.jpg 681w, http:\/\/hoycordobaweb.com\/wp-content\/uploads\/2023\/10\/el-carinoso-gesto-con-el-que-letizia-ortiz-ha-otorgado-todo-el-protagonismo-a-leonor-durante-la-jura-de-bandera-8.jpg 1024w, http:\/\/hoycordobaweb.com\/wp-content\/uploads\/2023\/10\/el-carinoso-gesto-con-el-que-letizia-ortiz-ha-otorgado-todo-el-protagonismo-a-leonor-durante-la-jura-de-bandera-9.jpg 1366w\" src=\"http:\/\/hoycordobaweb.com\/wp-content\/uploads\/2023\/10\/el-carinoso-gesto-con-el-que-letizia-ortiz-ha-otorgado-todo-el-protagonismo-a-leonor-durante-la-jura-de-bandera-2.jpg\" alt=\"Letizia Y Margarita\"> <noscript><img alt=\"Letizia Y Margarita\" class=\"centro_sinmarco\" src=\"http:\/\/hoycordobaweb.com\/wp-content\/uploads\/2023\/10\/el-carinoso-gesto-con-el-que-letizia-ortiz-ha-otorgado-todo-el-protagonismo-a-leonor-durante-la-jura-de-bandera-2.jpg\"><\/noscript> <\/div>\n<\/div>\n<p>Letizia ha combinado este modelito con <a href=\"https:\/\/www.trendencias.com\/moda-famosas\/reina-letizia-sigue-apostando-marcas-espanolas-jura-bandera-princesa-leonor\">unos zapatos salones b\u00e1sicos de color negro de la marca Massimo Dutti<\/a><strong> y con un bolso de mano de Carolina Herrera<\/strong>, concretamente el modelo Doma Insignia Satchel de piel acabado en color negro. Un inconfundible complemento dada la insignia en relieve y el dise\u00f1o de pasadas y apuntillados en los bordes.<\/p>\n<p><!-- BREAK 5 --><\/p>\n<p>Fotos | GTRES<\/p>\n<p>En Trendencias | <a href=\"https:\/\/www.trendencias.com\/shopping\/fichamos-clon-vestido-reina-letizia-su-visita-a-granada\">Fichamos el clon del vestido de la reina Letizia en su visita a Granada<\/a><\/p>\n<p><!-- BREAK 6 --> <\/p>\n<p>En Trendencias | <a href=\"https:\/\/www.trendencias.com\/belleza\/princesa-leonor-luce-mono-ideal-estiloso-perfecto-para-que-tenemos-pelo-largo\">La princesa Leonor luce el mo\u00f1o bajo m\u00e1s ideal y estiloso, perfecto para las que tenemos el pelo largo<\/a><\/p>\n<p><!-- BREAK 7 --><\/p>\n<p>En Trendencias | <a href=\"https:\/\/www.trendencias.com\/celebrities\/su-propia-moneda-lista-invitados-non-gratos-asi-sera-18-cumpleanos-princesa-leonor\">As\u00ed ser\u00e1 el 18 cumplea\u00f1os de la princesa Leonor: una moneda propia y con Juan Carlos y las Infantas como invitados \u00abinc\u00f3modos\u00bb<\/a><\/p>\n<p><!-- BREAK 8 --> <\/p>\n","protected":false},"excerpt":{"rendered":"<p>Muy emocionada, con la mirada orgullosa de una madre y con muestras continuas de cari\u00f1o hacia su hija, Leonor. As\u00ed es c\u00f3mo hemos visto a la reina Letizia durante la jura de bandera en la Academia General Militar de Zaragoza protagonizada por la princesa de Asturias en la ma\u00f1ana de este s\u00e1bado 7 de octubre. [&hellip;]<\/p>\n","protected":false},"author":1,"featured_media":67790,"comment_status":"closed","ping_status":"closed","sticky":false,"template":"","format":"standard","meta":[],"categories":[1],"tags":[],"_links":{"self":[{"href":"http:\/\/hoycordobaweb.com\/index.php\/wp-json\/wp\/v2\/posts\/67789"}],"collection":[{"href":"http:\/\/hoycordobaweb.com\/index.php\/wp-json\/wp\/v2\/posts"}],"about":[{"href":"http:\/\/hoycordobaweb.com\/index.php\/wp-json\/wp\/v2\/types\/post"}],"author":[{"embeddable":true,"href":"http:\/\/hoycordobaweb.com\/index.php\/wp-json\/wp\/v2\/users\/1"}],"replies":[{"embeddable":true,"href":"http:\/\/hoycordobaweb.com\/index.php\/wp-json\/wp\/v2\/comments?post=67789"}],"version-history":[{"count":0,"href":"http:\/\/hoycordobaweb.com\/index.php\/wp-json\/wp\/v2\/posts\/67789\/revisions"}],"wp:featuredmedia":[{"embeddable":true,"href":"http:\/\/hoycordobaweb.com\/index.php\/wp-json\/wp\/v2\/media\/67790"}],"wp:attachment":[{"href":"http:\/\/hoycordobaweb.com\/index.php\/wp-json\/wp\/v2\/media?parent=67789"}],"wp:term":[{"taxonomy":"category","embeddable":true,"href":"http:\/\/hoycordobaweb.com\/index.php\/wp-json\/wp\/v2\/categories?post=67789"},{"taxonomy":"post_tag","embeddable":true,"href":"http:\/\/hoycordobaweb.com\/index.php\/wp-json\/wp\/v2\/tags?post=67789"}],"curies":[{"name":"wp","href":"https:\/\/api.w.org\/{rel}","templated":true}]}}