{"id":67777,"date":"2023-10-07T15:18:40","date_gmt":"2023-10-07T15:18:40","guid":{"rendered":"https:\/\/www.ole.com.ar\/ecuador\/la-tri\/tri-ecuador-convocados-eliminatorias-bolivia-colombia_0_7ue8Y09L2E.html"},"modified":"2023-10-07T15:18:40","modified_gmt":"2023-10-07T15:18:40","slug":"quien-es-john-yeboah-el-aleman-que-jugara-las-eliminatorias-para-ecuador","status":"publish","type":"post","link":"http:\/\/hoycordobaweb.com\/index.php\/2023\/10\/07\/quien-es-john-yeboah-el-aleman-que-jugara-las-eliminatorias-para-ecuador\/","title":{"rendered":"Qui\u00e9n es John Yeboah, el alem\u00e1n que jugar\u00e1 las Eliminatorias para Ecuador"},"content":{"rendered":"<p><img src=\"http:\/\/hoycordobaweb.com\/wp-content\/uploads\/2023\/10\/quien-es-john-yeboah-el-aleman-que-jugara-las-eliminatorias-para-ecuador.jpg\"><\/p>\n<p><time class=\"createDate\" datetime=\"2023-10-07T12:18:40-03:00\">07\/10\/2023 12:18hs.<\/time><time class=\"modificatedDate\" datetime=\"2023-10-07T12:18:40-03:00\"><\/time><\/p>\n<div id=\"storyBody\">\n<div class=\"custom-text \" readability=\"37\">\n<p>Ecuador inici\u00f3 las Eliminatorias rumbo al Mundial 2026 con derrota como visitante 1-0 ante Argentina y luego venci\u00f3 2-1 a Uruguay en Quito. Sin embargo, el elenco tricolor comenz\u00f3 con menos tres puntos en la tabla debido a la sanci\u00f3n que arrastra por la inclusi\u00f3n de Byron Castillo en el camino a Qatar 2022. Y en b\u00fasqueda de los primeros puntos, <strong>F\u00e9lix S\u00e1nchez Bas sorprendi\u00f3 a m\u00e1s de uno con la convocatoria de John Yeboah.<\/strong><\/p>\n<\/div>\n<div class=\"custom-text \" readability=\"39\">\n<p>Uno de los mayores cuestionamientos hacia el funcionamiento de La Tri es la falta de acompa\u00f1antes consolidados para Enner Valencia en la delantera y Yeboah, jugador que milita en el Rakow Czestochowa de Polonia, en el pasado mes de septiembre pudo tramitar la nacionalidad ecuatoriana. As\u00ed, pese a ser alem\u00e1n de nacimiento, complet\u00f3 los registros para poder disputar el certamen clasificatorio en Sudam\u00e9rica. <\/p>\n<\/div>\n<div class=\"custom-text \" readability=\"39\">\n<p>Se trata de un extremo veloz de 23 a\u00f1os, que entr\u00f3 a las inferiores del Wolfsburgo en 2015 y en febrero de 2018 firm\u00f3 su primer contrato profesional con el club. Nacido en Hamburgo, hace tiempo hab\u00eda tramitado el proceso dadas las ra\u00edces ecuatorianas de su madre. Eso s\u00ed, Ecuador ten\u00eda m\u00e1s competencia dado que era elegible tambi\u00e9n para Ghana, ya que su padre es oriundo del pa\u00eds africano.<\/p>\n<\/div>\n<div class=\"sc-e7b891c4-0 jPbnQF\"><img alt=\"John Yeboah, de Alemania \u00bfa Ecuador?\" src=\"http:\/\/hoycordobaweb.com\/wp-content\/uploads\/2023\/10\/quien-es-john-yeboah-el-aleman-que-jugara-las-eliminatorias-para-ecuador-2.jpg\" width=\"720\" height=\"100\" decoding=\"async\" data-nimg=\"future\" loading=\"lazy\"><span class=\"epigraphe\">John Yeboah, de Alemania \u00bfa Ecuador?<\/span><\/div>\n<div class=\"custom-text \" readability=\"43\">\n<p>Pese a su corta edad, ya tiene un curr\u00edculum interesante: debut\u00f3 profesionalmente en noviembre de 2018 en la derrota 1-0 ante el Borussia Dortmund por la Bundesliga. Luego, pas\u00f3 a pr\u00e9stamo por el Venlo, Almere y el Willem, todos elencos del f\u00fatbol neerland\u00e9s. De 1,70 metros y muy veloz, en junio de 2022 Yeboah se uni\u00f3 al club polaco \u015al\u0105sk Wroc\u0142aw con un contrato de tres a\u00f1os. Sin embargo, pocos meses atr\u00e1s el Rakow -tambi\u00e9n de Polonia- lo compr\u00f3 pag\u00f3 1,5 millones de euros por su ficha.<\/p>\n<\/div>\n<div class=\"sc-e7b891c4-0 jPbnQF\"><img alt=\"John Yeboah, de Alemania \u00bfa Ecuador?\" src=\"http:\/\/hoycordobaweb.com\/wp-content\/uploads\/2023\/10\/quien-es-john-yeboah-el-aleman-que-jugara-las-eliminatorias-para-ecuador-3.jpg\" width=\"720\" height=\"100\" decoding=\"async\" data-nimg=\"future\" loading=\"lazy\"><span class=\"epigraphe\">John Yeboah, de Alemania \u00bfa Ecuador?<\/span><\/div>\n<div class=\"custom-text \" readability=\"37\">\n<p>All\u00ed lleva un gol y dos asistencias en 14 cotejos, de los cuales cinco fueron por la preclasificaci\u00f3n a la Champions League. Reci\u00e9n recuperado de una lesi\u00f3n en el tobillo que le impidi\u00f3 m\u00e1s rodaje por la liga polaca, estuvo en las primeras dos fechas en la Europa League. \u00bfTendr\u00e1 un lugar en La Tri? S\u00e1nchez Bas ya lo llam\u00f3 y ahora intentar\u00e1 defender su lugar.<\/p>\n<\/div>\n<div class=\"sc-e7b891c4-0 jPbnQF\"><img alt=\"John Yeboah goleador en Polonia.\" src=\"http:\/\/hoycordobaweb.com\/wp-content\/uploads\/2023\/10\/quien-es-john-yeboah-el-aleman-que-jugara-las-eliminatorias-para-ecuador-4.jpg\" width=\"720\" height=\"100\" decoding=\"async\" data-nimg=\"future\" loading=\"lazy\"><span class=\"epigraphe\">John Yeboah goleador en Polonia.<\/span><\/div>\n<p><h2>John Yeboah pas\u00f3 por las juveniles de la selecci\u00f3n de Alemania<\/h2>\n<\/p>\n<div class=\"custom-text \" readability=\"39\">\n<p>\u00abEl Consulado del Ecuador da la bienvenida a un nuevo ecuatoriano y futbolista profesional, quien acudi\u00f3 al Consulado a Registrar su nacimiento y solicitar la emisi\u00f3n de su pasaporte biom\u00e9trico. Bienvenido John Yeboah Zamora!\u00bb, escribi\u00f3 el consulado en territorio alem\u00e1n, con el apellido de su madre ecuatoriana presente. Por ella recibi\u00f3 la posibilidad de realizar la gesti\u00f3n y aunque su padre naci\u00f3 en Ghana, sus comienzos deportivos se dieron con los teutones.<\/p>\n<\/div>\n<div class=\"custom-text \" readability=\"37\">\n<p>Desde el 2016 que fue convocado por primera vez y en 2017 fue incluido en el equipo de Alemania que disput\u00f3 el Campeonato Europeo Sub 17 de la UEFA en Croacia (cay\u00f3 en semis con el campe\u00f3n Espa\u00f1a). M\u00e1s tarde ese a\u00f1o, fue convocado para jugar la Copa Mundial de F\u00fatbol Sub 17 de India (out en cuartos, en manos de Brasil).<\/p>\n<\/div>\n<div class=\"sc-a7166897-0 exHLBh\" readability=\"6\">\n<section readability=\"2\"><picture><img alt=\"Con Sornoza y Yeboah: \u00a1los convocados de Ecuador para las Eliminatorias!\" src=\"http:\/\/hoycordobaweb.com\/wp-content\/uploads\/2023\/10\/quien-es-john-yeboah-el-aleman-que-jugara-las-eliminatorias-para-ecuador-5.jpg\" width=\"290\" height=\"290\" decoding=\"async\" data-nimg=\"future\" loading=\"lazy\"><\/picture>\n<p><span>Mir\u00e1 tambi\u00e9n<\/span><\/p>\n<hr>\n<h3>Con Sornoza y Yeboah: \u00a1los convocados de Ecuador para las Eliminatorias!<\/h3>\n<\/p>\n<\/section>\n<\/div>\n<div class=\"sc-a7166897-0 exHLBh\" readability=\"6\">\n<section readability=\"2\"><picture><img alt=\"La postura de Delf\u00edn para so\u00f1ar con la LigaPro: &quot;Partido a partido&quot;\" src=\"http:\/\/hoycordobaweb.com\/wp-content\/uploads\/2023\/10\/quien-es-john-yeboah-el-aleman-que-jugara-las-eliminatorias-para-ecuador-6.jpg\" width=\"290\" height=\"290\" decoding=\"async\" data-nimg=\"future\" loading=\"lazy\"><\/picture>\n<p><span>Mir\u00e1 tambi\u00e9n<\/span><\/p>\n<hr>\n<h3>La postura de Delf\u00edn para so\u00f1ar con la LigaPro: \u00abPartido a partido\u00bb<\/h3>\n<\/p>\n<\/section>\n<\/div>\n<div class=\"sc-a7166897-0 exHLBh\" readability=\"6.5\">\n<section readability=\"3\"><picture><img alt=\"Santiago Morales: de la renovaci\u00f3n de Anselmi al deseo de que Liga gane la Sudamericana\" src=\"http:\/\/hoycordobaweb.com\/wp-content\/uploads\/2023\/10\/quien-es-john-yeboah-el-aleman-que-jugara-las-eliminatorias-para-ecuador-7.jpg\" width=\"290\" height=\"290\" decoding=\"async\" data-nimg=\"future\" loading=\"lazy\"><\/picture>\n<p><span>Mir\u00e1 tambi\u00e9n<\/span><\/p>\n<hr>\n<h3>Santiago Morales: de la renovaci\u00f3n de Anselmi al deseo de que Liga gane la Sudamericana<\/h3>\n<\/p>\n<\/section>\n<\/div>\n<div class=\"sc-a7166897-0 exHLBh\" readability=\"6.5\">\n<section readability=\"3\"><picture><img alt=\"Con el regreso del Polaco, el posible 11 de Barcelona para defender el liderato\" src=\"http:\/\/hoycordobaweb.com\/wp-content\/uploads\/2023\/10\/quien-es-john-yeboah-el-aleman-que-jugara-las-eliminatorias-para-ecuador-8.jpg\" width=\"290\" height=\"290\" decoding=\"async\" data-nimg=\"future\" loading=\"lazy\"><\/picture>\n<p><span>Mir\u00e1 tambi\u00e9n<\/span><\/p>\n<hr>\n<h3>Con el regreso del Polaco, el posible 11 de Barcelona para defender el liderato<\/h3>\n<\/p>\n<\/section>\n<\/div>\n<\/div>\n","protected":false},"excerpt":{"rendered":"<p>07\/10\/2023 12:18hs. Ecuador inici\u00f3 las Eliminatorias rumbo al Mundial 2026 con derrota como visitante 1-0 ante Argentina y luego venci\u00f3 2-1 a Uruguay en Quito. Sin embargo, el elenco tricolor comenz\u00f3 con menos tres puntos en la tabla debido a la sanci\u00f3n que arrastra por la inclusi\u00f3n de Byron Castillo en el camino a Qatar [&hellip;]<\/p>\n","protected":false},"author":1,"featured_media":67778,"comment_status":"open","ping_status":"closed","sticky":false,"template":"","format":"standard","meta":[],"categories":[16],"tags":[],"_links":{"self":[{"href":"http:\/\/hoycordobaweb.com\/index.php\/wp-json\/wp\/v2\/posts\/67777"}],"collection":[{"href":"http:\/\/hoycordobaweb.com\/index.php\/wp-json\/wp\/v2\/posts"}],"about":[{"href":"http:\/\/hoycordobaweb.com\/index.php\/wp-json\/wp\/v2\/types\/post"}],"author":[{"embeddable":true,"href":"http:\/\/hoycordobaweb.com\/index.php\/wp-json\/wp\/v2\/users\/1"}],"replies":[{"embeddable":true,"href":"http:\/\/hoycordobaweb.com\/index.php\/wp-json\/wp\/v2\/comments?post=67777"}],"version-history":[{"count":0,"href":"http:\/\/hoycordobaweb.com\/index.php\/wp-json\/wp\/v2\/posts\/67777\/revisions"}],"wp:featuredmedia":[{"embeddable":true,"href":"http:\/\/hoycordobaweb.com\/index.php\/wp-json\/wp\/v2\/media\/67778"}],"wp:attachment":[{"href":"http:\/\/hoycordobaweb.com\/index.php\/wp-json\/wp\/v2\/media?parent=67777"}],"wp:term":[{"taxonomy":"category","embeddable":true,"href":"http:\/\/hoycordobaweb.com\/index.php\/wp-json\/wp\/v2\/categories?post=67777"},{"taxonomy":"post_tag","embeddable":true,"href":"http:\/\/hoycordobaweb.com\/index.php\/wp-json\/wp\/v2\/tags?post=67777"}],"curies":[{"name":"wp","href":"https:\/\/api.w.org\/{rel}","templated":true}]}}