{"id":67729,"date":"2023-10-06T11:05:39","date_gmt":"2023-10-06T11:05:39","guid":{"rendered":"https:\/\/www.mujerhoy.com\/moda\/no-te-pierdas\/camiseta-rosa-mango-fundacion-fero-cancer-mama-20231006100413-nt.html"},"modified":"2023-10-06T11:05:39","modified_gmt":"2023-10-06T11:05:39","slug":"esta-es-la-camiseta-rosa-de-mango-que-luciras-con-orgullo-y-colaboraras-con-la-lucha-contra-el-cancer-de-mama","status":"publish","type":"post","link":"http:\/\/hoycordobaweb.com\/index.php\/2023\/10\/06\/esta-es-la-camiseta-rosa-de-mango-que-luciras-con-orgullo-y-colaboraras-con-la-lucha-contra-el-cancer-de-mama\/","title":{"rendered":"Esta es la camiseta rosa de Mango que lucir\u00e1s con orgullo y colaborar\u00e1s con la lucha contra el C\u00e1ncer de Mama"},"content":{"rendered":"<p><!-- AUTHOR --><\/p>\n<div class=\"voc-author-timesocial \"><!-- AUTHOR --><\/p>\n<div class=\"voc-author-timesocial__signature\"><!-- IMAGE AUTHOR --><picture class=\"voc-image-signature\"><img class=\"voc-image-signature__img\" src=\"http:\/\/hoycordobaweb.com\/wp-content\/uploads\/2023\/10\/esta-es-la-camiseta-rosa-de-mango-que-luciras-con-orgullo-y-colaboraras-con-la-lucha-contra-el-cancer-de-mama.jpg\" alt=\"Carla Dom\u00ednguez\"><\/picture><!-- INFO AUTHOR --><\/div>\n<\/div>\n<p><!-- COMPONENTS --><\/p>\n<p class=\"voc-paragraph\">Cada octubre, numerosas marcas se suman a la campa\u00f1a de Sensibilizaci\u00f3n sobre el <a data-voc-vtm-id=\"in-text-traffic\" href=\"https:\/\/www.mujerhoy.com\/vivir\/bienestar\/cancer-mama-sarah-ferguson-causas-tratamientos-sintomas-prevencion-20230626140857-nt.html\">C\u00e1ncer de Mama<\/a> y que se junta con el d\u00eda 19 que se celebra de forma internacional la lucha contra esta enfermedad. Entre esas firmas est\u00e1 <strong>Mango<\/strong> que cada a\u00f1o lanza una campa\u00f1a solidaria.\n<\/p>\n<p class=\"voc-paragraph\">Este a\u00f1o, la firma catalana se ha aliado con <strong>la fundaci\u00f3n FERO<\/strong>, una entidad referente en la investigaci\u00f3n oncol\u00f3gica. Ambos han unido fuerzas para luchar de nuevo contra el C\u00e1ncer de Mama un octubre m\u00e1s. Y es que ambos colaboran desde hace seis a\u00f1os.\n<\/p>\n<p class=\"voc-paragraph\">Los <strong>beneficios de la campa\u00f1a ser\u00e1n donados en su totalidad a la fundaci\u00f3n<\/strong>, para la investigaci\u00f3n de esta enfermedad. La colecci\u00f3n de este a\u00f1o est\u00e1 especialmente pensada para mujeres que han sufrido una mastectom\u00eda y est\u00e1 compuesta por dos sujetadores validados por expertos, especialmente suaves y con apertura frontal.\n<\/p>\n<p class=\"voc-paragraph\">Adem\u00e1s de la parte de lencer\u00eda, tambi\u00e9n se pueden encontrar sets de chaquetas y pantalones, un tote bag, zapatillas para estar por casa y una camiseta en rosa. <strong>Conjuntos c\u00f3modos y perfectos para que cualquier mujer<\/strong> los puedas usar en casa.\n<\/p>\n<p class=\"voc-paragraph\">La colecci\u00f3n ya est\u00e1 disponible online y en <strong>una amplia selecci\u00f3n de tiendas en pa\u00edses como Alemania, Espa\u00f1a, EEUU, Francia, Grecia e Italia.<\/strong> Esta nueva iniciativa surge con el objetivo de normalizar la realidad de la enfermedad y dar visibilidad y apoyo a los centenares de mujeres que d\u00eda a d\u00eda se enfrentan a una mastectom\u00eda, dos mujeres han compartido con Mango sus experiencias personales alrededor de la enfermedad.\n<\/p>\n<p class=\"voc-paragraph\">Marie Ryckebusch, 47 a\u00f1os, se reconstruy\u00f3 el pecho despu\u00e9s de la mastectom\u00eda, un proceso f\u00edsica y psicol\u00f3gicamente complicado tras la enfermedad. Ella quiere que \u00abesta esta campa\u00f1a d\u00e9 fuerza y esperanza a mujeres que est\u00e9n en pleno proceso y piensen en rendirse.<br \/>\n<strong>Quiero que vean una imagen diferente de la vida despu\u00e9s del c\u00e1ncer. <\/strong><\/p>\n<p class=\"voc-paragraph\">Luc\u00eda Vioque fue diagnosticada con solamente 27 a\u00f1os y a sus 30 actuales, ha pasado por una mastectom\u00eda sin reconstrucci\u00f3n y por un tratamiento a\u00fan en marcha. Con esta colaboraci\u00f3n Luc\u00eda quiere romper un mito: \u00abel c\u00e1ncer no entiende de edad\u00bb. Para ella, poder servir de ejemplo a otras chicas j\u00f3venes en su situaci\u00f3n era importante: \u00abCuando te diagnostican intentas buscar alg\u00fan referente para sentirte representada, ya sea con o sin pecho, para poder decir, yo tambi\u00e9n quiero conseguirlo, yo tambi\u00e9n quiero estar viva. Y para lograrlo, <strong>la clave de la lucha contra el c\u00e1ncer de mama tiene como base fundamental la existencia de asociaciones como la Fundaci\u00f3n FERO.<\/strong> No queremos seguir despidiendo a compa\u00f1eras. Solo la investigaci\u00f3n nos salva\u00bb.\n<\/p>\n<p><h3 class=\"voc-detail__title\"> Cu\u00e1ndo surge la colaboraci\u00f3n de Mango y la fundaci\u00f3n FERO<br \/>\n<\/h3>\n<\/p>\n<p class=\"voc-paragraph\">La colaboraci\u00f3n entre <strong>Mango y la Fundaci\u00f3n FERO<\/strong> se remonta a 2008, cuando las hermanas Pen\u00e9lope y M\u00f3nica Cruz dise\u00f1aron junto a la compa\u00f1\u00eda de moda una camiseta para cooperar en la lucha contra el C\u00e1ncer de Mama y desde 2017 ambas entidades colaboran con el lanzamiento de una colecci\u00f3n anual para recaudar fondos para la investigaci\u00f3n del C\u00e1ncer de Mama. <strong>Mango ha logrado recaudar m\u00e1s de un mill\u00f3n de euros<\/strong>, que ha sido destinado a la lucha contra esta enfermedad.\n<\/p>\n<p><h3 class=\"voc-detail__title\"> La camiseta que llevar\u00e1s con orgullo este octubre<br \/>\n<\/h3>\n<\/p>\n<p class=\"voc-paragraph\">Una de las prendas de la colecci\u00f3n que puedes a\u00f1adir a tus looks diarios y adem\u00e1s, contribuir con la causa es este dise\u00f1o. Es una camiseta b\u00e1sica de color rosa, con manga corta, cuello redondo y un peque\u00f1o bordado con mensaje que pone \u00abThinking together\u00bb.\n<\/p>\n<div class=\"voc-detail-photo-zoom\"><picture data-toggle=\"modal\" data-target=\"#photoZoomModal-86\" target=\"modal\">\n<div class=\"voc-img-icon-link\"><img loading=\"lazy\" data-original=\"\/\/static2.mujerhoy.com\/www\/multimedia\/202310\/06\/media\/cortadas\/camiseta-rosa-mango-cancer-mama-fero-kSH--460x637@MujerHoy.jpg\" class=\"lazy adsviu_analyse\" alt=\"Camiseta en color rosa 'Thinking Together\u00ab de Mango. Foto: Mango.\"><noscript><img src=\"http:\/\/hoycordobaweb.com\/wp-content\/uploads\/2023\/10\/esta-es-la-camiseta-rosa-de-mango-que-luciras-con-orgullo-y-colaboraras-con-la-lucha-contra-el-cancer-de-mama.webp\" alt=\"Camiseta en color rosa 'Thinking Together\u00ab de Mango. Foto: Mango.\"><\/noscript><i class=\"voc-icons zoom voc-multimedia-box voc-ico-l\"><\/i><\/div><figcaption class=\"figure-caption\">Camiseta en color rosa &#8216;Thinking Together\u00ab de Mango. Foto: Mango.<\/figcaption><\/picture><\/div>\n<div id=\"photoZoomModal-86\" class=\"voc-lightbox modal fade voc-lightbox--photo-zoom\" role=\"dialog\" data-voc-photozoom-lightbox>\n<div class=\"voc-lightbox__dialog\" role=\"document\">\n<div class=\"voc-lightbox__content\"><!-- Modal header --><!-- Modal content --><\/p>\n<div class=\"voc-lightbox__photo-container\"><picture class><img loading=\"lazy\" data-original=\"\/\/static2.mujerhoy.com\/www\/multimedia\/202310\/06\/media\/cortadas\/camiseta-rosa-mango-cancer-mama-fero-kSH--460x637@MujerHoy.jpg\" alt=\"Camiseta en color rosa 'Thinking Together\u00ab de Mango. Foto: Mango.\" class=\"lazy\"><noscript><img src=\"http:\/\/hoycordobaweb.com\/wp-content\/uploads\/2023\/10\/esta-es-la-camiseta-rosa-de-mango-que-luciras-con-orgullo-y-colaboraras-con-la-lucha-contra-el-cancer-de-mama.webp\" alt=\"Camiseta en color rosa 'Thinking Together\u00ab de Mango. Foto: Mango.\"><\/noscript><\/picture><\/div>\n<\/div>\n<\/div>\n<\/div>\n<p class=\"voc-paragraph\">Es una camiseta de algod\u00f3n 100% para que puedas sentirte comod\u00edsima. Adem\u00e1s de llevar el color de la temporada, por supuesto podr\u00e1s colaborar en la lucha contra esta enfermedad que afecta a muchas mujeres. Cuesta <strong>15,99 euros<\/strong> y como sabes, todo lo recaudado ir\u00e1 para ellas. <\/p>\n<p><!-- TOPICS --><\/p>\n","protected":false},"excerpt":{"rendered":"<p>Cada octubre, numerosas marcas se suman a la campa\u00f1a de Sensibilizaci\u00f3n sobre el C\u00e1ncer de Mama y que se junta con el d\u00eda 19 que se celebra de forma internacional la lucha contra esta enfermedad. Entre esas firmas est\u00e1 Mango que cada a\u00f1o lanza una campa\u00f1a solidaria. Este a\u00f1o, la firma catalana se ha aliado [&hellip;]<\/p>\n","protected":false},"author":1,"featured_media":67730,"comment_status":"closed","ping_status":"closed","sticky":false,"template":"","format":"standard","meta":[],"categories":[1],"tags":[],"_links":{"self":[{"href":"http:\/\/hoycordobaweb.com\/index.php\/wp-json\/wp\/v2\/posts\/67729"}],"collection":[{"href":"http:\/\/hoycordobaweb.com\/index.php\/wp-json\/wp\/v2\/posts"}],"about":[{"href":"http:\/\/hoycordobaweb.com\/index.php\/wp-json\/wp\/v2\/types\/post"}],"author":[{"embeddable":true,"href":"http:\/\/hoycordobaweb.com\/index.php\/wp-json\/wp\/v2\/users\/1"}],"replies":[{"embeddable":true,"href":"http:\/\/hoycordobaweb.com\/index.php\/wp-json\/wp\/v2\/comments?post=67729"}],"version-history":[{"count":0,"href":"http:\/\/hoycordobaweb.com\/index.php\/wp-json\/wp\/v2\/posts\/67729\/revisions"}],"wp:featuredmedia":[{"embeddable":true,"href":"http:\/\/hoycordobaweb.com\/index.php\/wp-json\/wp\/v2\/media\/67730"}],"wp:attachment":[{"href":"http:\/\/hoycordobaweb.com\/index.php\/wp-json\/wp\/v2\/media?parent=67729"}],"wp:term":[{"taxonomy":"category","embeddable":true,"href":"http:\/\/hoycordobaweb.com\/index.php\/wp-json\/wp\/v2\/categories?post=67729"},{"taxonomy":"post_tag","embeddable":true,"href":"http:\/\/hoycordobaweb.com\/index.php\/wp-json\/wp\/v2\/tags?post=67729"}],"curies":[{"name":"wp","href":"https:\/\/api.w.org\/{rel}","templated":true}]}}