{"id":67613,"date":"2023-10-04T17:46:23","date_gmt":"2023-10-04T17:46:23","guid":{"rendered":"https:\/\/www.ole.com.ar\/futbol-internacional\/arabia-saudita-lanza-copa-mundo-2034_0_rTvOIihUCm.html"},"modified":"2023-10-04T17:46:23","modified_gmt":"2023-10-04T17:46:23","slug":"arabia-saudita-se-lanza-a-la-copa-del-mundo-2034","status":"publish","type":"post","link":"http:\/\/hoycordobaweb.com\/index.php\/2023\/10\/04\/arabia-saudita-se-lanza-a-la-copa-del-mundo-2034\/","title":{"rendered":"\u00a1Arabia Saudita se lanza a la Copa del Mundo 2034!"},"content":{"rendered":"<p><img src=\"http:\/\/hoycordobaweb.com\/wp-content\/uploads\/2023\/10\/arabia-saudita-se-lanza-a-la-copa-del-mundo-2034.jpg\"><\/p>\n<p><time class=\"createDate\" datetime=\"2023-10-04T14:46:23-03:00\">04\/10\/2023 14:46hs.<\/time><time class=\"modificatedDate\" datetime=\"2023-10-04T14:46:23-03:00\"><\/time><\/p>\n<div id=\"storyBody\">\n<div class=\"custom-text \" readability=\"45\">\n<p>La <strong>FIFA <\/strong>sacudi\u00f3 al mundo del f\u00fatbol al anunciar que la Copa del Mundo de 2030 se disputar\u00e1 en Espa\u00f1a, Portugal y Marruecos, pero con partidos inaugurales en Uruguay, Argentina y Paraguay. Sin embargo, hubo un detalle no menor dentro del comunicado publicado por el ente presidido por Gianni Infantino:<strong> anunciar\u00e1n, en conjunto y luego de un congreso en 2024, las sedes del 2030 y del 2034. <\/strong>Quien movi\u00f3 fichas r\u00e1pido fue<strong> Arabia Saudita<\/strong>, en el centro de la escena por su gran desembolso en el deporte, y que, sospechosamente, se hab\u00eda bajado del 2030. Ahora todo encaja&#8230;<\/p>\n<\/div>\n<p><h2><strong><em>Arabia Saudita, candidato a ser sede de la Copa del Mundo 2034<\/em><\/strong><\/h2>\n<\/p>\n<div class=\"custom-text \" readability=\"40\">\n<p>Tienen el dinero. Tienen la infraestructura. Tienen la ambici\u00f3n. Tienen las miradas del mundo entero. <strong>Arabia Saudita cuenta con todos los \u00edtems para ser sede de una Copa del Mundo<\/strong>. Luego del \u00e9xito de Qatar 2022, Medio Oriente qued\u00f3 con sed de seguir siendo el protagonista en la industria del deporte, frente a la ya asentada Europa y la amenaza latente de los Estados Unidos. De hecho, <strong>hab\u00eda apuntado sus ca\u00f1ones a competir con Espa\u00f1a-Portugal-Marruecos y Argentina-Uruguay-Paraguay-Chile para el 2030. Sin embargo, de la noche a la ma\u00f1ana, se baj\u00f3<\/strong>. No fue casualidad.<\/p>\n<\/div>\n<div class=\"custom-text \" readability=\"40\">\n<p>\u00abTambi\u00e9n se acord\u00f3 que, de acuerdo con el principio de rotaci\u00f3n de confederaciones y de garantizar las mejores condiciones posibles para albergar los torneos, los procesos de candidatura para las ediciones de 2030 y 2034 se llevar\u00e1n a cabo simult\u00e1neamente, con las asociaciones miembro de la FIFA de los territorios de la AFC y La OFC invit\u00f3 a presentar su candidatura para albergar la Copa Mundial de la FIFA 2034\u00bb, asever\u00f3 la FIFA en su comunicado. Es decir,<strong> entre Asia y Ocean\u00eda estar\u00e1 la sede dentro de 11 a\u00f1os.<\/strong><\/p>\n<\/div>\n<div class=\"custom-text \" readability=\"38\">\n<p>Minutos despu\u00e9s del anuncio de la FIFA sobre 2030, <strong>Arabia Saudita present\u00f3 su candidatura para albergar la Copa del Mundo de 2034<\/strong>. Seg\u00fan le contaron a <strong>Ol\u00e9<\/strong>, desde Medio Oriente eran conscientes de que no iban a tener chances de ser la sede del torneo en el 2030 (amparado en la cercan\u00eda con Qatar 2022 y la idea de la FIFA de mudar y\/o globalizar las sedes), por lo que decidieron desistir en la pelea y meterse de lleno en la lucha por 2034<strong>. Egipto y Grecia fueron socios de Arabia Saudita para el 2030<\/strong>. \u00bfVolver\u00e1n a presentar sede conjunta en 2034?<\/p>\n<\/div>\n<div class=\"sc-e7b891c4-0 jPbnQF\"><img alt=\"Mohamed bin Salm\u00e1n con Gianni Infantino y Vladimir Putin, durante el Mundial de Rusia 2018. Tambi\u00e9n tuvieron contacto en Qatar 2022.\" src=\"http:\/\/hoycordobaweb.com\/wp-content\/uploads\/2023\/10\/arabia-saudita-se-lanza-a-la-copa-del-mundo-2034-2.jpg\" width=\"720\" height=\"100\" decoding=\"async\" data-nimg=\"future\" loading=\"lazy\"><span class=\"epigraphe\">Mohamed bin Salm\u00e1n con Gianni Infantino y Vladimir Putin, durante el Mundial de Rusia 2018. Tambi\u00e9n tuvieron contacto en Qatar 2022.<\/span><\/div>\n<div class=\"custom-text \" readability=\"44\">\n<p><strong>Arabia Saudita hab\u00eda dejado claro su deseo de alcanzar grandes metas en el \u00e1mbito del f\u00fatbol internacional. <\/strong>Recientemente, el pa\u00eds alberg\u00f3 la Supercopa italiana fuera de Italia y adapt\u00f3 el formato de la Supercopa espa\u00f1ola para incluir a cuatro equipos. Adem\u00e1s, han confirmado su participaci\u00f3n como sede del Mundial de Clubes en diciembre. Ni hablar de l<strong>a fuerte inversi\u00f3n que hizo el pa\u00eds para su Saudi Pro League, en la que trajeron estrellas de la talla de Cristiano Ronaldo, Neymar y Karim Benzema.<\/strong> En lo que al deporte respecta, se llevaron al desierto la pelea entre Andy Ruiz Jr. y Anthony Joshua en 2019, ya albergan el Rally Dakar, mantienen un fecha en el calendario de la Formula 1, salieron a competirle al PGA Tour de Golf y celebrar\u00e1n los Juegos Asi\u00e1ticos en 2034. Adem\u00e1s, son due\u00f1os del Newcastle.<\/p>\n<\/div>\n<div class=\"custom-text \" readability=\"38\">\n<p><strong>La ambici\u00f3n de Arabia Saudita con el deporte comenz\u00f3 tras la asunci\u00f3n del pr\u00edncipe heredero Mohammed ben Salman, en 2017<\/strong>. El mandam\u00e1s se comprometi\u00f3 a expandir la influencia global del pa\u00eds, amparado en la idea de que el mundo tiene una idea err\u00f3nea de la cultura de Medio Oriente. Su programa Visi\u00f3n 2030 (\u00bfLo cambiar\u00e1n a 2034?) ten\u00eda como cl\u00edmax la realizaci\u00f3n de una Copa del Mundo. Por ello, resultaba confuso que se hayan bajado sin problemas del 2030. Claro. Estaban preparando algo mucho m\u00e1s grande.<\/p>\n<\/div>\n<div class=\"sc-e7b891c4-0 jPbnQF\"><img alt=\"Mohamed bin Salman, en el GP de Arabia Saudita\" src=\"http:\/\/hoycordobaweb.com\/wp-content\/uploads\/2023\/10\/arabia-saudita-se-lanza-a-la-copa-del-mundo-2034-3.jpg\" width=\"720\" height=\"100\" decoding=\"async\" data-nimg=\"future\" loading=\"lazy\"><span class=\"epigraphe\">Mohamed bin Salman, en el GP de Arabia Saudita<\/span><\/div>\n<\/div>\n","protected":false},"excerpt":{"rendered":"<p>04\/10\/2023 14:46hs. La FIFA sacudi\u00f3 al mundo del f\u00fatbol al anunciar que la Copa del Mundo de 2030 se disputar\u00e1 en Espa\u00f1a, Portugal y Marruecos, pero con partidos inaugurales en Uruguay, Argentina y Paraguay. Sin embargo, hubo un detalle no menor dentro del comunicado publicado por el ente presidido por Gianni Infantino: anunciar\u00e1n, en conjunto [&hellip;]<\/p>\n","protected":false},"author":1,"featured_media":67614,"comment_status":"open","ping_status":"closed","sticky":false,"template":"","format":"standard","meta":[],"categories":[16],"tags":[],"_links":{"self":[{"href":"http:\/\/hoycordobaweb.com\/index.php\/wp-json\/wp\/v2\/posts\/67613"}],"collection":[{"href":"http:\/\/hoycordobaweb.com\/index.php\/wp-json\/wp\/v2\/posts"}],"about":[{"href":"http:\/\/hoycordobaweb.com\/index.php\/wp-json\/wp\/v2\/types\/post"}],"author":[{"embeddable":true,"href":"http:\/\/hoycordobaweb.com\/index.php\/wp-json\/wp\/v2\/users\/1"}],"replies":[{"embeddable":true,"href":"http:\/\/hoycordobaweb.com\/index.php\/wp-json\/wp\/v2\/comments?post=67613"}],"version-history":[{"count":0,"href":"http:\/\/hoycordobaweb.com\/index.php\/wp-json\/wp\/v2\/posts\/67613\/revisions"}],"wp:featuredmedia":[{"embeddable":true,"href":"http:\/\/hoycordobaweb.com\/index.php\/wp-json\/wp\/v2\/media\/67614"}],"wp:attachment":[{"href":"http:\/\/hoycordobaweb.com\/index.php\/wp-json\/wp\/v2\/media?parent=67613"}],"wp:term":[{"taxonomy":"category","embeddable":true,"href":"http:\/\/hoycordobaweb.com\/index.php\/wp-json\/wp\/v2\/categories?post=67613"},{"taxonomy":"post_tag","embeddable":true,"href":"http:\/\/hoycordobaweb.com\/index.php\/wp-json\/wp\/v2\/tags?post=67613"}],"curies":[{"name":"wp","href":"https:\/\/api.w.org\/{rel}","templated":true}]}}