{"id":67567,"date":"2023-10-03T17:25:33","date_gmt":"2023-10-03T17:25:33","guid":{"rendered":"https:\/\/www.ole.com.ar\/futbol-internacional\/champions\/terremoto-napoles-estadio-diego-maradona-champions-real-madrid_0_wH7fSTzNOO.html"},"modified":"2023-10-03T17:25:33","modified_gmt":"2023-10-03T17:25:33","slug":"terremoto-en-napoles-el-alcalde-dijo-que-el-diego-maradona-se-mueve-mas-por-los-hinchas","status":"publish","type":"post","link":"http:\/\/hoycordobaweb.com\/index.php\/2023\/10\/03\/terremoto-en-napoles-el-alcalde-dijo-que-el-diego-maradona-se-mueve-mas-por-los-hinchas\/","title":{"rendered":"Terremoto en N\u00e1poles: el alcalde dijo que el Diego Maradona se mueve m\u00e1s por los hinchas"},"content":{"rendered":"<p><img src=\"http:\/\/hoycordobaweb.com\/wp-content\/uploads\/2023\/10\/terremoto-en-napoles-el-alcalde-dijo-que-el-diego-maradona-se-mueve-mas-por-los-hinchas.jpg\"><\/p>\n<p><time class=\"createDate\" datetime=\"2023-10-03T14:25:33-03:00\">03\/10\/2023 14:25hs.<\/time><time class=\"modificatedDate\" datetime=\"2023-10-03T14:25:33-03:00\"><\/time><\/p>\n<div id=\"storyBody\">\n<div class=\"custom-text \" readability=\"33.708894878706\">\n<p>En la v\u00edspera del duelo de <a href=\"https:\/\/www.ole.com.ar\/tema\/champions-league.html\" title=\"Champions League\" alt=\"Champions League\" class=\"slug\">Champions League<\/a> entre <a href=\"https:\/\/www.ole.com.ar\/tema\/napoli.html\" title=\"Napoli\" alt=\"Napoli\" class=\"slug\">Napoli <\/a>y <a href=\"https:\/\/www.ole.com.ar\/tema\/real-madrid.html\" title=\"Real Madrid\" alt=\"Real Madrid\" class=\"slug\">Real Madrid<\/a>, la ciudad de N\u00e1poles qued\u00f3 en alerta por un leve terremoto que hizo sacudir las calles de la ciudad sobre las 22 hs. del lunes. <strong>Consultado por la situaci\u00f3n edilicia del estadio Diego Armando Maradona, el alcalde local fue contundente: <\/strong>dijo que se mueve m\u00e1s cuando los hincas alientan al equipo.<\/p>\n<\/div>\n<div class=\"custom-text \" readability=\"38\">\n<p><strong>\u00abDesde el punto de vista estructural, el estadio no sufri\u00f3 da\u00f1o alguno, tal como era de esperarse por sus caracter\u00edsticas\u00bb<\/strong>, asegur\u00f3 el alcalde Gaetano Manfredi, en declaraciones que recoge la agencia de noticias ANSA.<\/p>\n<\/div>\n<div class=\"custom-text \" readability=\"37\">\n<p>Se trat\u00f3 de un sismo de 4,5 grados, que dur\u00f3 apenas cuatro segundos y no provoc\u00f3 da\u00f1os graves ni heridos. Sin embargo, s\u00ed se vivieron instantes de preocupaci\u00f3n entre los habitantes: <strong>podr\u00eda ser consecuencia de un volc\u00e1n a punto de hacer erupci\u00f3n y no descartan que haya alguna r\u00e9plica.<\/strong><\/p>\n<\/div>\n<div class=\"custom-text \" readability=\"39\">\n<p>El Diego Maradona, en tanto, se mantuvo a salvo de cualquier riesgo. \u00abRecuerdo que el terremoto de los &#8217;80 tampoco provoc\u00f3 da\u00f1o alguno en este escenario\u00bb, agreg\u00f3 Manfredi, y no dud\u00f3 en afirmar: <strong>\u00abSeguramente las oscilaciones son mayores cuando los hinchas alientan al equipo que aquellas vinculadas con los movimientos tel\u00faricos\u00bb.<\/strong><\/p>\n<\/div>\n<div class=\"sc-e7b891c4-0 jPbnQF\"><img alt=\"El sismo dej\u00f3 algunos da\u00f1os menores en N\u00e1poles (EFE).\" src=\"http:\/\/hoycordobaweb.com\/wp-content\/uploads\/2023\/10\/terremoto-en-napoles-el-alcalde-dijo-que-el-diego-maradona-se-mueve-mas-por-los-hinchas-2.jpg\" width=\"720\" height=\"100\" decoding=\"async\" data-nimg=\"future\" loading=\"lazy\"><span class=\"epigraphe\">El sismo dej\u00f3 algunos da\u00f1os menores en N\u00e1poles (EFE).<\/span><\/div>\n<div class=\"custom-text \" readability=\"38\">\n<p>El alcalde respald\u00f3 sus dichos en el informe de los t\u00e9cnicos y del asesor de Infraestructura, Edoardo Cosenza, tras una revisi\u00f3n del estadio Maradona, y aclar\u00f3 que lo relacionado con la organizaci\u00f3n de los partidos \u00abno es nuestra responsabilidad, sino de otras instituciones\u00bb.<\/p>\n<\/div>\n<div class=\"custom-text \" readability=\"35\">\n<p>El terremoto registrado en Campos Fl\u00e9greos, una caldera volc\u00e1nica ubicada unos nueve kil\u00f3metros al noroeste de la ciudad de N\u00e1poles, <strong>fue el segundo m\u00e1s fuerte de los \u00faltimos 40 a\u00f1os.<\/strong><\/p>\n<\/div>\n<div class=\"sc-e7b891c4-0 jPbnQF\"><img alt=\"Real Madrid se hab\u00eda entrenado un rato antes en el Diego Maradona (ANSA).\" src=\"http:\/\/hoycordobaweb.com\/wp-content\/uploads\/2023\/10\/terremoto-en-napoles-el-alcalde-dijo-que-el-diego-maradona-se-mueve-mas-por-los-hinchas-3.jpg\" width=\"720\" height=\"100\" decoding=\"async\" data-nimg=\"future\" loading=\"lazy\"><span class=\"epigraphe\">Real Madrid se hab\u00eda entrenado un rato antes en el Diego Maradona (ANSA).<\/span><\/div>\n<div class=\"custom-text \" readability=\"35\">\n<p>El plantel del Real Madrid, que ya se encontraba en el hotel donde se aloja a la espera del partido tras un entrenamiento, tambi\u00e9n se llev\u00f3 un buen susto.<\/p>\n<\/div>\n<p><h2><strong>Partidazo en la Champions<\/strong><\/h2>\n<\/p>\n<div class=\"custom-text \" readability=\"28.57037037037\">\n<p>Este martes desde las 16.00 (hora de Argentina), el Napoli, campe\u00f3n de Italia la temporada pasada, recibir\u00e1 en el Diego Armando Maradona al Real Madrid, el m\u00e1ximo ganador de Champions de la historia. <a href=\"https:\/\/www.ole.com.ar\/futbol-internacional\/champions\/gio-simeone-champions-league-napoli-tatuaje_0_9lCrMrCqVa.html\" target=\"_self\" title=\"El argentino Gio Simeone partir\u00e1 en el banco para el equipo local.\" alt=\"El argentino Gio Simeone partir\u00e1 en el banco para el equipo local.\" rel=\"noopener noreferrer\">El argentino Gio Simeone partir\u00e1 en el banco para el equipo local.<\/a><\/p>\n<\/div>\n<div class=\"sc-e7b891c4-0 jPbnQF\"><img alt=\"Gio Simeone en la pr\u00e1ctica del Napoli (ANSA).\" src=\"http:\/\/hoycordobaweb.com\/wp-content\/uploads\/2023\/10\/terremoto-en-napoles-el-alcalde-dijo-que-el-diego-maradona-se-mueve-mas-por-los-hinchas-4.jpg\" width=\"720\" height=\"100\" decoding=\"async\" data-nimg=\"future\" loading=\"lazy\"><span class=\"epigraphe\">Gio Simeone en la pr\u00e1ctica del Napoli (ANSA).<\/span><\/div>\n<div class=\"sc-a7166897-0 exHLBh\" readability=\"6\">\n<section readability=\"2\"><picture><img alt=\"\u00bfPor qu\u00e9 Gio Simeone lleva la Champions en la piel? \" src=\"http:\/\/hoycordobaweb.com\/wp-content\/uploads\/2023\/10\/terremoto-en-napoles-el-alcalde-dijo-que-el-diego-maradona-se-mueve-mas-por-los-hinchas-5.jpg\" width=\"290\" height=\"290\" decoding=\"async\" data-nimg=\"future\" loading=\"lazy\"><\/picture>\n<p><span>Mir\u00e1 tambi\u00e9n<\/span><\/p>\n<hr>\n<h3>\u00bfPor qu\u00e9 Gio Simeone lleva la Champions en la piel?<br \/>\n<\/h3>\n<\/p>\n<\/section>\n<\/div>\n<div class=\"sc-a7166897-0 exHLBh\" readability=\"6.5\">\n<section readability=\"3\"><picture><img alt=\"Inter - Benfica: hora, TV y posibles formaciones\" src=\"http:\/\/hoycordobaweb.com\/wp-content\/uploads\/2023\/10\/terremoto-en-napoles-el-alcalde-dijo-que-el-diego-maradona-se-mueve-mas-por-los-hinchas-6.jpg\" width=\"290\" height=\"290\" decoding=\"async\" data-nimg=\"future\" loading=\"lazy\"><\/picture>\n<p><span>Mir\u00e1 tambi\u00e9n<\/span><\/p>\n<hr>\n<h3>Inter &#8211; Benfica: hora, TV y posibles formaciones<\/h3>\n<\/p>\n<\/section>\n<\/div>\n<div class=\"sc-a7166897-0 exHLBh\" readability=\"6.5\">\n<section readability=\"3\"><picture><img alt=\"Manchester United - Galatasaray: hora, TV y posibles formaciones\" src=\"http:\/\/hoycordobaweb.com\/wp-content\/uploads\/2023\/10\/terremoto-en-napoles-el-alcalde-dijo-que-el-diego-maradona-se-mueve-mas-por-los-hinchas-7.jpg\" width=\"290\" height=\"290\" decoding=\"async\" data-nimg=\"future\" loading=\"lazy\"><\/picture>\n<p><span>Mir\u00e1 tambi\u00e9n<\/span><\/p>\n<hr>\n<h3>Manchester United &#8211; Galatasaray: hora, TV y posibles formaciones<\/h3>\n<\/p>\n<\/section>\n<\/div>\n<\/div>\n","protected":false},"excerpt":{"rendered":"<p>03\/10\/2023 14:25hs. En la v\u00edspera del duelo de Champions League entre Napoli y Real Madrid, la ciudad de N\u00e1poles qued\u00f3 en alerta por un leve terremoto que hizo sacudir las calles de la ciudad sobre las 22 hs. del lunes. Consultado por la situaci\u00f3n edilicia del estadio Diego Armando Maradona, el alcalde local fue contundente: [&hellip;]<\/p>\n","protected":false},"author":1,"featured_media":67568,"comment_status":"open","ping_status":"closed","sticky":false,"template":"","format":"standard","meta":[],"categories":[16],"tags":[],"_links":{"self":[{"href":"http:\/\/hoycordobaweb.com\/index.php\/wp-json\/wp\/v2\/posts\/67567"}],"collection":[{"href":"http:\/\/hoycordobaweb.com\/index.php\/wp-json\/wp\/v2\/posts"}],"about":[{"href":"http:\/\/hoycordobaweb.com\/index.php\/wp-json\/wp\/v2\/types\/post"}],"author":[{"embeddable":true,"href":"http:\/\/hoycordobaweb.com\/index.php\/wp-json\/wp\/v2\/users\/1"}],"replies":[{"embeddable":true,"href":"http:\/\/hoycordobaweb.com\/index.php\/wp-json\/wp\/v2\/comments?post=67567"}],"version-history":[{"count":0,"href":"http:\/\/hoycordobaweb.com\/index.php\/wp-json\/wp\/v2\/posts\/67567\/revisions"}],"wp:featuredmedia":[{"embeddable":true,"href":"http:\/\/hoycordobaweb.com\/index.php\/wp-json\/wp\/v2\/media\/67568"}],"wp:attachment":[{"href":"http:\/\/hoycordobaweb.com\/index.php\/wp-json\/wp\/v2\/media?parent=67567"}],"wp:term":[{"taxonomy":"category","embeddable":true,"href":"http:\/\/hoycordobaweb.com\/index.php\/wp-json\/wp\/v2\/categories?post=67567"},{"taxonomy":"post_tag","embeddable":true,"href":"http:\/\/hoycordobaweb.com\/index.php\/wp-json\/wp\/v2\/tags?post=67567"}],"curies":[{"name":"wp","href":"https:\/\/api.w.org\/{rel}","templated":true}]}}