{"id":67516,"date":"2023-10-02T17:48:55","date_gmt":"2023-10-02T17:48:55","guid":{"rendered":"https:\/\/www.ole.com.ar\/boca-juniors\/boca-palmeiras-revancha-semifinales-libertadores_0_56XBMptblm.html"},"modified":"2023-10-02T17:48:55","modified_gmt":"2023-10-02T17:48:55","slug":"que-dicen-en-brasil-de-la-revancha-de-palmeiras-con-boca","status":"publish","type":"post","link":"http:\/\/hoycordobaweb.com\/index.php\/2023\/10\/02\/que-dicen-en-brasil-de-la-revancha-de-palmeiras-con-boca\/","title":{"rendered":"Qu\u00e9 dicen en Brasil de la revancha de Palmeiras con Boca"},"content":{"rendered":"<p><img src=\"http:\/\/hoycordobaweb.com\/wp-content\/uploads\/2023\/10\/que-dicen-en-brasil-de-la-revancha-de-palmeiras-con-boca.jpg\"><\/p>\n<div><img src=\"http:\/\/hoycordobaweb.com\/wp-content\/uploads\/2023\/10\/que-dicen-en-brasil-de-la-revancha-de-palmeiras-con-boca.jpg\" class=\"ff-og-image-inserted\"><\/div>\n<p><time class=\"createDate\" datetime=\"2023-10-02T14:48:55-03:00\">02\/10\/2023 14:48hs.<\/time><time class=\"modificatedDate\" datetime=\"2023-10-02T14:48:55-03:00\"><\/time><\/p>\n<div id=\"storyBody\">\n<div class=\"custom-text \" readability=\"43\">\n<p><strong>-Periodista: <\/strong>Si la gente colocase a los dos equipos por un lugar en la final, Palmeiras y Boca, analizando con frialdad, en mi opini\u00f3n, Palmeiras es m\u00e1s equipo, es el mejor equipo del continente, tiene al mejor entrenador de Am\u00e9rica del Sur que sos voces, tiene jugadores m\u00e1s decisivos que Boca, que merece todo respeto. Ustedes vieron all\u00e1 en la Bombonera con un lindo resultado 0-0 en aquel infierno\u2026<\/p>\n<\/div>\n<div class=\"custom-text \" readability=\"32\">\n<p><strong>-DT de Palmeiras<\/strong>: \u00bfCu\u00e1ntas Libertadores tiene Palmeiras?<\/p>\n<\/div>\n<div class=\"custom-text \">\n<p><strong>-Periodista:<\/strong> Tres<\/p>\n<\/div>\n<div class=\"custom-text \" readability=\"32\">\n<p><strong>-DT de Palmeiras:<\/strong> \u00bfC\u00fa\u00e1ntas Libertadores tiene Boca?<\/p>\n<\/div>\n<div class=\"custom-text \">\n<p><strong>-Periodista:<\/strong> Seis<\/p>\n<\/div>\n<div class=\"custom-text \">\n<p><strong>-DT de Palmeiras:<\/strong> \u00a1Ah!<\/p>\n<\/div>\n<div class=\"custom-text \" readability=\"37.687861271676\">\n<p><a href=\"https:\/\/www.ole.com.ar\/tema\/abel-ferreira.html\" title=\"Abel Ferreira\" alt=\"Abel Ferreira\" class=\"slug\">Abel Ferreira<\/a>, el DT portugu\u00e9s que llev\u00f3 a Palmeiras a ganar el bicampeonato en la <a href=\"https:\/\/www.ole.com.ar\/tema\/copa-libertadores.html\" title=\"Copa Libertadores\" alt=\"Copa Libertadores\" class=\"slug\">Copa Libertadores <\/a>y se encuentra en su cuarta semifinal consecutiva, estaba delante de la posibilidad de aceptar un tremendo elogio de la prensa, sonreir y sacar pecho, pero lejos de hacer eso interrumpi\u00f3 la pregunta edulcorada al extremo de una forma contundente. <strong>El respeto por Boca es absoluto en Brasil en general y en Palmeiras en particular<\/strong>. M\u00e1s all\u00e1 del pasado inmediato de cada uno, de las realidades de los \u00faltimos a\u00f1os.<\/p>\n<\/div>\n<div class=\"custom-text \" readability=\"37.313513513514\">\n<p>Palmeiras mira a Boca y no se conf\u00eda, ve \u00abfantasmas\u00bb, como le sugirieron a Ferreira d\u00edas atr\u00e1s en una conferencia anterior. \u00abSuperar el fantasma\u00bb, hablan en los medios brasie\u00f1os. Porque<strong> ven fantasmas en Boca, ven \u00abal mism\u00edsimo diablo\u00bb en<a href=\"https:\/\/www.ole.com.ar\/tema\/dario-benedetto.html\" title=\"Dar\u00edo Benedetto\" alt=\"Dar\u00edo Benedetto\" class=\"slug\"> Dar\u00edo Benedetto<\/a><\/strong> por los goles en 2018. Como si no importara que el Xeneize desde el 2007 no alza el trofeo de la Libertadores.<\/p>\n<\/div>\n<div class=\"custom-text \" readability=\"38.343685300207\">\n<p><strong>Los enfrentamientos pasados fueron muy fuertes, principalmente los de 2000 y 2001<\/strong>. Golpes inesperados cuando pensaban que despu\u00e9s de haber empatado en la ida en la Bombonera, liquidar\u00edan la serie sin problema en la vuelta su estadio. Porque<strong> ese Palmeiras ven\u00eda de ganar su primera Copa en 1999<\/strong>, no era cualquier Palmeiras. Pero primero cay\u00f3 en las finales y despu\u00e9s lo mismo en las semifinales, sometido por Carlos Bianchi, <a href=\"https:\/\/www.ole.com.ar\/tema\/juan-roman-riquelme.html\" title=\"Juan Rom\u00e1n Riquelme\" alt=\"Juan Rom\u00e1n Riquelme\" class=\"slug\">Juan Rom\u00e1n Riquelme<\/a> y \u00d3scar C\u00f3rdoba en los penales.<\/p>\n<\/div>\n<div class=\"custom-text \" readability=\"37\">\n<p><strong>En 2018 se repiti\u00f3 el optimismo<\/strong>, luego de buenos resultados para los brasile\u00f1os en la fase de grupos con empate en San Pablo y triunfo de visitante en La Boca. Claro, despu\u00e9s en las semifinales pas\u00f3 que <strong>Benedetto emboc\u00f3 dos golazos en la ida<\/strong> para un gran triunfo por 2-0 y luego en la vuelta fue un 2-2 que meti\u00f3 al equipo de Guillermo Barros Schelotto en las finales.<\/p>\n<\/div>\n<div class=\"custom-text \" readability=\"43\">\n<p>El propio Ferreira sigui\u00f3 demostrando el respeto que hay en esta oportunidad en el ida y vuelta en la conferencia. \u00abEstamos hablando de esa grandeza, pero en el f\u00fatbol adem\u00e1s de la parte t\u00e9cnica y f\u00edsica entra al campo de juego lo emocional y <strong>los equipos argentinos saben jugar fuera de casa, les gusta, parece que crecen en ambiente hostil, Boca no es diferente<\/strong>, tiene tambi\u00e9n al uruguayo Cavani, que tiene esa personalidad cultural del argentino y del uruguayo. \u00bfHasta que punto va a pesar en este juego la cuesti\u00f3n mental?\u00bb, sigui\u00f3 el periodista de preguntas infinitas, mientras el DT escuchaba y hac\u00eda gestos con su cara.<\/p>\n<\/div>\n<div class=\"custom-text \" readability=\"44\">\n<p>Y el portugu\u00e9s de pocas pulgas con la prensa respondi\u00f3: \u00ab<strong>Yo no vivo con si, si, si&#8230; (supuestos) Si tuviera ruedas yo ser\u00eda un cami\u00f3n<\/strong>, y tampoco soy el mejor entrenador de Sudam\u00e9rica. Lo que puedo decir es que los partidos de la Copa Libertadores son juegos diferentes y porque tenemos tres a\u00f1os de llegar a las semifinales puedo hablar por nuestra experiencia, y<strong> es un juego decisivo, un juego en nuestra casa, y es un juego que seguramente va a tener una historia que solo vamos a saber al final<\/strong> y que nos vamos a preparar para eso y es lo que puedo decir porque todo el resto es si, si, si\u2026 Nosotros no vivimos con colchones, vivimos con realidades y nos preparamos bien para este juego\u00bb.<\/p>\n<\/div>\n<\/div>\n","protected":false},"excerpt":{"rendered":"<p>02\/10\/2023 14:48hs. -Periodista: Si la gente colocase a los dos equipos por un lugar en la final, Palmeiras y Boca, analizando con frialdad, en mi opini\u00f3n, Palmeiras es m\u00e1s equipo, es el mejor equipo del continente, tiene al mejor entrenador de Am\u00e9rica del Sur que sos voces, tiene jugadores m\u00e1s decisivos que Boca, que merece [&hellip;]<\/p>\n","protected":false},"author":1,"featured_media":67517,"comment_status":"open","ping_status":"closed","sticky":false,"template":"","format":"standard","meta":[],"categories":[16],"tags":[],"_links":{"self":[{"href":"http:\/\/hoycordobaweb.com\/index.php\/wp-json\/wp\/v2\/posts\/67516"}],"collection":[{"href":"http:\/\/hoycordobaweb.com\/index.php\/wp-json\/wp\/v2\/posts"}],"about":[{"href":"http:\/\/hoycordobaweb.com\/index.php\/wp-json\/wp\/v2\/types\/post"}],"author":[{"embeddable":true,"href":"http:\/\/hoycordobaweb.com\/index.php\/wp-json\/wp\/v2\/users\/1"}],"replies":[{"embeddable":true,"href":"http:\/\/hoycordobaweb.com\/index.php\/wp-json\/wp\/v2\/comments?post=67516"}],"version-history":[{"count":0,"href":"http:\/\/hoycordobaweb.com\/index.php\/wp-json\/wp\/v2\/posts\/67516\/revisions"}],"wp:featuredmedia":[{"embeddable":true,"href":"http:\/\/hoycordobaweb.com\/index.php\/wp-json\/wp\/v2\/media\/67517"}],"wp:attachment":[{"href":"http:\/\/hoycordobaweb.com\/index.php\/wp-json\/wp\/v2\/media?parent=67516"}],"wp:term":[{"taxonomy":"category","embeddable":true,"href":"http:\/\/hoycordobaweb.com\/index.php\/wp-json\/wp\/v2\/categories?post=67516"},{"taxonomy":"post_tag","embeddable":true,"href":"http:\/\/hoycordobaweb.com\/index.php\/wp-json\/wp\/v2\/tags?post=67516"}],"curies":[{"name":"wp","href":"https:\/\/api.w.org\/{rel}","templated":true}]}}