{"id":67500,"date":"2023-10-02T11:53:48","date_gmt":"2023-10-02T11:53:48","guid":{"rendered":"http:\/\/hoycordobaweb.com\/index.php\/2023\/10\/02\/salieron-a-la-luz-los-audios-del-var-sobre-las-polemicas-del-superclasico-ole\/"},"modified":"2023-10-02T11:53:48","modified_gmt":"2023-10-02T11:53:48","slug":"salieron-a-la-luz-los-audios-del-var-sobre-las-polemicas-del-superclasico-ole","status":"publish","type":"post","link":"http:\/\/hoycordobaweb.com\/index.php\/2023\/10\/02\/salieron-a-la-luz-los-audios-del-var-sobre-las-polemicas-del-superclasico-ole\/","title":{"rendered":"Salieron a la luz los audios del VAR sobre las pol\u00e9micas del Supercl\u00e1sico &#8211; Ol\u00e9"},"content":{"rendered":"<p>Ahora, menos de un d\u00eda despu\u00e9s de que la victoria del equipo de Mart\u00edn Demichelis se convirtiera en un hecho, la Asociaci\u00f3n del <b>F\u00fatbol Argentino<\/b>&nbsp;&#8230; <\/p>\n","protected":false},"excerpt":{"rendered":"<p>Ahora, menos de un d\u00eda despu\u00e9s de que la victoria del equipo de Mart\u00edn Demichelis se convirtiera en un hecho, la Asociaci\u00f3n del F\u00fatbol Argentino&nbsp;&#8230;<\/p>\n","protected":false},"author":1,"featured_media":0,"comment_status":"closed","ping_status":"closed","sticky":false,"template":"","format":"standard","meta":[],"categories":[22],"tags":[],"_links":{"self":[{"href":"http:\/\/hoycordobaweb.com\/index.php\/wp-json\/wp\/v2\/posts\/67500"}],"collection":[{"href":"http:\/\/hoycordobaweb.com\/index.php\/wp-json\/wp\/v2\/posts"}],"about":[{"href":"http:\/\/hoycordobaweb.com\/index.php\/wp-json\/wp\/v2\/types\/post"}],"author":[{"embeddable":true,"href":"http:\/\/hoycordobaweb.com\/index.php\/wp-json\/wp\/v2\/users\/1"}],"replies":[{"embeddable":true,"href":"http:\/\/hoycordobaweb.com\/index.php\/wp-json\/wp\/v2\/comments?post=67500"}],"version-history":[{"count":0,"href":"http:\/\/hoycordobaweb.com\/index.php\/wp-json\/wp\/v2\/posts\/67500\/revisions"}],"wp:attachment":[{"href":"http:\/\/hoycordobaweb.com\/index.php\/wp-json\/wp\/v2\/media?parent=67500"}],"wp:term":[{"taxonomy":"category","embeddable":true,"href":"http:\/\/hoycordobaweb.com\/index.php\/wp-json\/wp\/v2\/categories?post=67500"},{"taxonomy":"post_tag","embeddable":true,"href":"http:\/\/hoycordobaweb.com\/index.php\/wp-json\/wp\/v2\/tags?post=67500"}],"curies":[{"name":"wp","href":"https:\/\/api.w.org\/{rel}","templated":true}]}}