{"id":67459,"date":"2023-09-30T14:38:08","date_gmt":"2023-09-30T14:38:08","guid":{"rendered":"https:\/\/ladecimaweb.com\/?p=20297"},"modified":"2023-09-30T14:38:08","modified_gmt":"2023-09-30T14:38:08","slug":"reclaman-el-arreglo-de-la-vereda-por-av-de-mayo","status":"publish","type":"post","link":"http:\/\/hoycordobaweb.com\/index.php\/2023\/09\/30\/reclaman-el-arreglo-de-la-vereda-por-av-de-mayo\/","title":{"rendered":"Reclaman el arreglo de la vereda por av de Mayo"},"content":{"rendered":"<div class=\"boldgrid-section\">\n<div class=\"container\">\n<div class=\"row\">\n<div class=\"col-md-12 col-xs-12 col-sm-12\">\n<p>Comerciantes de la avenida de Mayo, en Villa El Libertador, reclaman el arreglo de la vereda.&nbsp;<\/p>\n<p class=\"\">A la altura de la avenida 1057, la vereda luce rota y con mosaicos sacados y no repuestos.&nbsp;<\/p>\n<p class=\"\">Esto sucede desde el paso de la red domiciliaria cloacal por el lugar. Rompieron y jam\u00e1s volvieron. De esto hacen cuatro meses.&nbsp;<\/p>\n<p>El comerciante del sector coment\u00f3 a La D\u00e9cima que se han ca\u00eddo y lesionado peatones por el desnivel de la vereda.&nbsp;<\/p>\n<p class=\"\">Por este motivo, es que reclaman la urgente reparaci\u00f3n de la misma.&nbsp;<\/p>\n<p class=\"\">&nbsp;<\/p>\n<p class=\"\">\n<div class=\"ubm_banner\"><a href=\"http:\/\/www.cba.gov.ar\/prevencion-incendios\" target=\"_blank\" rel=\"dofollow noopener noreferrer\"><img src=\"http:\/\/hoycordobaweb.com\/wp-content\/uploads\/2023\/10\/reclaman-el-arreglo-de-la-vereda-por-av-de-mayo.gif\" alt=\"\"><\/a><\/div>\n<p>&nbsp;<\/p>\n<\/div>\n<\/div>\n<\/div>\n<\/div>\n<p>La entrada <a rel=\"nofollow\" href=\"https:\/\/ladecimaweb.com\/reclaman-el-arreglo-de-la-vereda-por-av-de-mayo\/\">Reclaman el arreglo de la vereda por av de Mayo<\/a> se public\u00f3 primero en <a rel=\"nofollow\" href=\"https:\/\/ladecimaweb.com\">LaDecima<\/a>.<\/p>\n","protected":false},"excerpt":{"rendered":"<p>Comerciantes de la avenida de Mayo, en Villa El Libertador, reclaman el arreglo de la vereda.&nbsp; A la altura de la avenida 1057, la vereda luce rota y con mosaicos sacados y no repuestos.&nbsp; Esto sucede desde el paso de la red domiciliaria cloacal por el lugar. Rompieron y jam\u00e1s volvieron. De esto hacen cuatro [&hellip;]<\/p>\n","protected":false},"author":1,"featured_media":67460,"comment_status":"closed","ping_status":"closed","sticky":false,"template":"","format":"standard","meta":[],"categories":[19],"tags":[],"_links":{"self":[{"href":"http:\/\/hoycordobaweb.com\/index.php\/wp-json\/wp\/v2\/posts\/67459"}],"collection":[{"href":"http:\/\/hoycordobaweb.com\/index.php\/wp-json\/wp\/v2\/posts"}],"about":[{"href":"http:\/\/hoycordobaweb.com\/index.php\/wp-json\/wp\/v2\/types\/post"}],"author":[{"embeddable":true,"href":"http:\/\/hoycordobaweb.com\/index.php\/wp-json\/wp\/v2\/users\/1"}],"replies":[{"embeddable":true,"href":"http:\/\/hoycordobaweb.com\/index.php\/wp-json\/wp\/v2\/comments?post=67459"}],"version-history":[{"count":0,"href":"http:\/\/hoycordobaweb.com\/index.php\/wp-json\/wp\/v2\/posts\/67459\/revisions"}],"wp:featuredmedia":[{"embeddable":true,"href":"http:\/\/hoycordobaweb.com\/index.php\/wp-json\/wp\/v2\/media\/67460"}],"wp:attachment":[{"href":"http:\/\/hoycordobaweb.com\/index.php\/wp-json\/wp\/v2\/media?parent=67459"}],"wp:term":[{"taxonomy":"category","embeddable":true,"href":"http:\/\/hoycordobaweb.com\/index.php\/wp-json\/wp\/v2\/categories?post=67459"},{"taxonomy":"post_tag","embeddable":true,"href":"http:\/\/hoycordobaweb.com\/index.php\/wp-json\/wp\/v2\/tags?post=67459"}],"curies":[{"name":"wp","href":"https:\/\/api.w.org\/{rel}","templated":true}]}}