{"id":67427,"date":"2023-09-30T11:33:36","date_gmt":"2023-09-30T11:33:36","guid":{"rendered":"https:\/\/www.mujerhoy.com\/moda\/no-te-pierdas\/elsa-pataky-vestido-largo-el-corte-ingles-look-otono-parecer-alta-20230930133325-nt.html"},"modified":"2023-09-30T11:33:36","modified_gmt":"2023-09-30T11:33:36","slug":"de-donde-es-el-vestido-largo-de-elsa-pataky-por-el-que-todo-el-mundo-esta-preguntando-esta-en-el-corte-ingles-y-es-perfecto-para-otono","status":"publish","type":"post","link":"http:\/\/hoycordobaweb.com\/index.php\/2023\/09\/30\/de-donde-es-el-vestido-largo-de-elsa-pataky-por-el-que-todo-el-mundo-esta-preguntando-esta-en-el-corte-ingles-y-es-perfecto-para-otono\/","title":{"rendered":"De d\u00f3nde es el vestido largo de Elsa Pataky por el que todo el mundo est\u00e1 preguntando: est\u00e1 en El Corte Ingl\u00e9s y es perfecto para oto\u00f1o"},"content":{"rendered":"<p><!-- AUTHOR --><\/p>\n<div class=\"voc-author-timesocial \"><!-- AUTHOR --><\/p>\n<div class=\"voc-author-timesocial__signature\"><!-- IMAGE AUTHOR --><picture class=\"voc-image-signature\"><img class=\"voc-image-signature__img\" src=\"http:\/\/hoycordobaweb.com\/wp-content\/uploads\/2023\/09\/de-donde-es-el-vestido-largo-de-elsa-pataky-por-el-que-todo-el-mundo-esta-preguntando-esta-en-el-corte-ingles-y-es-perfecto-para-otono.jpg\" alt=\"Raquel Rodr\u00edguez\"><\/picture><!-- INFO AUTHOR --><\/div>\n<\/div>\n<p><!-- COMPONENTS --><\/p>\n<p class=\"voc-paragraph\"><strong>Elsa Pataky<\/strong> es un referente en much\u00edsimas cosas. De ella admiramos su rutina de ejercicio, fichamos c\u00f3mo es su alimentaci\u00f3n &#8211;<br \/>\n<a data-voc-vtm-id=\"in-text-traffic\" href=\"https:\/\/www.mujerhoy.com\/vivir\/bienestar\/elsa-pataky-cena-saludable-proteinas-adelgazar-20230926074156-nt.html\" title=\"www.mujerhoy.com\">esta es su cena para pesar menos<\/a>&#8211; y tambi\u00e9n nos encanta copiarle los cosm\u00e9ticos que usa y los estilismos que escoge para cada ocasi\u00f3n.\n<\/p>\n<p class=\"voc-paragraph\">Hoy, venimos a hablarte de esto \u00faltimo. Y es que, como habr\u00e1s podido comprobar, <a data-voc-vtm-id=\"in-text-traffic\" href=\"https:\/\/www.mujerhoy.com\/temas\/personajes\/elsa-pataky.html\" title=\"www.mujerhoy.com\">Elsa Pataky<\/a> es la imagen de la \u00faltima camapa\u00f1a de el Corte Ingl\u00e9s. Y en ella, la actriz luce <strong>estilismos ideales para el oto\u00f1o<\/strong>. Y, \u00bfcu\u00e1l es nuestro favorito? Un<br \/>\n<a data-voc-vtm-id=\"in-text-traffic\" href=\"https:\/\/www.mujerhoy.com\/moda\/no-te-pierdas\/vestidos-largos-comodos-diario-mango-20230818142211-nt.html\" title=\"www.mujerhoy.com\"> vestido largo<\/a> que le vas a querer copiar.\n<\/p>\n<p class=\"voc-paragraph\">El gigante multimarca estren\u00f3 a inicio de mes esta campa\u00f1a que tiene, unavez m\u00e1s, a Elsa Pataky como protagonista. En un incre\u00edble recorrido por la ciudad de Madrid, la actriz espa\u00f1ola y embajadora de El Corte Ingl\u00e9s presenta<br \/>\n<strong> las tendencias m\u00e1s relevantes de la temporada<\/strong> a trav\u00e9s de las nuevas colecciones de firmas propias como Woman, Tintoretto, Sfera o Latouche, acompa\u00f1adas de los accesorios de Aristocrazy y Vidal&amp;Vidal. <\/p>\n<p class=\"voc-paragraph\">Cada look es un fiel reflejo del eslogan que da nombre a la campa\u00f1a \u00abTu mejor creaci\u00f3n eres tu\u00bb, un concepto que invita a expresarse, a dar rienda suelta a la creatividad y a <strong>configurar un estilo \u00fanico y personal<\/strong>. Y s\u00ed, nuestro look favorito y el que queremos ocmpartir contigo es el m\u00e1s f\u00e1cil de copiar y de llevar en el d\u00eda a d\u00eda.\n<\/p>\n<div class=\"voc-detail-photo-zoom\"><picture data-toggle=\"modal\" data-target=\"#photoZoomModal-521\" target=\"modal\">\n<div class=\"voc-img-icon-link\"><img loading=\"lazy\" data-original=\"\/\/static2.mujerhoy.com\/www\/multimedia\/202309\/29\/media\/cortadas\/elsa-pataky-vestido-largo-kHNB--460x637@MujerHoy.jpg\" class=\"lazy adsviu_analyse\" alt=\"Elsa Pataky con un vestido largo estampado.\"><noscript><img src=\"http:\/\/hoycordobaweb.com\/wp-content\/uploads\/2023\/09\/de-donde-es-el-vestido-largo-de-elsa-pataky-por-el-que-todo-el-mundo-esta-preguntando-esta-en-el-corte-ingles-y-es-perfecto-para-otono.webp\" alt=\"Elsa Pataky con un vestido largo estampado.\"><\/noscript><i class=\"voc-icons zoom voc-multimedia-box voc-ico-l\"><\/i><\/div><figcaption class=\"figure-caption\">Elsa Pataky con un vestido largo estampado.<\/figcaption><\/picture><\/div>\n<div id=\"photoZoomModal-521\" class=\"voc-lightbox modal fade voc-lightbox--photo-zoom\" role=\"dialog\" data-voc-photozoom-lightbox>\n<div class=\"voc-lightbox__dialog\" role=\"document\">\n<div class=\"voc-lightbox__content\"><!-- Modal header --><!-- Modal content --><\/p>\n<div class=\"voc-lightbox__photo-container\"><picture class><img loading=\"lazy\" data-original=\"\/\/static2.mujerhoy.com\/www\/multimedia\/202309\/29\/media\/cortadas\/elsa-pataky-vestido-largo-kHNB--460x637@MujerHoy.jpg\" alt=\"Elsa Pataky con un vestido largo estampado.\" class=\"lazy\"><noscript><img src=\"http:\/\/hoycordobaweb.com\/wp-content\/uploads\/2023\/09\/de-donde-es-el-vestido-largo-de-elsa-pataky-por-el-que-todo-el-mundo-esta-preguntando-esta-en-el-corte-ingles-y-es-perfecto-para-otono.webp\" alt=\"Elsa Pataky con un vestido largo estampado.\"><\/noscript><\/picture><\/div>\n<\/div>\n<\/div>\n<\/div>\n<p class=\"voc-paragraph\">Elsa lleva un<br \/>\n<strong> vestido largo<\/strong> que es, sin lugar a dudas, un salvavidas estil\u00edstico por excelencia. Un modelo de<br \/>\n<strong> silueta fluida<\/strong> que se encuentra entre las propuestas m\u00e1s destacadas y que desde la firma proponen combinar junto a unas botas de ca\u00f1a alta, planas o de tac\u00f3n, para formar un t\u00e1ndem de \u00e9xito en estilismos transicionales para el d\u00eda a d\u00eda.\n<\/p>\n<p class=\"voc-paragraph\">Pero, \u00bfde d\u00f3nde es este precioso vestido que tanto furor a causado? Pues de Tintoretto. Y como decimos, es un modelo largo, en color teja y que tiene un bonito <strong>estampado en color dorado <\/strong>a contraste. Es de manga larga, lleva el escote en forma de pico y tiene un dise\u00f1o ajustado debajo del pecho que sienta de lujo.\n<\/p>\n<div class=\"voc-detail-photo-zoom\"><picture data-toggle=\"modal\" data-target=\"#photoZoomModal-379\" target=\"modal\">\n<div class=\"voc-img-icon-link\"><img loading=\"lazy\" data-original=\"\/\/static1.mujerhoy.com\/www\/multimedia\/202309\/29\/media\/cortadas\/vestido-largo-estampado-kHNB--460x637@MujerHoy.jpg\" class=\"lazy adsviu_analyse\" alt=\"El vestido de Tintoretto.\"><noscript><img src=\"http:\/\/hoycordobaweb.com\/wp-content\/uploads\/2023\/09\/de-donde-es-el-vestido-largo-de-elsa-pataky-por-el-que-todo-el-mundo-esta-preguntando-esta-en-el-corte-ingles-y-es-perfecto-para-otono-1.webp\" alt=\"El vestido de Tintoretto.\"><\/noscript><i class=\"voc-icons zoom voc-multimedia-box voc-ico-l\"><\/i><\/div><figcaption class=\"figure-caption\">El vestido de Tintoretto.<\/figcaption><\/picture><\/div>\n<div id=\"photoZoomModal-379\" class=\"voc-lightbox modal fade voc-lightbox--photo-zoom\" role=\"dialog\" data-voc-photozoom-lightbox>\n<div class=\"voc-lightbox__dialog\" role=\"document\">\n<div class=\"voc-lightbox__content\"><!-- Modal header --><!-- Modal content --><\/p>\n<div class=\"voc-lightbox__photo-container\"><picture class><img loading=\"lazy\" data-original=\"\/\/static1.mujerhoy.com\/www\/multimedia\/202309\/29\/media\/cortadas\/vestido-largo-estampado-kHNB--460x637@MujerHoy.jpg\" alt=\"El vestido de Tintoretto.\" class=\"lazy\"><noscript><img src=\"http:\/\/hoycordobaweb.com\/wp-content\/uploads\/2023\/09\/de-donde-es-el-vestido-largo-de-elsa-pataky-por-el-que-todo-el-mundo-esta-preguntando-esta-en-el-corte-ingles-y-es-perfecto-para-otono-1.webp\" alt=\"El vestido de Tintoretto.\"><\/noscript><\/picture><\/div>\n<\/div>\n<\/div>\n<\/div>\n<p class=\"voc-paragraph\">Es de mangas abullonadas y est\u00e1 confeccionado en un tejido vaporoso y fluido que es perfecto para estar c\u00f3moda, pero tambi\u00e9n para no pasar desapercibida y ser la mejor vestida all\u00e1 donde vayas. \u00bfSu precio? Pues lo puedes comprar en El Corte Ingl\u00e9s por <strong>89,99 euros<\/strong>.\n<\/p>\n<p class=\"voc-paragraph\">Un vestido que habla por s\u00ed solo y que Elsa combin\u00f3 con joyas doradas de Tintoretto y Vidal&amp;Vidal y con unas <strong>botas camperas<\/strong> en color negro. En concreto, el modelo que escogi\u00f3 era un dise\u00f1o <strong>Latouche <\/strong>de ca\u00f1a alta y en color negro que cuestan 199 euros.\n<\/p>\n<p class=\"voc-paragraph\">En definitva, un look perfecto para el oto\u00f1o al que solo har\u00e1 falta que e a\u00f1adas una <strong>chaqueta <\/strong>para esos momentos m\u00e1s fr\u00edos de la temporada. Prueba con una vaquera para darle un toque m\u00e1s casual, con una biker de cuero o incluso con una blazer. \u00a1Estar\u00e1s ideal!\n<\/p>\n<p><!-- TOPICS --><\/p>\n","protected":false},"excerpt":{"rendered":"<p>Elsa Pataky es un referente en much\u00edsimas cosas. De ella admiramos su rutina de ejercicio, fichamos c\u00f3mo es su alimentaci\u00f3n &#8211; esta es su cena para pesar menos&#8211; y tambi\u00e9n nos encanta copiarle los cosm\u00e9ticos que usa y los estilismos que escoge para cada ocasi\u00f3n. Hoy, venimos a hablarte de esto \u00faltimo. Y es que, [&hellip;]<\/p>\n","protected":false},"author":1,"featured_media":67428,"comment_status":"closed","ping_status":"closed","sticky":false,"template":"","format":"standard","meta":[],"categories":[1],"tags":[],"_links":{"self":[{"href":"http:\/\/hoycordobaweb.com\/index.php\/wp-json\/wp\/v2\/posts\/67427"}],"collection":[{"href":"http:\/\/hoycordobaweb.com\/index.php\/wp-json\/wp\/v2\/posts"}],"about":[{"href":"http:\/\/hoycordobaweb.com\/index.php\/wp-json\/wp\/v2\/types\/post"}],"author":[{"embeddable":true,"href":"http:\/\/hoycordobaweb.com\/index.php\/wp-json\/wp\/v2\/users\/1"}],"replies":[{"embeddable":true,"href":"http:\/\/hoycordobaweb.com\/index.php\/wp-json\/wp\/v2\/comments?post=67427"}],"version-history":[{"count":0,"href":"http:\/\/hoycordobaweb.com\/index.php\/wp-json\/wp\/v2\/posts\/67427\/revisions"}],"wp:featuredmedia":[{"embeddable":true,"href":"http:\/\/hoycordobaweb.com\/index.php\/wp-json\/wp\/v2\/media\/67428"}],"wp:attachment":[{"href":"http:\/\/hoycordobaweb.com\/index.php\/wp-json\/wp\/v2\/media?parent=67427"}],"wp:term":[{"taxonomy":"category","embeddable":true,"href":"http:\/\/hoycordobaweb.com\/index.php\/wp-json\/wp\/v2\/categories?post=67427"},{"taxonomy":"post_tag","embeddable":true,"href":"http:\/\/hoycordobaweb.com\/index.php\/wp-json\/wp\/v2\/tags?post=67427"}],"curies":[{"name":"wp","href":"https:\/\/api.w.org\/{rel}","templated":true}]}}