{"id":67402,"date":"2023-09-30T13:29:00","date_gmt":"2023-09-30T13:29:00","guid":{"rendered":"http:\/\/hoycordobaweb.com\/index.php\/2023\/09\/30\/eslovaquia-vota-en-unas-elecciones-con-repercusiones-directas-sobre-la-ayuda-a-ucrania\/"},"modified":"2023-09-30T13:29:00","modified_gmt":"2023-09-30T13:29:00","slug":"eslovaquia-vota-en-unas-elecciones-con-repercusiones-directas-sobre-la-ayuda-a-ucrania","status":"publish","type":"post","link":"http:\/\/hoycordobaweb.com\/index.php\/2023\/09\/30\/eslovaquia-vota-en-unas-elecciones-con-repercusiones-directas-sobre-la-ayuda-a-ucrania\/","title":{"rendered":"Eslovaquia vota en unas elecciones con repercusiones directas sobre la ayuda a Ucrania"},"content":{"rendered":"<p><img src=\"http:\/\/hoycordobaweb.com\/wp-content\/uploads\/2023\/09\/eslovaquia-vota-en-unas-elecciones-con-repercusiones-directas-sobre-la-ayuda-a-ucrania.jpg\"><\/p>\n<figure class=\"mb-3\"><img loading=\"lazy\" data-src=\"http:\/\/hoycordobaweb.com\/wp-content\/uploads\/2023\/09\/eslovaquia-vota-en-unas-elecciones-con-repercusiones-directas-sobre-la-ayuda-a-ucrania-2.jpg\" src=\"https:\/\/www.telam.com.ar\/assets\/img\/not_image.png\" class=\" lazy \" width=\"100%\" height=\"100%\" alt=\"La contienda se definir entre el partido del ex primer ministro Robert Fico y la formacin Eslovaquia Progresista de Michal Simecka vicepresidente del Parlamento Europeo\"><figcaption> La contienda se definir\u00e1 entre el partido del ex primer ministro Robert Fico y la formaci\u00f3n Eslovaquia Progresista de Michal Simecka, vicepresidente del Parlamento Europeo. <\/figcaption><\/figure>\n<p><strong>Los eslovacos votan este s\u00e1bado<\/strong> en unas elecciones legislativas que determinar\u00e1n la pol\u00edtica exterior del pa\u00eds, incluyendo un posible freno del apoyo a la vecina Ucrania, uno de los temas principales de la campa\u00f1a.<\/p>\n<p>La votaci\u00f3n, en esta naci\u00f3n centroeuropea de 5,4 millones de habitantes integrante de la Uni\u00f3n Europea (UE) y la Organizaci\u00f3n del Tratado del Atl\u00e1ntico Norte (OTAN), terminar\u00e1 a las 22 (las 18 de la Argentina) y enseguida se difundir\u00e1n los sondeos a boca de urna, mientras que este domingo se conocer\u00e1n los resultados definitivos, inform\u00f3 la agencia de noticias AFP.<\/p>\n<p><strong>La contienda se definir\u00e1 entre el partido Smer-SD del ex primer ministro Robert Fico<\/strong> (2006-2010 y 2012-2018) <strong>y la formaci\u00f3n Eslovaquia Progresista de Michal Simecka, vicepresidente del Parlamento Europeo.<\/strong><\/p>\n<p>El vencedor necesitar\u00e1 el apoyo de otros partidos m\u00e1s peque\u00f1os para alcanzar la mayor\u00eda en el Congreso, que consta de 150 esca\u00f1os.&nbsp;El Gobierno resultante reemplazar\u00e1 al gabinete de coalici\u00f3n de centro-derecha que est\u00e1 en el poder desde 2020.<\/p>\n<p>Los candidatos presentan propuestas totalmente opuestas.&nbsp;En la campa\u00f1a, el socialdem\u00f3crata Fico atac\u00f3 tanto a la UE como a la OTAN y a la minor\u00eda LGBTIQ+.&nbsp;Asimismo, se mostr\u00f3 opuesto a seguir dando ayuda militar a Ucrania, que lucha contra la invasi\u00f3n rusa a gran escalada desde febrero de 2022.&nbsp;Eslovaquia es el primer miembro de la OTAN que entreg\u00f3 aviones de combate a Kiev, unos MiG de concepci\u00f3n sovi\u00e9tica.<\/p>\n<p>Simecka, en cambio, propuso exactamente lo contrario, y prometi\u00f3 deshacerse de la Eslovaquia del \u00abpasado\u00bb, en referencia a los dos mandatos de Robert Fico como primer ministro.<\/p>\n<h2 class>Una campa\u00f1a marcada por la desinformaci\u00f3n<\/h2>\n<p>La campa\u00f1a estuvo marcada por una ola de desinformaci\u00f3n que alcanz\u00f3 a la mitad de la poblaci\u00f3n, seg\u00fan analistas.&nbsp;Incluso durante las dos jornadas de veda electoral previas a la votaci\u00f3n, Simecka fue blanco de un video sembrado de informaciones falsas.<\/p>\n<p>En una entrevista brindada esta semana, la presidenta de Eslovaquia, Zuzana Caputova, fustig\u00f3 precisamente una campa\u00f1a marcada por \u00abemociones como la c\u00f3lera e incluso el odio\u00bb.<\/p>\n<p>La elecci\u00f3n de futuras alianzas para el partido vencedor se anuncia variada, ya que podr\u00edan entrar en el Parlamento 11 formaciones.<\/p>\n<p>Los socios potenciales de Fico, tambi\u00e9n opuestos a seguir ayudando militarmente a Ucrania, son el partido Rep\u00fablica, de extrema derecha, y el Partido Nacional Eslovaco (SNS), con el que ya gobern\u00f3 en el pasado.<\/p>\n<p>Eslovaquia Progresista podr\u00eda optar a su vez por los partidos de la coalici\u00f3n saliente de centro-derecha.<\/p>\n<p>Fico dimiti\u00f3 en 2018 en medio de una ola de indignaci\u00f3n causada por el asesinato del periodista de investigaci\u00f3n Jan Kuciak y su pareja, Martina Kusnirova.<\/p>\n<p>Kuciak hab\u00eda revelado la existencia de supuestos v\u00ednculos entre la mafia italiana y el Gobierno de Fico en su \u00faltimo art\u00edculo, publicado p\u00f3stumamente. <\/p>\n","protected":false},"excerpt":{"rendered":"<p>La contienda se definir\u00e1 entre el partido del ex primer ministro Robert Fico y la formaci\u00f3n Eslovaquia Progresista de Michal Simecka, vicepresidente del Parlamento Europeo. Los eslovacos votan este s\u00e1bado en unas elecciones legislativas que determinar\u00e1n la pol\u00edtica exterior del pa\u00eds, incluyendo un posible freno del apoyo a la vecina Ucrania, uno de los temas [&hellip;]<\/p>\n","protected":false},"author":1,"featured_media":67403,"comment_status":"open","ping_status":"closed","sticky":false,"template":"","format":"standard","meta":[],"categories":[24],"tags":[],"_links":{"self":[{"href":"http:\/\/hoycordobaweb.com\/index.php\/wp-json\/wp\/v2\/posts\/67402"}],"collection":[{"href":"http:\/\/hoycordobaweb.com\/index.php\/wp-json\/wp\/v2\/posts"}],"about":[{"href":"http:\/\/hoycordobaweb.com\/index.php\/wp-json\/wp\/v2\/types\/post"}],"author":[{"embeddable":true,"href":"http:\/\/hoycordobaweb.com\/index.php\/wp-json\/wp\/v2\/users\/1"}],"replies":[{"embeddable":true,"href":"http:\/\/hoycordobaweb.com\/index.php\/wp-json\/wp\/v2\/comments?post=67402"}],"version-history":[{"count":0,"href":"http:\/\/hoycordobaweb.com\/index.php\/wp-json\/wp\/v2\/posts\/67402\/revisions"}],"wp:featuredmedia":[{"embeddable":true,"href":"http:\/\/hoycordobaweb.com\/index.php\/wp-json\/wp\/v2\/media\/67403"}],"wp:attachment":[{"href":"http:\/\/hoycordobaweb.com\/index.php\/wp-json\/wp\/v2\/media?parent=67402"}],"wp:term":[{"taxonomy":"category","embeddable":true,"href":"http:\/\/hoycordobaweb.com\/index.php\/wp-json\/wp\/v2\/categories?post=67402"},{"taxonomy":"post_tag","embeddable":true,"href":"http:\/\/hoycordobaweb.com\/index.php\/wp-json\/wp\/v2\/tags?post=67402"}],"curies":[{"name":"wp","href":"https:\/\/api.w.org\/{rel}","templated":true}]}}