{"id":67384,"date":"2023-09-29T18:28:00","date_gmt":"2023-09-29T18:28:00","guid":{"rendered":"http:\/\/hoycordobaweb.com\/index.php\/2023\/09\/29\/celebran-la-ley-johanna-de-atencion-a-personas-gestantes-y-piden-que-se-cumpla\/"},"modified":"2023-09-29T18:28:00","modified_gmt":"2023-09-29T18:28:00","slug":"celebran-la-ley-johanna-de-atencion-a-personas-gestantes-y-piden-que-se-cumpla","status":"publish","type":"post","link":"http:\/\/hoycordobaweb.com\/index.php\/2023\/09\/29\/celebran-la-ley-johanna-de-atencion-a-personas-gestantes-y-piden-que-se-cumpla\/","title":{"rendered":"Celebran la Ley \u00abJohanna\u00bb de atenci\u00f3n a personas gestantes y piden que se cumpla"},"content":{"rendered":"<p><img src=\"http:\/\/hoycordobaweb.com\/wp-content\/uploads\/2023\/09\/celebran-la-ley-johanna-de-atencion-a-personas-gestantes-y-piden-que-se-cumpla.jpg\"><\/p>\n<figure class=\"mb-3\"><img loading=\"lazy\" data-src=\"http:\/\/hoycordobaweb.com\/wp-content\/uploads\/2023\/09\/celebran-la-ley-johanna-de-atencion-a-personas-gestantes-y-piden-que-se-cumpla-2.jpg\" src=\"https:\/\/www.telam.com.ar\/assets\/img\/not_image.png\" class=\" lazy \" width=\"100%\" height=\"100%\" alt=\"Foto Diego Aroz\"><figcaption> Foto: Diego Ar\u00e1oz. <\/figcaption><\/figure>\n<p>Activistas del Observatorio de Violencia Obst\u00e9trica Argentina (OVOA) celebraron este viernes la aprobaci\u00f3n de la ley \u00abJohanna\u00bb que fija los procedimientos m\u00e9dico-asistenciales para la atenci\u00f3n de mujeres y personas gestantes frente a la muerte perinatal porque \u00abpone en discusi\u00f3n la insensibilidad de un sistema\u00bb y aseveraron que \u00abla lucha, ahora, est\u00e1 en que se cumpla y sino, que haya sanciones\u00bb.<\/p>\n<p>El Senado de la Naci\u00f3n aprob\u00f3 la madrugada de este viernes, y convirti\u00f3 en ley de manera un\u00e1nime, el proyecto llegado en revisi\u00f3n desde Diputados y que fija los procedimientos m\u00e9dico-asistenciales para la atenci\u00f3n de mujeres y personas gestantes frente a la muerte perinatal.<\/p>\n<p><strong>La iniciativa define a la muerte perinatal como aquella que se produce entre la semana 22 y hasta siete d\u00edas despu\u00e9s del nacimiento del beb\u00e9.<\/strong><\/p>\n<blockquote class=\"twitter-tweet\" readability=\"5.8117283950617\">\n<p lang=\"es\" dir=\"ltr\">Con 54 votos afirmativos se aprob\u00f3 el proyecto de ley que establece los Procedimientos M\u00e9dico-Asistenciales para la Atenci\u00f3n de Mujeres y Personas Gestantes frente a la Muerte Perinatal.<br \/>Mir\u00e1 el video y conoc\u00e9 m\u00e1s sobre la <a href=\"https:\/\/twitter.com\/hashtag\/LeyJohanna?src=hash&amp;ref_src=twsrc%5Etfw\">#LeyJohanna<\/a> <a href=\"https:\/\/t.co\/0RAWfEEZmV\">pic.twitter.com\/0RAWfEEZmV<\/a><\/p>\n<p>\u2014 Senado Argentina (@SenadoArgentina) <a href=\"https:\/\/twitter.com\/SenadoArgentina\/status\/1707634779535896940?ref_src=twsrc%5Etfw\">September 29, 2023<\/a><\/p><\/blockquote>\n<p>El texto del proyecto se\u00f1ala que todas las obras sociales, las entidades de medicina prepaga y todos aquellos agentes que brinden servicios m\u00e9dicos asistenciales a sus afiliados, independientemente de la figura jur\u00eddica que posean, deber\u00e1n instrumentar de forma obligatoria las medidas y ejecutar los cambios necesarios para garantizar el cumplimiento de la ley.<\/p>\n<p>Su objetivo es posibilitar un <strong>ambiente de contenci\u00f3n y cuidado<\/strong>, con el acompa\u00f1amiento de especialistas, facilitar las opciones terap\u00e9uticas y las gestiones a realizar, seg\u00fan detall\u00f3 la C\u00e1mara de Senadores de la Naci\u00f3n.<\/p>\n<p>\u00abLas mujeres y personas gestantes tendr\u00e1n derecho a recibir informaci\u00f3n suficiente y adecuada; un trato respetuoso, individual y personalizado; tomar contacto con el cuerpo sin vida, teniendo la opci\u00f3n de hacerlo acompa\u00f1adas por un psic\u00f3logo; tomar conocimiento fehaciente de las causas que originaron el deceso de su beb\u00e9; recibir informaci\u00f3n sobre lactancia, as\u00ed como de m\u00e9todos de inhibici\u00f3n y\/o donaci\u00f3n de \u00e9sta; entre otros\u00bb, describe el articulado de la normativa.<\/p>\n<p>La ley lleva el nombre de <strong>Johanna Piferrer<\/strong>, impulsora de la iniciativa, quien fue v\u00edctima de la violencia y el destrato del sistema de salud cuando falleci\u00f3 su beb\u00e9 -Ciro- mientras cursaba la semana 33 de embarazo.<\/p>\n<blockquote class=\"instagram-media\" data-instgrm-permalink=\"https:\/\/www.instagram.com\/p\/CscNV95vREl\/?utm_source=ig_embed&amp;utm_campaign=loading\" data-instgrm-version=\"14\" readability=\"-0.21875\"><\/blockquote>\n<p>Consultada sobre la aprobaci\u00f3n de la Ley Johanna, la activista, feminista e integrante de la organizaci\u00f3n Observatorio de Violencia Obst\u00e9trica Argentina (OVOA), <strong>Violeta Osorio<\/strong>, consider\u00f3 que la normativa es \u00abuna deuda enorme del Estado argentino y del sistema m\u00e9dico hegem\u00f3nico en relaci\u00f3n a las mujeres y sus familias que atraviesan p\u00e9rdidas gestacionales\u00bb.<\/p>\n<p>\u00abComo toda ley que habla de los derechos sexuales reproductivos y no reproductivos, principalmente de las mujeres, <strong>causa sorpresa que tengamos que hablar de la necesidad de poner leyes para que se respeten derechos humanos b\u00e1sicos<\/strong> como el de la dignidad, integridad y la soberan\u00eda, al atravesar -en este caso- un proceso tan complejo y que puede ser tan traum\u00e1tico para una familia\u00bb, afirm\u00f3 Osorio a T\u00e9lam.<\/p>\n<p>\u00abAqu\u00ed, lo importante es entender que la ley Johanna viene a poner en discusi\u00f3n que si bien una tragedia puede ser inevitable, la insensibilidad y la crueldad de un sistema es lo que convierte, a ese hecho tr\u00e1gico, en un evento absolutamente traum\u00e1tico, del que es muy dif\u00edcil recuperarse\u00bb, agreg\u00f3.<\/p>\n<figure class=\"mb-3\"><img loading=\"lazy\" data-src=\"http:\/\/hoycordobaweb.com\/wp-content\/uploads\/2023\/09\/celebran-la-ley-johanna-de-atencion-a-personas-gestantes-y-piden-que-se-cumpla-3.jpg\" src=\"https:\/\/www.telam.com.ar\/assets\/img\/not_image.png\" class=\" lazy \" width=\"100%\" height=\"100%\" alt=\"Foto X ex Twitter\"><figcaption> Foto: X (ex Twitter). <\/figcaption><\/figure>\n<p>Uno de los ejemplos que mencion\u00f3 Osorio es <strong>que se cuide y prevea que la persona que atraves\u00f3 una p\u00e9rdida gestacional o neonatal, no est\u00e9 ingresada en el \u00e1rea de maternidad junto con otras personas parturientas<\/strong> o que se encuentran en su trabajo de parto.<\/p>\n<p>Otro es el derecho a recibir y acceder a <strong>asesoramiento sobre c\u00f3mo llevar adelante todo el cambio f\u00edsico que ha llevado el embarazo y que con una p\u00e9rdida, cuando no hay un beb\u00e9 en brazos, es totalmente distinto<\/strong>.<\/p>\n<p>Tambi\u00e9n, lo interesante de la Ley Johanna, y destacado por la activista, es \u00abla historia que hay detr\u00e1s: viene a hablarnos de la historia de una mujer que supo colectivizar su tragedia y su experiencia y nos dio la posibilidad de participar de su lucha\u00bb.<\/p>\n<p><strong>\u00abEs un enorme ejemplo para toda la sociedad\u00bb<\/strong>, agreg\u00f3.<\/p>\n<blockquote class><p>\u00abLa ley Johanna viene a poner en discusi\u00f3n que si bien una tragedia puede ser inevitable, la insensibilidad y la crueldad de un sistema es lo que convierte, a ese hecho tr\u00e1gico, en un evento absolutamente traum\u00e1tico\u00bb<cite class=\"author\">Violeta Osorio<\/cite><\/p><\/blockquote>\n<p>Esas p\u00e9rdidas gestacionales se recrudecen socialmente porque tienen el componente social de que \u00abdeben vivirse en silencio, incluso con verg\u00fcenza, porque hay algo en nuestro cuerpo que no funcion\u00f3 o -tal vez- no deseamos lo suficiente ese embarazo o quien sabe qu\u00e9 hicimos, adem\u00e1s de que hay todo un silencio en relaci\u00f3n a esos momentos\u00bb, complet\u00f3.<\/p>\n<p>La diputada <strong>M\u00f3nica Macha<\/strong>, quien present\u00f3 el proyecto de Ley, explic\u00f3 a T\u00e9lam \u00abque lo que se propone es la <strong>creaci\u00f3n e incorporaci\u00f3n de protocolos y programas en los hospitales<\/strong> y distintos espacios de salud, para que se pueda intervenir de un modo m\u00e1s humano y emp\u00e1tico en t\u00e9rminos de salud f\u00edsica y mental en los contextos de muertes neonatales o perinatales\u00bb.<\/p>\n<p>\u00abSignifica desde el acompa\u00f1amiento psicol\u00f3gico hasta c\u00f3mo es el asesoramientos en t\u00e9rminos f\u00edsicos, cu\u00e1l es el tiempo que la familia necesita para estar con el cuerpo de ese beb\u00e9, que tal vez naci\u00f3 sin vida o muri\u00f3 a las pocas horas, porque entendemos que esas horas son fundamentales sobre c\u00f3mo se va a desencadenar el proceso de duelo, que llevar\u00e1 un tiempo subjetivo\u00bb, agreg\u00f3 la diputada.<\/p>\n<figure class=\"mb-3\"><img loading=\"lazy\" data-src=\"http:\/\/hoycordobaweb.com\/wp-content\/uploads\/2023\/09\/celebran-la-ley-johanna-de-atencion-a-personas-gestantes-y-piden-que-se-cumpla-4.jpg\" src=\"https:\/\/www.telam.com.ar\/assets\/img\/not_image.png\" class=\" lazy \" width=\"100%\" height=\"100%\" alt=\"Foto Archivo\"><figcaption> Foto: Archivo. <\/figcaption><\/figure>\n<p>En tanto, la psic\u00f3loga perinatal <strong>Brenda Charnis<\/strong>, tambi\u00e9n integrante de la agrupaci\u00f3n OVOA, consider\u00f3 que \u00abresulta clave que exista la ley de atenci\u00f3n a pacientes antes de la muerte perinatal porque es necesario que en las instituciones haya un protocolo sobre c\u00f3mo <strong>acompa\u00f1ar a las personas gestantes y sus familias que atraviesan semejante situaci\u00f3n<\/strong>, en todos lo lugares y que sea de la misma forma\u00bb.<\/p>\n<p><strong>\u00abEsto no puede quedar a criterio de cada profesional, tiene que haber un criterio colectivo sobre c\u00f3mo deben ser atendidas, acompa\u00f1adas, cu\u00e1les son los protocolos a seguir o d\u00f3nde deben estar en la instituci\u00f3n medica\u00bb<\/strong>, se\u00f1al\u00f3 Charnis.<\/p>\n<p>La psic\u00f3loga cont\u00f3 que \u00abatravesar un duelo perinatal es una de las cosas m\u00e1s complejas que veo en el consultorio, la violencia que atraviesan las personas gestantes y sus familias es muy cruel, porque llev\u00e1s la carga del duelo y la de la violencia obst\u00e9trica institucional\u00bb.<\/p>\n<blockquote class><p>\u00abAtravesar un duelo perinatal es una de las cosas m\u00e1s complejas que veo en el consultorio, la violencia que atraviesan las personas gestantes y sus familias es muy cruel, porque llev\u00e1s la carga del duelo y la de la violencia obst\u00e9trica institucional\u00bb<cite class=\"author\">Brenda Charnis<\/cite><\/p><\/blockquote>\n<p>Y ansi\u00f3 que \u00abesta ley sea cumplida\u00bb al explicar que \u00abes por lo que hay que luchar ahora que ya la tenemos\u00bb.<\/p>\n<p>Si no se cumple con la ley, entonces, dijo, que \u00abexistan las<strong> sanciones correspondientes <\/strong>y que no suceda lo que pasa con la <a href=\"https:\/\/www.telam.com.ar\/notas\/202305\/628504-parto-respetado.html\" target=\"_blank\" rel=\"noopener noreferrer\">ley de parto respetado<\/a>, que si bien es clave, porque fue lo que nos permiti\u00f3 hablar de violencia obst\u00e9trica, es una normativa que no se cumple por la inexistencia de sanciones\u00bb. <\/p>\n","protected":false},"excerpt":{"rendered":"<p>Foto: Diego Ar\u00e1oz. Activistas del Observatorio de Violencia Obst\u00e9trica Argentina (OVOA) celebraron este viernes la aprobaci\u00f3n de la ley \u00abJohanna\u00bb que fija los procedimientos m\u00e9dico-asistenciales para la atenci\u00f3n de mujeres y personas gestantes frente a la muerte perinatal porque \u00abpone en discusi\u00f3n la insensibilidad de un sistema\u00bb y aseveraron que \u00abla lucha, ahora, est\u00e1 en [&hellip;]<\/p>\n","protected":false},"author":1,"featured_media":67385,"comment_status":"open","ping_status":"closed","sticky":false,"template":"","format":"standard","meta":[],"categories":[19],"tags":[],"_links":{"self":[{"href":"http:\/\/hoycordobaweb.com\/index.php\/wp-json\/wp\/v2\/posts\/67384"}],"collection":[{"href":"http:\/\/hoycordobaweb.com\/index.php\/wp-json\/wp\/v2\/posts"}],"about":[{"href":"http:\/\/hoycordobaweb.com\/index.php\/wp-json\/wp\/v2\/types\/post"}],"author":[{"embeddable":true,"href":"http:\/\/hoycordobaweb.com\/index.php\/wp-json\/wp\/v2\/users\/1"}],"replies":[{"embeddable":true,"href":"http:\/\/hoycordobaweb.com\/index.php\/wp-json\/wp\/v2\/comments?post=67384"}],"version-history":[{"count":0,"href":"http:\/\/hoycordobaweb.com\/index.php\/wp-json\/wp\/v2\/posts\/67384\/revisions"}],"wp:featuredmedia":[{"embeddable":true,"href":"http:\/\/hoycordobaweb.com\/index.php\/wp-json\/wp\/v2\/media\/67385"}],"wp:attachment":[{"href":"http:\/\/hoycordobaweb.com\/index.php\/wp-json\/wp\/v2\/media?parent=67384"}],"wp:term":[{"taxonomy":"category","embeddable":true,"href":"http:\/\/hoycordobaweb.com\/index.php\/wp-json\/wp\/v2\/categories?post=67384"},{"taxonomy":"post_tag","embeddable":true,"href":"http:\/\/hoycordobaweb.com\/index.php\/wp-json\/wp\/v2\/tags?post=67384"}],"curies":[{"name":"wp","href":"https:\/\/api.w.org\/{rel}","templated":true}]}}