{"id":67339,"date":"2023-09-29T00:12:00","date_gmt":"2023-09-29T00:12:00","guid":{"rendered":"https:\/\/fm-comunicar.com.ar\/contenido\/20763\/colonia-caroya-la-nueva-sala-cuna-eva-duarte-ya-esta-en-funcionamiento"},"modified":"2023-09-29T00:12:00","modified_gmt":"2023-09-29T00:12:00","slug":"colonia-caroya-la-nueva-sala-cuna-eva-duarte-ya-esta-en-funcionamiento","status":"publish","type":"post","link":"http:\/\/hoycordobaweb.com\/index.php\/2023\/09\/29\/colonia-caroya-la-nueva-sala-cuna-eva-duarte-ya-esta-en-funcionamiento\/","title":{"rendered":"Colonia Caroya: La nueva Sala Cuna \u201cEva Duarte\u201d ya est\u00e1 en funcionamiento"},"content":{"rendered":"<p>El acto fue este jueves, en el Centro Integrador Comunitario.Ademas este espacio cuenta con cocina, despensa, dep\u00f3sito, tres aulas, \u00e1rea de direcci\u00f3n, bater\u00eda de ba\u00f1os y administraci\u00f3n.<img src=\"http:\/\/hoycordobaweb.com\/wp-content\/uploads\/2023\/09\/colonia-caroya-la-nueva-sala-cuna-eva-duarte-ya-esta-en-funcionamiento.jpg\"><\/p>\n","protected":false},"excerpt":{"rendered":"<p>El acto fue este jueves, en el Centro Integrador Comunitario.Ademas este espacio cuenta con cocina, despensa, dep\u00f3sito, tres aulas, \u00e1rea de direcci\u00f3n, bater\u00eda de ba\u00f1os y administraci\u00f3n.<\/p>\n","protected":false},"author":1,"featured_media":67340,"comment_status":"closed","ping_status":"closed","sticky":false,"template":"","format":"standard","meta":[],"categories":[18],"tags":[],"_links":{"self":[{"href":"http:\/\/hoycordobaweb.com\/index.php\/wp-json\/wp\/v2\/posts\/67339"}],"collection":[{"href":"http:\/\/hoycordobaweb.com\/index.php\/wp-json\/wp\/v2\/posts"}],"about":[{"href":"http:\/\/hoycordobaweb.com\/index.php\/wp-json\/wp\/v2\/types\/post"}],"author":[{"embeddable":true,"href":"http:\/\/hoycordobaweb.com\/index.php\/wp-json\/wp\/v2\/users\/1"}],"replies":[{"embeddable":true,"href":"http:\/\/hoycordobaweb.com\/index.php\/wp-json\/wp\/v2\/comments?post=67339"}],"version-history":[{"count":0,"href":"http:\/\/hoycordobaweb.com\/index.php\/wp-json\/wp\/v2\/posts\/67339\/revisions"}],"wp:featuredmedia":[{"embeddable":true,"href":"http:\/\/hoycordobaweb.com\/index.php\/wp-json\/wp\/v2\/media\/67340"}],"wp:attachment":[{"href":"http:\/\/hoycordobaweb.com\/index.php\/wp-json\/wp\/v2\/media?parent=67339"}],"wp:term":[{"taxonomy":"category","embeddable":true,"href":"http:\/\/hoycordobaweb.com\/index.php\/wp-json\/wp\/v2\/categories?post=67339"},{"taxonomy":"post_tag","embeddable":true,"href":"http:\/\/hoycordobaweb.com\/index.php\/wp-json\/wp\/v2\/tags?post=67339"}],"curies":[{"name":"wp","href":"https:\/\/api.w.org\/{rel}","templated":true}]}}