{"id":67328,"date":"2023-09-28T17:48:00","date_gmt":"2023-09-28T17:48:00","guid":{"rendered":"http:\/\/hoycordobaweb.com\/index.php\/2023\/09\/28\/abrio-el-debate-del-proyecto-que-establece-la-devolucion-del-iva\/"},"modified":"2023-09-28T17:48:00","modified_gmt":"2023-09-28T17:48:00","slug":"abrio-el-debate-del-proyecto-que-establece-la-devolucion-del-iva","status":"publish","type":"post","link":"http:\/\/hoycordobaweb.com\/index.php\/2023\/09\/28\/abrio-el-debate-del-proyecto-que-establece-la-devolucion-del-iva\/","title":{"rendered":"Abri\u00f3 el debate del proyecto que establece la devoluci\u00f3n del IVA"},"content":{"rendered":"<p><img src=\"http:\/\/hoycordobaweb.com\/wp-content\/uploads\/2023\/09\/abrio-el-debate-del-proyecto-que-establece-la-devolucion-del-iva.jpg\"><\/p>\n<figure class=\"mb-3\"><img loading=\"lazy\" data-src=\"http:\/\/hoycordobaweb.com\/wp-content\/uploads\/2023\/09\/abrio-el-debate-del-proyecto-que-establece-la-devolucion-del-iva-2.jpg\" src=\"https:\/\/www.telam.com.ar\/assets\/img\/not_image.png\" class=\" lazy \" width=\"100%\" height=\"100%\" alt=\"Foto Victoria Gesualdi\"><figcaption> Foto: Victoria Gesualdi. <\/figcaption><\/figure>\n<p>La Comisi\u00f3n de Presupuesto y Hacienda de la C\u00e1mara de Diputados inici\u00f3 este jueves el debate del proyecto de ley del Poder Ejecutivo que<strong> establece la devoluci\u00f3n del IVA para los productos de la canasta b\u00e1sica a sectores con menores ingresos<\/strong>, en una reuni\u00f3n informativa que cont\u00f3 con la presencia de funcionarios nacionales.<\/p>\n<p>De la reuni\u00f3n de la comisi\u00f3n que preside el oficialista Carlos Heller, que se realiz\u00f3 en el Anexo C de la C\u00e1mara baja, participaron el titular de la Administraci\u00f3n Federal de Ingresos P\u00fablicos (AFIP), Carlos Castagneto; la subsecretaria de Ingresos P\u00fablicos, Claudia Balestrini, y el director general de Aduanas, Guillermo Michel.<\/p>\n<p>Heller anticip\u00f3 que en este encuentro no se emitir\u00eda dictamen y que <strong>se avanzar\u00e1 en el despacho en las pr\u00f3ximas semanas<\/strong>, al destacar la intenci\u00f3n del oficialismo de \u00abempezar cuanto antes a conversar de cuestiones de tratamiento del proyecto\u00bb.<\/p>\n<figure class=\"mb-3\"><img loading=\"lazy\" data-src=\"http:\/\/hoycordobaweb.com\/wp-content\/uploads\/2023\/09\/abrio-el-debate-del-proyecto-que-establece-la-devolucion-del-iva-3.jpg\" src=\"https:\/\/www.telam.com.ar\/assets\/img\/not_image.png\" class=\" lazy \" width=\"100%\" height=\"100%\" alt=\"Foto Victoria Gesualdi\"><figcaption> Foto: Victoria Gesualdi. <\/figcaption><\/figure>\n<p>Al exponer ante los Diputados, Castagneto precis\u00f3 que <strong>\u00abm\u00e1s de 10.700.000 personas han entrado a comprar,<\/strong> a partir de esta medida que tiene gran aceptaci\u00f3n de la poblaci\u00f3n\u00bb, y dijo que \u00abes fundamental utilizar el ticket porque nos da una trazabilidad en la comercializaci\u00f3n con tarjeta de d\u00e9bito o c\u00f3digo QR\u00bb.<\/p>\n<p>A su turno, Michel record\u00f3 que en 2002 \u00abse aprob\u00f3 un esquema para reducci\u00f3n del costo fiscal sobre el IVA de la canasta alimentaria con el entonces ministro Roberto Lavagna pero no funcion\u00f3 porque la baja no se materializ\u00f3 en una baja del costo impositivo\u00bb, y destac\u00f3 que luego \u00abse estableci\u00f3 reintegro de 5 puntos del IVA para consumo con d\u00e9bito que alcanz\u00f3 a todos los bienes excepto combustibles, que funcion\u00f3 muy bien hasta diciembre 2016 cuando el exministro (Nicol\u00e1s) Dujovne lo sac\u00f3\u00bb.<\/p>\n<p>Balestrini, por su parte, dijo que<strong> el objetivo del proyecto es \u00abeliminar este impacto que puede tener la carga tributaria para aumentar capacidad de compra <\/strong>para determinados sectores, cuyos ingresos son destinados mayormente al consumo de productos de mayor necesidad\u00bb, y sostuvo que con esta iniciativa se busca que la medida \u00abse instale como una verdadera pol\u00edtica p\u00fablica\u00bb.<\/p>\n<blockquote class><p>&nbsp;\u00abM\u00e1s de 10.700.000 personas han entrado a comprar&nbsp;a partir de esta medida, que tiene gran aceptaci\u00f3n de la poblaci\u00f3n\u00bb<cite class=\"author\">Carlos Castagnetto<\/cite><\/p><\/blockquote>\n<p><\/p>\n<figure class=\"mb-3\"><img loading=\"lazy\" data-src=\"http:\/\/hoycordobaweb.com\/wp-content\/uploads\/2023\/09\/abrio-el-debate-del-proyecto-que-establece-la-devolucion-del-iva-4.jpg\" src=\"https:\/\/www.telam.com.ar\/assets\/img\/not_image.png\" class=\" lazy \" width=\"100%\" height=\"100%\" alt=\"Foto Victoria Gesualdi\"><figcaption> Foto: Victoria Gesualdi. <\/figcaption><\/figure>\n<p>Al responder preguntas, Castagneto precis\u00f3 que \u00abno hay exclusi\u00f3n en la devoluci\u00f3n del IVA\u00bb, y puso de relieve que<strong> esta medida \u00abva a producir que muchos supermercados y comercios de cercan\u00eda van a facturar mucho m\u00e1s<\/strong>; lo estamos viendo en la facturaci\u00f3n, los tickets, para hacer que todos los impuestos sean progresivos\u00bb.<\/p>\n<p>\u00abEn este proyecto de ley no solamente se incluyen las tarjetas de d\u00e9bito, sino tambi\u00e9n las tarjetas de cr\u00e9dito y medios electr\u00f3nicos de pago, esto es importante porque es una ampliaci\u00f3n del r\u00e9gimen\u00bb, precis\u00f3 Balestrini.<\/p>\n<blockquote class><p>\u00abEn este proyecto de ley no solamente se incluyen las tarjetas de d\u00e9bito, sino tambi\u00e9n las tarjetas de cr\u00e9dito y medios electr\u00f3nicos de pago, esto es importante porque es una ampliaci\u00f3n del r\u00e9gimen\u00bb<cite class=\"author\">Claudia Balestrini<\/cite><\/p><\/blockquote>\n<p>Desde JXC, el diputado nacional de Evoluci\u00f3n Radical <strong>Alejandro Cacace<\/strong> dijo estar de acuerdo con el reintegro del IVA en lugar de la reducci\u00f3n de esa al\u00edcuota, y consult\u00f3 a los funcionarios por qu\u00e9 se excluy\u00f3 a los trabajadores informales de la medida.<\/p>\n<p>En tanto, el diputado de la Coalici\u00f3n C\u00edvica<strong> Juan Manuel L\u00f3pez <\/strong>hizo referencia a las \u00abseparatas\u00bb del Presupuesto 2024 enviado por el Poder Ejecutivo, y cuestion\u00f3 la existencia de un supuesto acuerdo entre el ministro de Econom\u00eda, Sergio Massa, y el diputado y candidato de LLA, Javier Milei, para tratar \u00abdespu\u00e9s de las elecciones\u00bb la ley de leyes.<\/p>\n<figure class=\"mb-3\"><img loading=\"lazy\" data-src=\"http:\/\/hoycordobaweb.com\/wp-content\/uploads\/2023\/09\/abrio-el-debate-del-proyecto-que-establece-la-devolucion-del-iva-5.jpg\" src=\"https:\/\/www.telam.com.ar\/assets\/img\/not_image.png\" class=\" lazy \" width=\"100%\" height=\"100%\" alt=\"Foto Victoria Gesualdi\"><figcaption> Foto: Victoria Gesualdi. <\/figcaption><\/figure>\n<p>A trav\u00e9s de Heller el oficialismo neg\u00f3 que se tratara de \u00abun acuerdo\u00bb, pero el titular del bloque del FDT, <strong>Germ\u00e1n Mart\u00ednez<\/strong>, propuso ir avanzando con reuniones informales para analizar el tema, a la vez que se mostr\u00f3 dispuesto a hacer las modificaciones que los diputados crean pertinentes sobre el proyecto Compra IVA.<\/p>\n<p>Antes, Mart\u00ednez puso de relieve que \u00abhay coincidencia en la justicia de la medida y a d\u00f3nde apunta, as\u00ed como con el mecanismo de reintegro y la manera de instrumentar la medida. Ojal\u00e1 que nos permita poder avanzar\u00bb, manifest\u00f3.<\/p>\n<h2 class>El proyecto<\/h2>\n<p>Impulsado por Massa, ingres\u00f3 el viernes pasado a la C\u00e1mara de Diputados y<strong> la intenci\u00f3n del oficialismo es darle media sanci\u00f3n durante octubre<\/strong>, seg\u00fan fuentes parlamentarias.<\/p>\n<p>El proyecto de nueve art\u00edculos aclara que la medida <strong>comenzar\u00e1 a regir desde el 1 de enero de 2024<\/strong> y tambi\u00e9n que se faculta a la autoridad de aplicaci\u00f3n a ampliar los beneficiarios alcanzados por la legislaci\u00f3n.<\/p>\n<p>En el art\u00edculo 1 se estableci\u00f3 que los beneficiarios del reintegro del IVA ser\u00e1n quienes perciban jubilaciones, pensiones por fallecimiento y pensiones no contributivas, en un monto mensual que no exceda la suma de seis haberes m\u00ednimos garantizados, los beneficiarios de asignaciones universales por hijo para protecci\u00f3n social y las de embarazo para protecci\u00f3n social.<\/p>\n<p>Asimismo, ser\u00e1n alcanzados por este beneficio trabajadores que presten servicios remunerados en relaci\u00f3n de dependencia en la actividad privada o p\u00fablica, siempre que el ingreso mensual no supere la suma equivalente a seis veces el Salario M\u00ednimo, Vital y M\u00f3vil (SMVM), los comprendidos dentro del R\u00e9gimen Especial de Contrato de Trabajo para el Personal de Casas Particulares y aportantes del R\u00e9gimen Simplificado para Peque\u00f1os Contribuyentes (RS) que se encuentren encuadradas y encuadrados en la Ley 24.977.<\/p>\n<figure class=\"mb-3\"><img loading=\"lazy\" data-src=\"http:\/\/hoycordobaweb.com\/wp-content\/uploads\/2023\/09\/abrio-el-debate-del-proyecto-que-establece-la-devolucion-del-iva-6.jpg\" src=\"https:\/\/www.telam.com.ar\/assets\/img\/not_image.png\" class=\" lazy \" width=\"100%\" height=\"100%\" alt=\"El proyecto de nueve artculos aclara que la medida comenzar a regir desde el 1 de enero de 2024\"><figcaption> El proyecto de nueve art\u00edculos aclara que la medida comenzar\u00e1 a regir desde el 1 de enero de 2024. <\/figcaption><\/figure>\n<p>El proyecto precisa tambi\u00e9n que \u00abest\u00e1n alcanzadas por el beneficio de este Programa las compras de bienes en el marco de la Tarjeta Alimentar o de las tarjetas emitidas a beneficiarias y beneficiarios del Programa Nacional de Inclusi\u00f3n Socio-Productiva y Desarrollo Local-Potenciar Trabajo.<\/p>\n<p>En el art\u00edculo 4 del proyecto establece que <strong>\u00abel reintegro mensual previsto en el presente Programa no podr\u00e1 superar el 21% del valor de la Canasta B\u00e1sica Alimentaria <\/strong>para un hogar tipo 2, vigente en cada mes\u00bb.<\/p>\n<p>Si bien se trata de una reuni\u00f3n informativa, el oficialismo tiene mayor\u00eda de integrantes (24 sobre 49) en la comisi\u00f3n de Presupuesto, y con s\u00f3lo sumar un aliado se asegurar\u00eda el dictamen.<\/p>\n","protected":false},"excerpt":{"rendered":"<p>Foto: Victoria Gesualdi. La Comisi\u00f3n de Presupuesto y Hacienda de la C\u00e1mara de Diputados inici\u00f3 este jueves el debate del proyecto de ley del Poder Ejecutivo que establece la devoluci\u00f3n del IVA para los productos de la canasta b\u00e1sica a sectores con menores ingresos, en una reuni\u00f3n informativa que cont\u00f3 con la presencia de funcionarios [&hellip;]<\/p>\n","protected":false},"author":1,"featured_media":67329,"comment_status":"open","ping_status":"closed","sticky":false,"template":"","format":"standard","meta":[],"categories":[19],"tags":[],"_links":{"self":[{"href":"http:\/\/hoycordobaweb.com\/index.php\/wp-json\/wp\/v2\/posts\/67328"}],"collection":[{"href":"http:\/\/hoycordobaweb.com\/index.php\/wp-json\/wp\/v2\/posts"}],"about":[{"href":"http:\/\/hoycordobaweb.com\/index.php\/wp-json\/wp\/v2\/types\/post"}],"author":[{"embeddable":true,"href":"http:\/\/hoycordobaweb.com\/index.php\/wp-json\/wp\/v2\/users\/1"}],"replies":[{"embeddable":true,"href":"http:\/\/hoycordobaweb.com\/index.php\/wp-json\/wp\/v2\/comments?post=67328"}],"version-history":[{"count":0,"href":"http:\/\/hoycordobaweb.com\/index.php\/wp-json\/wp\/v2\/posts\/67328\/revisions"}],"wp:featuredmedia":[{"embeddable":true,"href":"http:\/\/hoycordobaweb.com\/index.php\/wp-json\/wp\/v2\/media\/67329"}],"wp:attachment":[{"href":"http:\/\/hoycordobaweb.com\/index.php\/wp-json\/wp\/v2\/media?parent=67328"}],"wp:term":[{"taxonomy":"category","embeddable":true,"href":"http:\/\/hoycordobaweb.com\/index.php\/wp-json\/wp\/v2\/categories?post=67328"},{"taxonomy":"post_tag","embeddable":true,"href":"http:\/\/hoycordobaweb.com\/index.php\/wp-json\/wp\/v2\/tags?post=67328"}],"curies":[{"name":"wp","href":"https:\/\/api.w.org\/{rel}","templated":true}]}}