{"id":67280,"date":"2023-09-27T17:48:00","date_gmt":"2023-09-27T17:48:00","guid":{"rendered":"http:\/\/hoycordobaweb.com\/index.php\/2023\/09\/27\/debemos-proteger-a-los-sectores-mas-vulnerables-de-cara-a-la-transicion-energetica\/"},"modified":"2023-09-27T17:48:00","modified_gmt":"2023-09-27T17:48:00","slug":"debemos-proteger-a-los-sectores-mas-vulnerables-de-cara-a-la-transicion-energetica","status":"publish","type":"post","link":"http:\/\/hoycordobaweb.com\/index.php\/2023\/09\/27\/debemos-proteger-a-los-sectores-mas-vulnerables-de-cara-a-la-transicion-energetica\/","title":{"rendered":"\u00abDebemos proteger a los sectores m\u00e1s vulnerables\u00bb de cara a la transici\u00f3n energ\u00e9tica"},"content":{"rendered":"<p><img src=\"http:\/\/hoycordobaweb.com\/wp-content\/uploads\/2023\/09\/debemos-proteger-a-los-sectores-mas-vulnerables-de-cara-a-la-transicion-energetica.jpg\"><\/p>\n<figure class=\"mb-3\"><img loading=\"lazy\" data-src=\"http:\/\/hoycordobaweb.com\/wp-content\/uploads\/2023\/09\/debemos-proteger-a-los-sectores-mas-vulnerables-de-cara-a-la-transicion-energetica-2.jpg\" src=\"https:\/\/www.telam.com.ar\/assets\/img\/not_image.png\" class=\" lazy \" width=\"100%\" height=\"100%\" alt=\"La funcionaria tambin destac el rol del gasoducto Presidente Nstor Kirchner entendiendo al gas natural como vector en la transicin energtica Foto Prensa\"><figcaption> La funcionaria tambi\u00e9n destac\u00f3 el rol del gasoducto Presidente N\u00e9stor Kirchner, entendiendo al \u201cgas natural como vector en la transici\u00f3n energ\u00e9tica\u201d \/ Foto: Prensa. <\/figcaption><\/figure>\n<p>La subsecretaria de Planeamiento Energ\u00e9tico, <strong>Cecilia Garibotti<\/strong>, sostuvo que la transici\u00f3n energ\u00e9tica debe ser \u201cjusta y sostenible\u201d, y argument\u00f3 que \u201ccomo punto de partida\u00bb es necesario \u00abproteger a los sectores m\u00e1s vulnerables de la poblaci\u00f3n para cumplir con los desaf\u00edos clim\u00e1ticos\u00bb, pero cuidando de no \u00abtrasladarles a esos sectores los costos m\u00e1s elevados de las tecnolog\u00edas de transici\u00f3n\u201d.<\/p>\n<p><strong>\u201cNecesitamos proteger a los sectores m\u00e1s vulnerables de la poblaci\u00f3n para que no se le trasladen los costos de energ\u00eda m\u00e1s cara a esos sectores\u201d<\/strong>, dijo Garibotti al tiempo que afirmaba que se encuentran trabajando en la transici\u00f3n energ\u00e9tica, pero de una forma \u00abjusta y sostenible.<\/p>\n<p>En el marco del <strong>Seminario anual del IAE Mosconi sobre Escenarios Energ\u00e9ticos<\/strong>, la funcionaria precis\u00f3 que ese punto es \u201calgo que se discute en todas partes del mundo\u00bb.<\/p>\n<p>\u00abSabemos que tenemos que cumplir con los desaf\u00edos clim\u00e1ticos, pero tambi\u00e9n acompa\u00f1ar el desarrollo argentino y proteger a los sectores m\u00e1s vulnerables de los costos elevados de las tecnolog\u00edas de transici\u00f3n\u201d, dijo al tiempo que afirm\u00f3: \u00abEse es el desaf\u00edo en que estamos trabajando\u201d.<\/p>\n<blockquote class><p>\u00abSabemos que tenemos que cumplir con los desaf\u00edos clim\u00e1ticos, pero tambi\u00e9n acompa\u00f1ar el desarrollo argentino y proteger a los sectores m\u00e1s vulnerables de los costos elevados de las tecnolog\u00edas de transici\u00f3n\u201d<cite class=\"author\">Cecilia Garibotti<\/cite><\/p><\/blockquote>\n<p>Garibotti agreg\u00f3 como otro eje de trabajo relevante el de la \u201cintegraci\u00f3n energ\u00e9tica regional en el marco del <strong>Plan de Transici\u00f3n Energ\u00e9tica al 2030<\/strong>\u201d, al que se refiri\u00f3 como una \u00abcooperaci\u00f3n\u00bb.<\/p>\n<p><strong>Los lineamientos de este Plan fueron aprobados en octubre de 2021<\/strong>, a trav\u00e9s de la resoluci\u00f3n 517\/2023.<\/p>\n<p>A trav\u00e9s del mismo,se instruy\u00f3 a la Subsecretar\u00eda de Planeamiento Energ\u00e9tico a desarrollar y articular actualizaciones peri\u00f3dicas del Plan Nacional de Transici\u00f3n Energ\u00e9tica al 2030 que incorporen la evoluci\u00f3n de la pol\u00edtica de transici\u00f3n energ\u00e9tica, con los nuevos programas que se desarrollen, cuya primera actualizaci\u00f3n se deber\u00e1 realizar antes del 31 de diciembre de 2024.<\/p>\n<p><strong>La funcionaria tambi\u00e9n destac\u00f3 el rol del gasoducto Presidente N\u00e9stor Kirchner<\/strong>, entendiendo al \u201cgas natural como vector en la transici\u00f3n energ\u00e9tica\u201d y resalt\u00f3 la necesidad de \u201chablar con nuestras comunidades, nuestras provincias sobre la energ\u00eda nuclear\u201d.<\/p>\n<p>Por su parte, el<strong> representante del Grupo Enel y director de Cammesa, Jorge Lemos<\/strong>, destac\u00f3 sobre la cuesti\u00f3n de la transici\u00f3n energ\u00e9tica que \u201cun punto beneficioso es que en un primer momento para determinadas tecnolog\u00edas hab\u00eda que incentivarlas, sin embargo, al d\u00eda de hoy ya no lo necesitan, compiten de igual a igual con las tecnolog\u00edas cl\u00e1sicas\u00bb,<\/p>\n<p>\u00abEsto naturalmente se est\u00e1 dando por lo que no se necesita imponer una tecnolog\u00eda\u201d, puntualiz\u00f3.<\/p>\n<p>Agreg\u00f3 que<strong> es necesario \u201cavanzar en la transici\u00f3n energ\u00e9tica sin definir hoy la tecnolog\u00eda\u201d, pero s\u00ed \u201cevaluar qu\u00e9 impacto tiene sobre las redes este mayor uso de la electricidad\u201d<\/strong>.<\/p>\n<p>Lemos explic\u00f3 que \u201cen la red de distribuci\u00f3n se va a apoyar todo el desarrollo, por lo que es necesario que las redes acompa\u00f1en y surge la necesidad de cara al corto plazo de reforzar las instalaciones\u201d.<\/p>\n<p>En tanto, en el marco del seminario,<strong> Rogelio Baratchart, de Tecnolatina, e<\/strong>mpresa y consultora de ingenier\u00eda electromec\u00e1nica, resalt\u00f3 la necesidad de impulsar los proyectos hidroel\u00e9ctricos en la regi\u00f3n, a los que calific\u00f3 de \u201camigables con el medioambiente\u201d.<\/p>\n<p>Adem\u00e1s, Baratchart plante\u00f3 la necesidad de \u201creorganizar los mercados energ\u00e9ticos y restituir a los precios de la energ\u00eda el rol que tienen\u201d, como tambi\u00e9n \u201creconstruir la institucionalidad dentro del sector\u201d. <\/p>\n","protected":false},"excerpt":{"rendered":"<p>La funcionaria tambi\u00e9n destac\u00f3 el rol del gasoducto Presidente N\u00e9stor Kirchner, entendiendo al \u201cgas natural como vector en la transici\u00f3n energ\u00e9tica\u201d \/ Foto: Prensa. La subsecretaria de Planeamiento Energ\u00e9tico, Cecilia Garibotti, sostuvo que la transici\u00f3n energ\u00e9tica debe ser \u201cjusta y sostenible\u201d, y argument\u00f3 que \u201ccomo punto de partida\u00bb es necesario \u00abproteger a los sectores m\u00e1s [&hellip;]<\/p>\n","protected":false},"author":1,"featured_media":67281,"comment_status":"open","ping_status":"closed","sticky":false,"template":"","format":"standard","meta":[],"categories":[19],"tags":[],"_links":{"self":[{"href":"http:\/\/hoycordobaweb.com\/index.php\/wp-json\/wp\/v2\/posts\/67280"}],"collection":[{"href":"http:\/\/hoycordobaweb.com\/index.php\/wp-json\/wp\/v2\/posts"}],"about":[{"href":"http:\/\/hoycordobaweb.com\/index.php\/wp-json\/wp\/v2\/types\/post"}],"author":[{"embeddable":true,"href":"http:\/\/hoycordobaweb.com\/index.php\/wp-json\/wp\/v2\/users\/1"}],"replies":[{"embeddable":true,"href":"http:\/\/hoycordobaweb.com\/index.php\/wp-json\/wp\/v2\/comments?post=67280"}],"version-history":[{"count":0,"href":"http:\/\/hoycordobaweb.com\/index.php\/wp-json\/wp\/v2\/posts\/67280\/revisions"}],"wp:featuredmedia":[{"embeddable":true,"href":"http:\/\/hoycordobaweb.com\/index.php\/wp-json\/wp\/v2\/media\/67281"}],"wp:attachment":[{"href":"http:\/\/hoycordobaweb.com\/index.php\/wp-json\/wp\/v2\/media?parent=67280"}],"wp:term":[{"taxonomy":"category","embeddable":true,"href":"http:\/\/hoycordobaweb.com\/index.php\/wp-json\/wp\/v2\/categories?post=67280"},{"taxonomy":"post_tag","embeddable":true,"href":"http:\/\/hoycordobaweb.com\/index.php\/wp-json\/wp\/v2\/tags?post=67280"}],"curies":[{"name":"wp","href":"https:\/\/api.w.org\/{rel}","templated":true}]}}