{"id":67270,"date":"2023-09-27T11:28:29","date_gmt":"2023-09-27T11:28:29","guid":{"rendered":"https:\/\/www.mujerhoy.com\/moda\/novias\/vestido-novia-minimalista-sencillo-mango-barato-boda-ronaldo-20230927132807-nt.html"},"modified":"2023-09-27T11:28:29","modified_gmt":"2023-09-27T11:28:29","slug":"el-vestido-de-novia-de-la-boda-de-ronaldo-es-toda-una-inspiracion-para-las-novias-que-quieren-ir-sencillas","status":"publish","type":"post","link":"http:\/\/hoycordobaweb.com\/index.php\/2023\/09\/27\/el-vestido-de-novia-de-la-boda-de-ronaldo-es-toda-una-inspiracion-para-las-novias-que-quieren-ir-sencillas\/","title":{"rendered":"El vestido de novia de la boda de Ronaldo es toda una inspiraci\u00f3n para las novias que quieren ir sencillas"},"content":{"rendered":"<p><!-- AUTHOR --><\/p>\n<div class=\"voc-author-timesocial \"><!-- AUTHOR --><\/p>\n<div class=\"voc-author-timesocial__signature\"><!-- IMAGE AUTHOR --><picture class=\"voc-image-signature\"><img class=\"voc-image-signature__img\" src=\"http:\/\/hoycordobaweb.com\/wp-content\/uploads\/2023\/09\/el-vestido-de-novia-de-la-boda-de-ronaldo-es-toda-una-inspiracion-para-las-novias-que-quieren-ir-sencillas.jpg\" alt=\"Raquel Rodr\u00edguez\"><\/picture><!-- INFO AUTHOR --><\/div>\n<\/div>\n<p><!-- COMPONENTS --><\/p>\n<p class=\"voc-paragraph\">Hablemos de bodas. El \u00faltimo rostro conocido en darse el s\u00ed quiero ha sido <strong>Ronaldo<\/strong>. El exfutbolista se ha casado por cuarta vez en su vida y en esta ocasi\u00f3n lo ha hecho en Ibiza con la modelo brasile\u00f1a <strong>Celina Locks<\/strong>, que ha lucido espectacular durante la ceremonia.\n<\/p>\n<p class=\"voc-paragraph\">Y si tanto si est\u00e1s buscando <a data-voc-vtm-id=\"in-text-traffic\" href=\"https:\/\/www.mujerhoy.com\/moda\/novias\/mejores-desfiles-barcelona-bridal-fashion-week-2023-20230420070807-ga.html\" title=\"www.mujerhoy.com\">inspiraci\u00f3n nupcial<\/a>, como si solo quieres fichar un vestido de novia m\u00e1s, te recomendamos que tomes nota del look escogido por Celina. Un <strong>estilismo sencillo<\/strong> que poco tiene que ver con algunos de los m\u00e1s virales de los \u00faltimos meses como es el caso <a data-voc-vtm-id=\"in-text-traffic\" href=\"https:\/\/www.mujerhoy.com\/moda\/novias\/tamara-falco-vestidos-novia-todos-looks-boda-fotos-20230710124527-nt.html\" title=\"www.mujerhoy.com\">del de Tamara Falc\u00f3<\/a>. <\/p>\n<p><h3 class=\"voc-detail__title\"> La boda de Ronaldo<br \/>\n<\/h3>\n<\/p>\n<p class=\"voc-paragraph\">A sus 47 a\u00f1os, el jugador de f\u00fatbol brasile\u00f1o y actual presidente del Valladolid ha contra\u00eddo matrimonio con la que es su pareja desde hace siete a\u00f1os. Fue una ceremonia \u00edntima la que asistieron amigos y familiares de la pareja y que tuvo lugar en la <strong>iglesia de Es Cubells<\/strong>. <\/p>\n<p class=\"voc-paragraph\">Pero la cosa no acaba aqu\u00ed. Al parecer, este viernes se celebrar\u00e1 una <strong>fiesta <\/strong>por todo lo alto a la acudir\u00e1n un total de<br \/>\n<strong> 400 invitados<\/strong>. Un colof\u00f3n final para celebrar el amor y la uni\u00f3n entre el futbolista y la modelo y que promete rememorar las sonad\u00edsimas fiestas de cuando Ronaldo era joven.\n<\/p>\n<p class=\"voc-paragraph\">Y mientras esperamos a ver el look escogido para la fiesta, te contamos los detalles del vestido que llev\u00f3 en la ceremonia. Y es que, llama la atenci\u00f3n que se decantara por un <strong>vestido muy sencillo<\/strong> y que podr\u00eda ser parte de un look de noche de verano. <\/p>\n<div class=\"voc-detail-photo-zoom\"><picture data-toggle=\"modal\" data-target=\"#photoZoomModal-945\" target=\"modal\">\n<div class=\"voc-img-icon-link\"><img loading=\"lazy\" data-original=\"\/\/static.mujerhoy.com\/www\/multimedia\/202309\/26\/media\/cortadas\/vestido-novia-sencillo-ku0H--460x637@MujerHoy.jpg\" class=\"lazy adsviu_analyse\" alt=\"La pareja saliendo de la iglesia de Ibiza donde se casaron. \/ GTRES\"><noscript><img src=\"http:\/\/hoycordobaweb.com\/wp-content\/uploads\/2023\/09\/el-vestido-de-novia-de-la-boda-de-ronaldo-es-toda-una-inspiracion-para-las-novias-que-quieren-ir-sencillas-1.jpg\" alt=\"La pareja saliendo de la iglesia de Ibiza donde se casaron. \/ GTRES\"><\/noscript><i class=\"voc-icons zoom voc-multimedia-box voc-ico-l\"><\/i><\/div><figcaption class=\"figure-caption\">La pareja saliendo de la iglesia de Ibiza donde se casaron. \/ GTRES<\/figcaption><\/picture><\/div>\n<div id=\"photoZoomModal-945\" class=\"voc-lightbox modal fade voc-lightbox--photo-zoom\" role=\"dialog\" data-voc-photozoom-lightbox>\n<div class=\"voc-lightbox__dialog\" role=\"document\">\n<div class=\"voc-lightbox__content\"><!-- Modal header --><!-- Modal content --><\/p>\n<div class=\"voc-lightbox__photo-container\"><picture class><img loading=\"lazy\" data-original=\"\/\/static.mujerhoy.com\/www\/multimedia\/202309\/26\/media\/cortadas\/vestido-novia-sencillo-ku0H--460x637@MujerHoy.jpg\" alt=\"La pareja saliendo de la iglesia de Ibiza donde se casaron. \/ GTRES\" class=\"lazy\"><noscript><img src=\"http:\/\/hoycordobaweb.com\/wp-content\/uploads\/2023\/09\/el-vestido-de-novia-de-la-boda-de-ronaldo-es-toda-una-inspiracion-para-las-novias-que-quieren-ir-sencillas-1.jpg\" alt=\"La pareja saliendo de la iglesia de Ibiza donde se casaron. \/ GTRES\"><\/noscript><\/picture><\/div>\n<\/div>\n<\/div>\n<\/div>\n<p class=\"voc-paragraph\">Era un dise\u00f1o de <strong>estilo lencero en color blanco <\/strong>(por supuesto) y con un favorecedor corte de sirena que resaltaba su espectacular figura de modelo. Llevaba los tirantes finos, el escote fluido y estaba confeccionado en un tejido con motivos bordados a contraste con una textura satinada. <\/p>\n<p class=\"voc-paragraph\">Es una prenda minimalista, pero que destaca por estos detalles especiales y que confirman que el menos es m\u00e1s. Y lo mejor es que es un tipo de vestido que puedes<br \/>\n<strong> encontrar f\u00e1cilmente en firmas low cost<\/strong>. De hecho, ahora mismo en <strong>Mango <\/strong>tienes a la venta un dise\u00f1o que es perfecto para hacer deslumbrar a cualquier novia. <\/p>\n<p><h3 class=\"voc-detail__title\"> El vestido de novia de Mango<br \/>\n<\/h3>\n<\/p>\n<div class=\"voc-detail-photo-zoom\"><picture data-toggle=\"modal\" data-target=\"#photoZoomModal-211\" target=\"modal\">\n<div class=\"voc-img-icon-link\"><img loading=\"lazy\" data-original=\"\/\/static1.mujerhoy.com\/www\/multimedia\/202309\/26\/media\/cortadas\/vestido-novia-mango-ku0H--460x637@MujerHoy.jpg\" class=\"lazy adsviu_analyse\" alt=\"El vestido de novia de Mango.\"><noscript><img src=\"http:\/\/hoycordobaweb.com\/wp-content\/uploads\/2023\/09\/el-vestido-de-novia-de-la-boda-de-ronaldo-es-toda-una-inspiracion-para-las-novias-que-quieren-ir-sencillas-2.jpg\" alt=\"El vestido de novia de Mango.\"><\/noscript><i class=\"voc-icons zoom voc-multimedia-box voc-ico-l\"><\/i><\/div><figcaption class=\"figure-caption\">El vestido de novia de Mango.<\/figcaption><\/picture><\/div>\n<div id=\"photoZoomModal-211\" class=\"voc-lightbox modal fade voc-lightbox--photo-zoom\" role=\"dialog\" data-voc-photozoom-lightbox>\n<div class=\"voc-lightbox__dialog\" role=\"document\">\n<div class=\"voc-lightbox__content\"><!-- Modal header --><!-- Modal content --><\/p>\n<div class=\"voc-lightbox__photo-container\"><picture class><img loading=\"lazy\" data-original=\"\/\/static1.mujerhoy.com\/www\/multimedia\/202309\/26\/media\/cortadas\/vestido-novia-mango-ku0H--460x637@MujerHoy.jpg\" alt=\"El vestido de novia de Mango.\" class=\"lazy\"><noscript><img src=\"http:\/\/hoycordobaweb.com\/wp-content\/uploads\/2023\/09\/el-vestido-de-novia-de-la-boda-de-ronaldo-es-toda-una-inspiracion-para-las-novias-que-quieren-ir-sencillas-2.jpg\" alt=\"El vestido de novia de Mango.\"><\/noscript><\/picture><\/div>\n<\/div>\n<\/div>\n<\/div>\n<p class=\"voc-paragraph\">Una pieza muy especial para aquellas que tambi\u00e9n quieren apostar por lo sencillo. Se trata de un vestido lencero largo, que tambi\u00e9n lleva el tirante muy fino y el escote fluido y que como detalle especial tiene unas <strong>plumas <\/strong>a tono en los hombros. <\/p>\n<p class=\"voc-paragraph\">Una maravilla que pertenece a una colecci\u00f3n c\u00e1psula de edici\u00f3n limitada que est\u00e1 destinada a fiestas y ceremonias. Est\u00e1 hecha con los mejores tejidos y los m\u00e1ximos cuidados de patronaje para conseguir los mejores acabados. Este dise\u00f1o cuesta <strong>200 euros<\/strong> y es ideal para ocasiones especiales o para darse el s\u00ed, quiero al estilo de la modelo brasile\u00f1a. Y todo sin gastar demasiado\u2026\n<\/p>\n<p><!-- TOPICS --><\/p>\n","protected":false},"excerpt":{"rendered":"<p>Hablemos de bodas. El \u00faltimo rostro conocido en darse el s\u00ed quiero ha sido Ronaldo. El exfutbolista se ha casado por cuarta vez en su vida y en esta ocasi\u00f3n lo ha hecho en Ibiza con la modelo brasile\u00f1a Celina Locks, que ha lucido espectacular durante la ceremonia. Y si tanto si est\u00e1s buscando inspiraci\u00f3n [&hellip;]<\/p>\n","protected":false},"author":1,"featured_media":67271,"comment_status":"closed","ping_status":"closed","sticky":false,"template":"","format":"standard","meta":[],"categories":[1],"tags":[],"_links":{"self":[{"href":"http:\/\/hoycordobaweb.com\/index.php\/wp-json\/wp\/v2\/posts\/67270"}],"collection":[{"href":"http:\/\/hoycordobaweb.com\/index.php\/wp-json\/wp\/v2\/posts"}],"about":[{"href":"http:\/\/hoycordobaweb.com\/index.php\/wp-json\/wp\/v2\/types\/post"}],"author":[{"embeddable":true,"href":"http:\/\/hoycordobaweb.com\/index.php\/wp-json\/wp\/v2\/users\/1"}],"replies":[{"embeddable":true,"href":"http:\/\/hoycordobaweb.com\/index.php\/wp-json\/wp\/v2\/comments?post=67270"}],"version-history":[{"count":0,"href":"http:\/\/hoycordobaweb.com\/index.php\/wp-json\/wp\/v2\/posts\/67270\/revisions"}],"wp:featuredmedia":[{"embeddable":true,"href":"http:\/\/hoycordobaweb.com\/index.php\/wp-json\/wp\/v2\/media\/67271"}],"wp:attachment":[{"href":"http:\/\/hoycordobaweb.com\/index.php\/wp-json\/wp\/v2\/media?parent=67270"}],"wp:term":[{"taxonomy":"category","embeddable":true,"href":"http:\/\/hoycordobaweb.com\/index.php\/wp-json\/wp\/v2\/categories?post=67270"},{"taxonomy":"post_tag","embeddable":true,"href":"http:\/\/hoycordobaweb.com\/index.php\/wp-json\/wp\/v2\/tags?post=67270"}],"curies":[{"name":"wp","href":"https:\/\/api.w.org\/{rel}","templated":true}]}}