{"id":67262,"date":"2023-09-27T17:06:55","date_gmt":"2023-09-27T17:06:55","guid":{"rendered":"https:\/\/www.ole.com.ar\/boca-juniors\/boca-palmeiras-francisco-arce-semifinal-libertadores_0_hT2knH5NmQ.html"},"modified":"2023-09-27T17:06:55","modified_gmt":"2023-09-27T17:06:55","slug":"chiqui-arce-ex-palmeiras-con-ole-el-crack-roman-el-peso-de-la-historia-y-que-necesita-boca-para-pasar","status":"publish","type":"post","link":"http:\/\/hoycordobaweb.com\/index.php\/2023\/09\/27\/chiqui-arce-ex-palmeiras-con-ole-el-crack-roman-el-peso-de-la-historia-y-que-necesita-boca-para-pasar\/","title":{"rendered":"Chiqui Arce, ex Palmeiras, con Ol\u00e9: \u00abel crack Rom\u00e1n\u00bb, el peso de la historia y qu\u00e9 necesita Boca para pasar"},"content":{"rendered":"<p><img src=\"http:\/\/hoycordobaweb.com\/wp-content\/uploads\/2023\/09\/chiqui-arce-ex-palmeiras-con-ole-el-crack-roman-el-peso-de-la-historia-y-que-necesita-boca-para-pasar.jpg\"><\/p>\n<p><time class=\"createDate\" datetime=\"2023-09-27T14:06:55-03:00\">27\/09\/2023 14:06hs.<\/time><time class=\"modificatedDate\" datetime=\"2023-09-27T14:06:54-03:00\"><\/time><\/p>\n<div id=\"storyBody\">\n<div class=\"custom-text \" readability=\"39.09756097561\">\n<p><strong>Se viene un verdadero cl\u00e1sico de la Copa Libertadores.<\/strong> En cuesti\u00f3n de horas, <strong><a href=\"https:\/\/www.ole.com.ar\/tema\/boca-juniors.html\" title=\"Boca Juniors\" alt=\"Boca Juniors\" class=\"slug\">Boca<\/a> y <a href=\"https:\/\/www.ole.com.ar\/tema\/palmeiras.html\" title=\"Palmeiras\" alt=\"Palmeiras\" class=\"slug\">Palmeiras<\/a><\/strong> volver\u00e1n a verse las caras por la ida de la semifinal del m\u00e1ximo torneo continental. Y en la previa de un cruce que paraliza al continente, <strong>Ol\u00e9 dialog\u00f3 con <a href=\"https:\/\/www.ole.com.ar\/tema\/francisco-arce.html\" title=\"Francisco Arce\" alt=\"Francisco Arce\" class=\"slug\">Francisco Arce<\/a><\/strong>. El \u2018Chiqui\u2019, actual entrenador de <a href=\"https:\/\/www.ole.com.ar\/tema\/olimpia-de-paraguay.html\" title=\"Olimpia de Paraguay\" alt=\"Olimpia de Paraguay\" class=\"slug\">Olimpia<\/a>,<strong> fue jugador del Verdao<\/strong> entre 1998-2002, <strong>jug\u00f3 contra Boca por la Copa Mercosur \u201898, la final del 2000 y la semi 2001: \u201cEsta serie se va a definir por penales\u201d<\/strong>, cuenta.<\/p>\n<\/div>\n<div class=\"sc-e7b891c4-0 jPbnQF\"><img alt=\"El Chiqui Arce con la de Palmeiras. [AP Photo\/David Guttenfelder]\" src=\"http:\/\/hoycordobaweb.com\/wp-content\/uploads\/2023\/09\/chiqui-arce-ex-palmeiras-con-ole-el-crack-roman-el-peso-de-la-historia-y-que-necesita-boca-para-pasar-2.jpg\" width=\"720\" height=\"100\" decoding=\"async\" data-nimg=\"future\" loading=\"lazy\"><span class=\"epigraphe\">El Chiqui Arce con la de Palmeiras. [AP Photo\/David Guttenfelder]<\/span><\/div>\n<div class=\"custom-text \" readability=\"32\">\n<p><strong>-\u00bfQu\u00e9 recuerdos vienen con un nuevo cruce Boca-Palmeiras?<\/strong><\/p>\n<\/div>\n<div class=\"custom-text \" readability=\"37\">\n<p>-Muchos. A finales de la d\u00e9cada del \u201890 fueron tres a\u00f1os seguidos en donde ambos equipos llegamos a instancias decisivas. <strong>Lo que m\u00e1s recuerdo es la calidad de los jugadores de ambos equipos<\/strong> y los grandes entrenadores que ten\u00edan, tanto el profesor Bianchi y Luis Felipe, que marcaron la historia en sus clubes y pa\u00edses.<\/p>\n<\/div>\n<div class=\"custom-text \" readability=\"32\">\n<p><strong>-\u00bfQu\u00e9 an\u00e1lisis haces de aquellos partidos?<\/strong><\/p>\n<\/div>\n<div class=\"custom-text \" readability=\"37\">\n<p>-Eran partidos muy estrat\u00e9gicos. Aprend\u00ed mucho. Me gustaba mucho mirar por qu\u00e9 se hac\u00edan las cosas y para qu\u00e9. Del 2001 recuerdo que el partido de ida lo jugamos muy bien, con un arbitraje un poco pol\u00e9mico a favor de Boca. Para la vuelta me llam\u00f3 mucho la atenci\u00f3n c\u00f3mo Rom\u00e1n cambi\u00f3 su forma de jugar: comenz\u00f3 como falso nueve con dos r\u00e1pidos por fuera para atacarnos. Desde lo t\u00e1ctico ambos equipos eran muy vistosos. Creo que en esos a\u00f1os, <strong>Boca y Palmeiras eran pr\u00e1cticamente dos selecciones que siempre llegaban a instancias decisivas y sal\u00edan partidos muy lindos.<\/strong><\/p>\n<\/div>\n<div class=\"sc-e7b891c4-0 jPbnQF\"><img alt=\"Chiqui Arce en Palmeiras. AFP PHOTO\/Mauricio LIMA\" src=\"http:\/\/hoycordobaweb.com\/wp-content\/uploads\/2023\/09\/chiqui-arce-ex-palmeiras-con-ole-el-crack-roman-el-peso-de-la-historia-y-que-necesita-boca-para-pasar-3.jpg\" width=\"720\" height=\"100\" decoding=\"async\" data-nimg=\"future\" loading=\"lazy\"><span class=\"epigraphe\">Chiqui Arce en Palmeiras. AFP PHOTO\/Mauricio LIMA<\/span><\/div>\n<div class=\"custom-text \">\n<h2><strong>\u00abRiquelme, creatividad pura\u00bb<\/strong><\/h2>\n<\/div>\n<div class=\"custom-text \" readability=\"32\">\n<p><strong>-Mencionas a Riquelme: \u00bfC\u00f3mo era lidiar con el 10 de Boca?<\/strong><\/p>\n<\/div>\n<div class=\"custom-text \" readability=\"40\">\n<p>-Recuerdo que en uno de los partidos, Rom\u00e1n se enoj\u00f3 con uno de mis compa\u00f1eros por la intensa marca y fricci\u00f3n que ejerc\u00eda, y me dijo: \u2018decile a tu compa\u00f1ero que no me pegue tanto\u2019.<strong> En ese momento, mi compa\u00f1ero salt\u00f3 y le contest\u00f3 con lo poco que entend\u00eda de espa\u00f1ol: \u2018\u00bfQu\u00e9 quer\u00e9s que haga? Si no te marc\u00f3, el entrenador me mata<\/strong>\u2019, jaja. Rom\u00e1n era el mejor futbolista de un equipo que ten\u00eda grandes figuras.<\/p>\n<\/div>\n<div class=\"sc-e7b891c4-0 jPbnQF\"><img alt=\"Rom\u00e1n, el mago vs Palmeiras. (AFP)\" src=\"https:\/\/www.ole.com.ar\/images\/2023\/09\/27\/IHsYPI85P_720x0__1.jpg\" width=\"720\" height=\"100\" decoding=\"async\" data-nimg=\"future\" loading=\"lazy\"><span class=\"epigraphe\">Rom\u00e1n, el mago vs Palmeiras. (AFP)<\/span><\/div>\n<div class=\"custom-text \" readability=\"32\">\n<p><strong>-Describ\u00ed al Rom\u00e1n de aquellos a\u00f1os\u2026<\/strong><\/p>\n<\/div>\n<div class=\"custom-text \" readability=\"35\">\n<p><strong>-Creatividad pura.<\/strong> Genialidad. No s\u00f3lo en aquel Boca, sino en toda su carrera. Un crack, alguien muy diferente.<\/p>\n<\/div>\n<div class=\"custom-text \" readability=\"32\">\n<p><strong>-\u00bfFue el motor de aquel Boca campe\u00f3n?<\/strong><\/p>\n<\/div>\n<div class=\"custom-text \" readability=\"34\">\n<p>-Ofensivamente s\u00ed. Pero Boca ten\u00eda una estructura bien armada en todas sus l\u00edneas. No fue s\u00f3lo \u00e9l, pero s\u00ed que \u00e9l fue el estandarte de todo eso.<\/p>\n<\/div>\n<div class=\"custom-text \" readability=\"32\">\n<p><strong>-\u00bfRom\u00e1n es un crack que trasciende \u00e9pocas?<\/strong><\/p>\n<\/div>\n<div class=\"custom-text \" readability=\"33\">\n<p>-Creo que en el f\u00fatbol de <strong>hoy existen pocos jugadores creativos con esa capacidad de remate que ten\u00eda Rom\u00e1n.<\/strong> Son \u00e9pocas y camadas. Hoy se perdi\u00f3 ese tipo de jugador.<\/p>\n<\/div>\n<div class=\"sc-e7b891c4-0 jPbnQF\"><img alt=\"AFP PHOTO\/Miguel MENDEZ\" src=\"http:\/\/hoycordobaweb.com\/wp-content\/uploads\/2023\/09\/chiqui-arce-ex-palmeiras-con-ole-el-crack-roman-el-peso-de-la-historia-y-que-necesita-boca-para-pasar-4.jpg\" width=\"720\" height=\"100\" decoding=\"async\" data-nimg=\"future\" loading=\"lazy\"><span class=\"epigraphe\">AFP PHOTO\/Miguel MENDEZ<\/span><\/div>\n<div class=\"custom-text \">\n<h2><strong>Boca-Palmeiras, un cruce con historia<\/strong><\/h2>\n<\/div>\n<div class=\"custom-text \" readability=\"36\">\n<p><strong>Boca y Palmeiras tuvieron a\u00f1os gloriosos entre 1998 y 2001<\/strong>, con tres cruces decisivos entre ambos. En 1998 disputaron los cuartos de <strong>final de la Copa Mercosur<\/strong>: la ida fue en Brasil y sali\u00f3 3-1 a favor de Palmeiras. En la vuelta, igualaron 1-1. A Boca no le alcanz\u00f3 y qued\u00f3 eliminado.<\/p>\n<\/div>\n<div class=\"custom-text \" readability=\"40\">\n<p>No volver\u00edan a verse las caras hasta el a\u00f1o 2000, pero vale la pena destacar que en el \u201899, Palmeiras consigui\u00f3 la Libertadores tras vencer a Deportivo Cali en la final. <strong>El segundo choque significativo fue por la final de la Copa Libertadores del 2000<\/strong>: la ida en la Bombonera termin\u00f3 2-2 y en la vuelta gan\u00f3 Boca 4-2 por penales. El \u00faltimo gran cruce que protagonizaron en aquellos a\u00f1os, <strong>fue la semifinal de la Libertadores 2001. La ida sali\u00f3 2-2, la vuelta tuvo el mismo resultado, y en los penales gan\u00f3 Boca 3-2.<\/strong><\/p>\n<\/div>\n<div class=\"custom-text \" readability=\"32\">\n<p>Arce fue titular en los dos partidos de la Copa Mercosur y en ambos partidos de la semi 2001.<\/p>\n<\/div>\n<div class=\"sc-e7b891c4-0 jPbnQF\"><img alt=\"La tapa del d\u00eda en el que Boca dej\u00f3 en el camino al Palmeiras (2001)\" src=\"http:\/\/hoycordobaweb.com\/wp-content\/uploads\/2023\/09\/chiqui-arce-ex-palmeiras-con-ole-el-crack-roman-el-peso-de-la-historia-y-que-necesita-boca-para-pasar-5.jpg\" width=\"720\" height=\"100\" decoding=\"async\" data-nimg=\"future\" loading=\"lazy\"><span class=\"epigraphe\">La tapa del d\u00eda en el que Boca dej\u00f3 en el camino al Palmeiras (2001)<\/span><\/div>\n<p><h2><strong>Las claves para vencer a Palmeiras <\/strong><\/h2>\n<\/p>\n<div class=\"custom-text \" readability=\"37\">\n<p>La tendencia de resultados en el f\u00fatbol actual inclin\u00f3 la cancha para los equipos de Brasil, campeones de las \u00faltimas ediciones de la Copa Libertadores. Sin embargo, el Olimpia de Francisco Arce venci\u00f3 a Flamengo en los octavos de la competencia vigente (luego qued\u00f3 out con el Flu en cuartos) y le cuenta a Boca las claves para vencer a una potencia brasile\u00f1a.<\/p>\n<\/div>\n<div class=\"custom-text \" readability=\"32\">\n<p><strong>-\u00bfQu\u00e9 deber\u00e1 tener en cuenta Boca para vencer al Palmeiras?<\/strong><\/p>\n<\/div>\n<div class=\"custom-text \" readability=\"36\">\n<p>-Creo que lo clave est\u00e1 en <strong>el peso de la historia, la tradici\u00f3n y la m\u00edstica. <\/strong>Eso nos ayud\u00f3 con Olimpia. Sent\u00edamos la m\u00edstica en el ambiente, en la hinchada. Creo que el Palmeiras sabe que esta es una llave muy dura.<\/p>\n<\/div>\n<div class=\"custom-text \" readability=\"32\">\n<p><strong>-\u00bfLa presi\u00f3n de la Bombonera ser\u00e1 clave en esta llave?<\/strong><\/p>\n<\/div>\n<div class=\"custom-text \" readability=\"36\">\n<p>-Para Boca, claro.<strong> No creo que afecte a los jugadores de Palmeiras porque todos son muy profesionales.<\/strong> Pero todo lo que ayude a motivar a los jugadores, va a ser fundamental. Como lo fue en la cancha de Olimpia para poder vencer a Flamengo.<\/p>\n<\/div>\n<div class=\"sc-e7b891c4-0 jPbnQF\"><img alt=\"La Bombonera, clave. Foto: Fernando de la Orden \" src=\"http:\/\/hoycordobaweb.com\/wp-content\/uploads\/2023\/09\/chiqui-arce-ex-palmeiras-con-ole-el-crack-roman-el-peso-de-la-historia-y-que-necesita-boca-para-pasar-6.jpg\" width=\"720\" height=\"100\" decoding=\"async\" data-nimg=\"future\" loading=\"lazy\"><span class=\"epigraphe\">La Bombonera, clave. Foto: Fernando de la Orden <\/span><\/div>\n<p><h2>\u00bf<strong>El Palmeiras de los 2000 o el actual?<\/strong><\/h2>\n<\/p>\n<div class=\"custom-text \" readability=\"32\">\n<p><strong>-\u00bfQu\u00e9 similitudes y diferencias encontr\u00e1s entre aquel Palmeiras y el actual?<\/strong><\/p>\n<\/div>\n<div class=\"custom-text \" readability=\"34\">\n<p>-Pocas cosas. Al igual que el equipo que integr\u00e9, creo que el actual Palmeiras es muy fuerte mentalmente y tienen hambre de ganar siempre con una forma muy definida de jugar.<\/p>\n<\/div>\n<div class=\"custom-text \" readability=\"32\">\n<p><strong>-Si enfrentamos al los dos equipos: \u00bfCon cu\u00e1l te qued\u00e1s?<\/strong><\/p>\n<\/div>\n<div class=\"custom-text \" readability=\"37\">\n<p>-Creo que nuestro equipo del \u201899, que gan\u00f3 la Libertadores, podr\u00eda jugar contra este sin problemas. Si jugamos con el equipo del 2001, quiz\u00e1s vamos a penales, jaja.<\/p>\n<\/div>\n<div class=\"sc-e7b891c4-0 jPbnQF\"><img alt=\"Los duelos entre Boca y Palmeiras. AFP PHOTO\" src=\"http:\/\/hoycordobaweb.com\/wp-content\/uploads\/2023\/09\/chiqui-arce-ex-palmeiras-con-ole-el-crack-roman-el-peso-de-la-historia-y-que-necesita-boca-para-pasar-7.jpg\" width=\"720\" height=\"100\" decoding=\"async\" data-nimg=\"future\" loading=\"lazy\"><span class=\"epigraphe\">Los duelos entre Boca y Palmeiras. AFP PHOTO<\/span><\/div>\n<div class=\"custom-text \">\n<h2><strong>\u00abFerreira es un capo\u00bb<\/strong><\/h2>\n<\/div>\n<div class=\"custom-text \" readability=\"32\">\n<p><strong>-\u00bfQu\u00e9 te parece el trabajo de Ferreira como DT?<\/strong><\/p>\n<\/div>\n<div class=\"custom-text \" readability=\"33\">\n<p>-Un capo. Involucrado con el club y est\u00e1 haciendo un trabajo maravilloso. Se nota que siente la camiseta de Palmeiras y siempre busca llevarlo a lo m\u00e1s alto. <\/p>\n<\/div>\n<div class=\"sc-e7b891c4-0 jPbnQF\"><img alt=\"Abel Ferreira y la Libertadores. EFE\/ Ricardo Moraes\" src=\"http:\/\/hoycordobaweb.com\/wp-content\/uploads\/2023\/09\/chiqui-arce-ex-palmeiras-con-ole-el-crack-roman-el-peso-de-la-historia-y-que-necesita-boca-para-pasar-8.jpg\" width=\"720\" height=\"100\" decoding=\"async\" data-nimg=\"future\" loading=\"lazy\"><span class=\"epigraphe\">Abel Ferreira y la Libertadores. EFE\/ Ricardo Moraes<\/span><\/div>\n<p><h2><strong>Y el finalista es&#8230;<\/strong><\/h2>\n<\/p>\n<div class=\"custom-text \" readability=\"32\">\n<p><strong>-Te la ten\u00e9s que jugar&#8230; \u00bfQui\u00e9n pasa a la final?<\/strong><\/p>\n<\/div>\n<div class=\"custom-text \" readability=\"37\">\n<p>-Obviamente que yo quiero que pase Palmeiras porque es mi club. Y por Rom\u00e1n, que hasta ahora hemos cruzado algunos saludos, quisiera que pase Boca. Es complicado, ja. Creo que se va a definir por penales y va a pasar Palmeiras.<\/p>\n<\/div>\n<p><h2><strong>Paraguay y el Olimpia de Arce<\/strong><\/h2>\n<\/p>\n<div class=\"custom-text \" readability=\"37\">\n<p>M\u00e1s all\u00e1 de su carrera en Palmeiras y otros clubes, Chiqui represent\u00f3 a la Selecci\u00f3n de Paraguay en el Torneo Preol\u00edmpico Sudamericano Sub-23 de 1992 (campe\u00f3n) y los Juegos Ol\u00edmpicos de Barcelona 1992. Adem\u00e1s, particip\u00f3 en las Copas del Mundo de Francia 1998 y Corea-Jap\u00f3n 2002. Arce jug\u00f3 en total 61 partidos con Paraguay y marc\u00f3 5 goles.<\/p>\n<\/div>\n<div class=\"custom-text \" readability=\"35\">\n<p>Tambi\u00e9n fue entrenador de su pa\u00eds entre los a\u00f1os 2011-12 y 2016-17. Actualmente es entrenador de Olimpia de Paraguay y tiene un buen presente: dirigi\u00f3 13, gan\u00f3 5, empat\u00f3 4 y perdi\u00f3 4.<\/p>\n<\/div>\n<div class=\"sc-e7b891c4-0 jPbnQF\"><img alt=\"Chiqui en Paraguay. EFE\/Elvis Gonz\u00e1lez \" src=\"http:\/\/hoycordobaweb.com\/wp-content\/uploads\/2023\/09\/chiqui-arce-ex-palmeiras-con-ole-el-crack-roman-el-peso-de-la-historia-y-que-necesita-boca-para-pasar-9.jpg\" width=\"720\" height=\"100\" decoding=\"async\" data-nimg=\"future\" loading=\"lazy\"><span class=\"epigraphe\">Chiqui en Paraguay. EFE\/Elvis Gonz\u00e1lez <\/span><\/div>\n<div class=\"sc-a7166897-0 exHLBh\" readability=\"6\">\n<section readability=\"2\"><picture><img alt=\"Almir\u00f3n y otro 11 para la semi con Palmeiras: adentro Barco y Merentiel\" src=\"http:\/\/hoycordobaweb.com\/wp-content\/uploads\/2023\/09\/chiqui-arce-ex-palmeiras-con-ole-el-crack-roman-el-peso-de-la-historia-y-que-necesita-boca-para-pasar-10.jpg\" width=\"290\" height=\"290\" decoding=\"async\" data-nimg=\"future\" loading=\"lazy\"><\/picture>\n<p><span>Mir\u00e1 tambi\u00e9n<\/span><\/p>\n<hr>\n<h3>Almir\u00f3n y otro 11 para la semi con Palmeiras: adentro Barco y Merentiel<\/h3>\n<\/p>\n<\/section>\n<\/div>\n<div class=\"sc-a7166897-0 exHLBh\" readability=\"6\">\n<section readability=\"2\"><picture><img alt=\"Atento Boca: la asombrosa racha de Palmeiras como visitante en la Copa\" src=\"http:\/\/hoycordobaweb.com\/wp-content\/uploads\/2023\/09\/chiqui-arce-ex-palmeiras-con-ole-el-crack-roman-el-peso-de-la-historia-y-que-necesita-boca-para-pasar-11.jpg\" width=\"290\" height=\"290\" decoding=\"async\" data-nimg=\"future\" loading=\"lazy\"><\/picture>\n<p><span>Mir\u00e1 tambi\u00e9n<\/span><\/p>\n<hr>\n<h3>Atento Boca: la asombrosa racha de Palmeiras como visitante en la Copa<\/h3>\n<\/p>\n<\/section>\n<\/div>\n<div class=\"sc-a7166897-0 exHLBh\" readability=\"6\">\n<section readability=\"2\"><picture><img alt=\"Los citados de Boca para la semi con Palmeiras: \u00bfqui\u00e9nes se quedaron afuera?\" src=\"http:\/\/hoycordobaweb.com\/wp-content\/uploads\/2023\/09\/chiqui-arce-ex-palmeiras-con-ole-el-crack-roman-el-peso-de-la-historia-y-que-necesita-boca-para-pasar-12.jpg\" width=\"290\" height=\"290\" decoding=\"async\" data-nimg=\"future\" loading=\"lazy\"><\/picture>\n<p><span>Mir\u00e1 tambi\u00e9n<\/span><\/p>\n<hr>\n<h3>Los citados de Boca para la semi con Palmeiras: \u00bfqui\u00e9nes se quedaron afuera?<\/h3>\n<\/p>\n<\/section>\n<\/div>\n<div class=\"sc-a7166897-0 exHLBh\" readability=\"6\">\n<section readability=\"2\"><picture><img alt=\"As\u00ed recibi\u00f3 Boca Predio a los jugadores: apoyo y mensajes para la semi\" src=\"http:\/\/hoycordobaweb.com\/wp-content\/uploads\/2023\/09\/chiqui-arce-ex-palmeiras-con-ole-el-crack-roman-el-peso-de-la-historia-y-que-necesita-boca-para-pasar-13.jpg\" width=\"290\" height=\"290\" decoding=\"async\" data-nimg=\"future\" loading=\"lazy\"><\/picture>\n<p><span>Mir\u00e1 tambi\u00e9n<\/span><\/p>\n<hr>\n<h3>As\u00ed recibi\u00f3 Boca Predio a los jugadores: apoyo y mensajes para la semi<\/h3>\n<\/p>\n<\/section>\n<\/div>\n<div class=\"sc-a7166897-0 exHLBh\" readability=\"6.5\">\n<section readability=\"3\"><picture><img alt=\"Video: Almir\u00f3n con L-Gante y la Mona, y un mensaje bostero para los hinchas\" src=\"http:\/\/hoycordobaweb.com\/wp-content\/uploads\/2023\/09\/chiqui-arce-ex-palmeiras-con-ole-el-crack-roman-el-peso-de-la-historia-y-que-necesita-boca-para-pasar-14.jpg\" width=\"290\" height=\"290\" decoding=\"async\" data-nimg=\"future\" loading=\"lazy\"><\/picture>\n<p><span>Mir\u00e1 tambi\u00e9n<\/span><\/p>\n<hr>\n<h3>Video: Almir\u00f3n con L-Gante y la Mona, y un mensaje bostero para los hinchas<\/h3>\n<\/p>\n<\/section>\n<\/div>\n<\/div>\n","protected":false},"excerpt":{"rendered":"<p>27\/09\/2023 14:06hs. Se viene un verdadero cl\u00e1sico de la Copa Libertadores. En cuesti\u00f3n de horas, Boca y Palmeiras volver\u00e1n a verse las caras por la ida de la semifinal del m\u00e1ximo torneo continental. Y en la previa de un cruce que paraliza al continente, Ol\u00e9 dialog\u00f3 con Francisco Arce. El \u2018Chiqui\u2019, actual entrenador de Olimpia, [&hellip;]<\/p>\n","protected":false},"author":1,"featured_media":67263,"comment_status":"open","ping_status":"closed","sticky":false,"template":"","format":"standard","meta":[],"categories":[16],"tags":[],"_links":{"self":[{"href":"http:\/\/hoycordobaweb.com\/index.php\/wp-json\/wp\/v2\/posts\/67262"}],"collection":[{"href":"http:\/\/hoycordobaweb.com\/index.php\/wp-json\/wp\/v2\/posts"}],"about":[{"href":"http:\/\/hoycordobaweb.com\/index.php\/wp-json\/wp\/v2\/types\/post"}],"author":[{"embeddable":true,"href":"http:\/\/hoycordobaweb.com\/index.php\/wp-json\/wp\/v2\/users\/1"}],"replies":[{"embeddable":true,"href":"http:\/\/hoycordobaweb.com\/index.php\/wp-json\/wp\/v2\/comments?post=67262"}],"version-history":[{"count":0,"href":"http:\/\/hoycordobaweb.com\/index.php\/wp-json\/wp\/v2\/posts\/67262\/revisions"}],"wp:featuredmedia":[{"embeddable":true,"href":"http:\/\/hoycordobaweb.com\/index.php\/wp-json\/wp\/v2\/media\/67263"}],"wp:attachment":[{"href":"http:\/\/hoycordobaweb.com\/index.php\/wp-json\/wp\/v2\/media?parent=67262"}],"wp:term":[{"taxonomy":"category","embeddable":true,"href":"http:\/\/hoycordobaweb.com\/index.php\/wp-json\/wp\/v2\/categories?post=67262"},{"taxonomy":"post_tag","embeddable":true,"href":"http:\/\/hoycordobaweb.com\/index.php\/wp-json\/wp\/v2\/tags?post=67262"}],"curies":[{"name":"wp","href":"https:\/\/api.w.org\/{rel}","templated":true}]}}