{"id":67256,"date":"2023-09-27T17:25:14","date_gmt":"2023-09-27T17:25:14","guid":{"rendered":"https:\/\/www.ole.com.ar\/ecuador\/liga-pro\/liga-quito-jorge-fossati-copa-sudamericana-defensa-justicia_0_3kDyqxuR2c.html"},"modified":"2023-09-27T17:25:14","modified_gmt":"2023-09-27T17:25:14","slug":"jorge-fossati-liga-de-quito-es-un-equipo-con-historia-y-es-lo-que-le-hace-pisar-firme","status":"publish","type":"post","link":"http:\/\/hoycordobaweb.com\/index.php\/2023\/09\/27\/jorge-fossati-liga-de-quito-es-un-equipo-con-historia-y-es-lo-que-le-hace-pisar-firme\/","title":{"rendered":"Jorge Fossati: \u00abLiga de Quito es un equipo con historia y es lo que le hace pisar firme\u00bb"},"content":{"rendered":"<p><img src=\"http:\/\/hoycordobaweb.com\/wp-content\/uploads\/2023\/09\/jorge-fossati-liga-de-quito-es-un-equipo-con-historia-y-es-lo-que-le-hace-pisar-firme.jpg\"><\/p>\n<p><time class=\"createDate\" datetime=\"2023-09-27T14:25:14-03:00\">27\/09\/2023 14:25hs.<\/time><time class=\"modificatedDate\" datetime=\"2023-09-27T14:25:14-03:00\"><\/time><\/p>\n<div id=\"storyBody\">\n<div class=\"custom-text \" readability=\"35.625714285714\">\n<p><strong><a href=\"https:\/\/www.ole.com.ar\/ecuador\/liga-de-quito\" target=\"_self\" title=\"Liga de Quito \" alt=\"Liga de Quito \" rel=\"noopener noreferrer\">Liga de Quito <\/a>volvi\u00f3 a semifinales de un torneo internacional despu\u00e9s de 12 a\u00f1os ya que la \u00faltima vez que estuvo en esta instancia fue en la Copa Sudamericana 2011<\/strong>. Ah\u00ed lleg\u00f3 a la final y perdi\u00f3 ante la Universidad de Chile de Jorge Sampaoli. Este retorno ha puesto feliz a sus hinchas, pero tambi\u00e9n a un exentrenador del club, Jorge Fossati. <\/p>\n<\/div>\n<div class=\"custom-text \" readability=\"35\">\n<p><strong>El uruguayo qued\u00f3 campe\u00f3n con el cuadro Albo de la Sudamericana 2009 y confes\u00f3 que est\u00e1 muy feliz porque Liga est\u00e1 de vuelta en las fases finales de este tipo de torneos<\/strong>. Adem\u00e1s, destac\u00f3 a Luis Zubeld\u00eda como director t\u00e9cnico.<\/p>\n<\/div>\n<div class=\"custom-text \" readability=\"36\">\n<p>\u00ab<strong>Lo viv\u00ed con mucha alegr\u00eda la clasificaci\u00f3n de Liga (ante Sao Paulo), es un partido muy duro (ante Defensa y Justicia)<\/strong>. Liga demostr\u00f3 que es un equipo competitivo y tiene un entrenador muy capaz\u00bb, asegur\u00f3 en entrevista con \u00c1rea Deportiva.<\/p>\n<\/div>\n<div class=\"custom-text \" readability=\"38\">\n<p>\u00ab<strong>Volvi\u00f3 a ser candidato, y es una alegr\u00eda, y ojal\u00e1 super\u00e9 a Defensa y Justicia<\/strong>. Si eleg\u00edas a los otros que pod\u00edan quedar como rivales (como Botafogo que fue eliminado por el equipo argentino), cada uno tiene historia\u00bb, a\u00f1adi\u00f3. <\/p>\n<\/div>\n<div class=\"custom-text \" readability=\"36\">\n<p>Hay que recordar que Liga se medir\u00e1 este mi\u00e9rcoles ante Defensa y Justicia por la ida de las semifinales de la Copa Sudamericana 2023. <strong>Ahondando sobre Zubeld\u00eda, Fossati record\u00f3 que lo ha enfrentado como entrenador.<\/strong> Tambi\u00e9n que dej\u00f3 su carrera de futbolista por una lesi\u00f3n y por eso se hizo DT desde temprana edad.<\/p>\n<\/div>\n<div class=\"sc-e7b891c4-0 jPbnQF\"><img alt=\"Jorge Fossati, exentrenador de Liga de Quito. Foto: AFP PHOTO \/ Pablo PORCIUNCULA\" src=\"http:\/\/hoycordobaweb.com\/wp-content\/uploads\/2023\/09\/jorge-fossati-liga-de-quito-es-un-equipo-con-historia-y-es-lo-que-le-hace-pisar-firme-2.jpg\" width=\"720\" height=\"100\" decoding=\"async\" data-nimg=\"future\" loading=\"lazy\"><span class=\"epigraphe\">Jorge Fossati, exentrenador de Liga de Quito. Foto: AFP PHOTO \/ Pablo PORCIUNCULA<\/span><\/div>\n<div class=\"custom-text \" readability=\"37\">\n<p>\u201cLiga de Quito tiene un director t\u00e9cnico con experiencia en su propio pa\u00eds. <strong>Yo me enfrent\u00e9 con \u00e9l, as\u00ed que es un t\u00e9cnico a nivel internacional.<\/strong> Antes reaccionaba m\u00e1s fuerte, ahora ya veo que se maneja mejor\u201d, afirm\u00f3.<\/p>\n<\/div>\n<div class=\"custom-text \" readability=\"36\">\n<p><strong>El uruguayo insisti\u00f3 en que el Rey de Copas tiene que con que pasar esta serie<\/strong>. Adem\u00e1s, dijo que el estadio Rodrigo Paz Delgado es \u00abhistoria por s\u00ed solo\u00bb. \u00abV\u00ed jugar al equipo por el Campeonato y veo a Liga de Quito que tiene equipo y tiene con qu\u00e9 responder\u00bb, argument\u00f3.<\/p>\n<\/div>\n<div class=\"custom-text \" readability=\"37\">\n<p>\u00abLiga no es la Liga de antes del 2003, 2004 y 2006. <strong>Liga es un equipo con historia y es lo que le hace pisar firme<\/strong>. La historia por algo est\u00e1 ah\u00ed. Por ello, los otros equipos deben respetarlo\u00bb, sentenci\u00f3. <\/p>\n<\/div>\n<div class=\"sc-e7b891c4-0 jPbnQF\"><img alt=\"Jorge Fossati con Edison M\u00e9ndez en Liga de Quito. Foto: AFP PHOTO \/ RODRIGO BUENDIA QUITO \" src=\"http:\/\/hoycordobaweb.com\/wp-content\/uploads\/2023\/09\/jorge-fossati-liga-de-quito-es-un-equipo-con-historia-y-es-lo-que-le-hace-pisar-firme-3.jpg\" width=\"720\" height=\"100\" decoding=\"async\" data-nimg=\"future\" loading=\"lazy\"><span class=\"epigraphe\">Jorge Fossati con Edison M\u00e9ndez en Liga de Quito. Foto: AFP PHOTO \/ RODRIGO BUENDIA QUITO <\/span><\/div>\n<p><h2><strong>Posibles alineaciones<\/strong><\/h2>\n<\/p>\n<div class=\"custom-text \" readability=\"40\">\n<p><strong>Liga de Quito:<\/strong> Alexander Dom\u00ednguez; Jos\u00e9 Quintero, Facundo Rodr\u00edguez, Ricardo Ad\u00e9, Leonel Qui\u00f1\u00f3nez; Mauricio Mart\u00ednez, Oscar Zambrano, Ezequiel Piovi; Renato Ibarra, Paolo Guerrero y Jhojan Julio.<\/p>\n<\/div>\n<div class=\"custom-text \" readability=\"39\">\n<p><strong>Defensa y Justicia:<\/strong> Enrique Bologna; Agust\u00edn Sant&#8217;Anna, Juli\u00e1n Malatini, Tom\u00e1s Cardona y Alexis Soto; Nicol\u00e1s Tripichio, Guti\u00e9rrez o Solari, Juli\u00e1n L\u00f3pez, David Barbona y Gast\u00f3n Togni; Nicol\u00e1s Fern\u00e1ndez.<\/p>\n<\/div>\n<div class=\"sc-a7166897-0 exHLBh\" readability=\"6\">\n<section readability=\"2\"><picture><img alt=\"Liga de Quito vs Defensa y Justicia: \u00bfcu\u00e1nto valen sus planteles?\" src=\"http:\/\/hoycordobaweb.com\/wp-content\/uploads\/2023\/09\/jorge-fossati-liga-de-quito-es-un-equipo-con-historia-y-es-lo-que-le-hace-pisar-firme-4.jpg\" width=\"290\" height=\"290\" decoding=\"async\" data-nimg=\"future\" loading=\"lazy\"><\/picture>\n<p><span>Mir\u00e1 tambi\u00e9n<\/span><\/p>\n<hr>\n<h3>Liga de Quito vs Defensa y Justicia: \u00bfcu\u00e1nto valen sus planteles?<\/h3>\n<\/p>\n<\/section>\n<\/div>\n<div class=\"sc-a7166897-0 exHLBh\" readability=\"7.5\">\n<section readability=\"5\"><picture><img alt=\"Liga de Quito vs Defensa y Justicia por Copa Sudamericana, hoy EN VIVO: hora, probables formaciones y d\u00f3nde ver\" src=\"http:\/\/hoycordobaweb.com\/wp-content\/uploads\/2023\/09\/jorge-fossati-liga-de-quito-es-un-equipo-con-historia-y-es-lo-que-le-hace-pisar-firme-5.jpg\" width=\"290\" height=\"290\" decoding=\"async\" data-nimg=\"future\" loading=\"lazy\"><\/picture>\n<p><span>Mir\u00e1 tambi\u00e9n<\/span><\/p>\n<hr>\n<h3>Liga de Quito vs Defensa y Justicia por Copa Sudamericana, hoy EN VIVO: hora, probables formaciones y d\u00f3nde ver<\/h3>\n<\/p>\n<\/section>\n<\/div>\n<div class=\"sc-a7166897-0 exHLBh\" readability=\"6\">\n<section readability=\"2\"><picture><img alt=\"Con Paolo y Jhojan: la posible alineaci\u00f3n de Liga por Sudamericana\" src=\"http:\/\/hoycordobaweb.com\/wp-content\/uploads\/2023\/09\/jorge-fossati-liga-de-quito-es-un-equipo-con-historia-y-es-lo-que-le-hace-pisar-firme-6.jpg\" width=\"290\" height=\"290\" decoding=\"async\" data-nimg=\"future\" loading=\"lazy\"><\/picture>\n<p><span>Mir\u00e1 tambi\u00e9n<\/span><\/p>\n<hr>\n<h3>Con Paolo y Jhojan: la posible alineaci\u00f3n de Liga por Sudamericana<\/h3>\n<\/p>\n<\/section>\n<\/div>\n<div class=\"sc-a7166897-0 exHLBh\" readability=\"6\">\n<section readability=\"2\"><picture><img alt=\"El multimillonario salario que cobra Mois\u00e9s Caicedo en Chelsea\" src=\"http:\/\/hoycordobaweb.com\/wp-content\/uploads\/2023\/09\/jorge-fossati-liga-de-quito-es-un-equipo-con-historia-y-es-lo-que-le-hace-pisar-firme-7.jpg\" width=\"290\" height=\"290\" decoding=\"async\" data-nimg=\"future\" loading=\"lazy\"><\/picture>\n<p><span>Mir\u00e1 tambi\u00e9n<\/span><\/p>\n<hr>\n<h3>El multimillonario salario que cobra Mois\u00e9s Caicedo en Chelsea<\/h3>\n<\/p>\n<\/section>\n<\/div>\n<div class=\"sc-a7166897-0 exHLBh\" readability=\"6.5\">\n<section readability=\"3\"><picture><img alt=\"Buch y su renuncia: &quot;A los jugadores les tom\u00f3 por sorpresa y me empezaron a transmitir su apoyo&quot;\" src=\"http:\/\/hoycordobaweb.com\/wp-content\/uploads\/2023\/09\/jorge-fossati-liga-de-quito-es-un-equipo-con-historia-y-es-lo-que-le-hace-pisar-firme-8.jpg\" width=\"290\" height=\"290\" decoding=\"async\" data-nimg=\"future\" loading=\"lazy\"><\/picture>\n<p><span>Mir\u00e1 tambi\u00e9n<\/span><\/p>\n<hr>\n<h3>Buch y su renuncia: \u00abA los jugadores les tom\u00f3 por sorpresa y me empezaron a transmitir su apoyo\u00bb<\/h3>\n<\/p>\n<\/section>\n<\/div>\n<div class=\"sc-a7166897-0 exHLBh\" readability=\"6\">\n<section readability=\"2\"><picture><img alt=\"Mateo Carabajal estar\u00e1 en Independiente del Valle hasta 2027\" src=\"http:\/\/hoycordobaweb.com\/wp-content\/uploads\/2023\/09\/jorge-fossati-liga-de-quito-es-un-equipo-con-historia-y-es-lo-que-le-hace-pisar-firme-9.jpg\" width=\"290\" height=\"290\" decoding=\"async\" data-nimg=\"future\" loading=\"lazy\"><\/picture>\n<p><span>Mir\u00e1 tambi\u00e9n<\/span><\/p>\n<hr>\n<h3>Mateo Carabajal estar\u00e1 en Independiente del Valle hasta 2027<\/h3>\n<\/p>\n<\/section>\n<\/div>\n<\/div>\n","protected":false},"excerpt":{"rendered":"<p>27\/09\/2023 14:25hs. Liga de Quito volvi\u00f3 a semifinales de un torneo internacional despu\u00e9s de 12 a\u00f1os ya que la \u00faltima vez que estuvo en esta instancia fue en la Copa Sudamericana 2011. Ah\u00ed lleg\u00f3 a la final y perdi\u00f3 ante la Universidad de Chile de Jorge Sampaoli. Este retorno ha puesto feliz a sus hinchas, [&hellip;]<\/p>\n","protected":false},"author":1,"featured_media":67257,"comment_status":"open","ping_status":"closed","sticky":false,"template":"","format":"standard","meta":[],"categories":[16],"tags":[],"_links":{"self":[{"href":"http:\/\/hoycordobaweb.com\/index.php\/wp-json\/wp\/v2\/posts\/67256"}],"collection":[{"href":"http:\/\/hoycordobaweb.com\/index.php\/wp-json\/wp\/v2\/posts"}],"about":[{"href":"http:\/\/hoycordobaweb.com\/index.php\/wp-json\/wp\/v2\/types\/post"}],"author":[{"embeddable":true,"href":"http:\/\/hoycordobaweb.com\/index.php\/wp-json\/wp\/v2\/users\/1"}],"replies":[{"embeddable":true,"href":"http:\/\/hoycordobaweb.com\/index.php\/wp-json\/wp\/v2\/comments?post=67256"}],"version-history":[{"count":0,"href":"http:\/\/hoycordobaweb.com\/index.php\/wp-json\/wp\/v2\/posts\/67256\/revisions"}],"wp:featuredmedia":[{"embeddable":true,"href":"http:\/\/hoycordobaweb.com\/index.php\/wp-json\/wp\/v2\/media\/67257"}],"wp:attachment":[{"href":"http:\/\/hoycordobaweb.com\/index.php\/wp-json\/wp\/v2\/media?parent=67256"}],"wp:term":[{"taxonomy":"category","embeddable":true,"href":"http:\/\/hoycordobaweb.com\/index.php\/wp-json\/wp\/v2\/categories?post=67256"},{"taxonomy":"post_tag","embeddable":true,"href":"http:\/\/hoycordobaweb.com\/index.php\/wp-json\/wp\/v2\/tags?post=67256"}],"curies":[{"name":"wp","href":"https:\/\/api.w.org\/{rel}","templated":true}]}}