{"id":67206,"date":"2023-09-26T16:57:11","date_gmt":"2023-09-26T16:57:11","guid":{"rendered":"https:\/\/www.ole.com.ar\/river-plate\/diego-latorre-critica-martin-demichelis-river-plate_0_GRyykpRtR6.html"},"modified":"2023-09-26T16:57:11","modified_gmt":"2023-09-26T16:57:11","slug":"la-fuerte-critica-de-latorre-a-demichelis-figura-debilitada-y-sobreactuaciones-en-river","status":"publish","type":"post","link":"http:\/\/hoycordobaweb.com\/index.php\/2023\/09\/26\/la-fuerte-critica-de-latorre-a-demichelis-figura-debilitada-y-sobreactuaciones-en-river\/","title":{"rendered":"La fuerte cr\u00edtica de Latorre a Demichelis: \u00abfigura debilitada\u00bb y \u00absobreactuaciones\u00bb en River"},"content":{"rendered":"<p><img src=\"http:\/\/hoycordobaweb.com\/wp-content\/uploads\/2023\/09\/la-fuerte-critica-de-latorre-a-demichelis-figura-debilitada-y-sobreactuaciones-en-river.jpg\"><\/p>\n<p><time class=\"createDate\" datetime=\"2023-09-26T13:57:11-03:00\">26\/09\/2023 13:57hs.<\/time><time class=\"modificatedDate\" datetime=\"2023-09-26T14:13:21-03:00\"> Actualizado al 26\/09\/2023 14:13hs.<\/time><\/p>\n<div id=\"storyBody\">\n<div class=\"custom-text \" readability=\"12.091911764706\">\n<p>El <strong><a href=\"https:\/\/www.ole.com.ar\/tema\/martin-demichelis.html\" title=\"Martin Demichelis\" alt=\"Martin Demichelis\" class=\"slug\">Demichelis<\/a><\/strong>-gate dej\u00f3 cicatrices que no van a desaparecer f\u00e1cilmente y que corren el riesgo de volver a convertirse en heridas. Los dos triunfos al hilo en el <strong><a href=\"https:\/\/www.ole.com.ar\/tema\/estadio-monumental.html\" title=\"Estadio Monumental\" alt=\"Estadio Monumental\" class=\"slug\">Monumental<\/a><\/strong> invitaban a creer que la tormenta se hab\u00eda alejado, pero en el Sur volvieron a aparecer las nubes y el p\u00e1lido 1-1 frente a Banfield volvi\u00f3 a instalar un clima de incertidumbre en <strong><a href=\"https:\/\/www.ole.com.ar\/tema\/river-plate.html\" title=\"River Plate\" alt=\"River Plate\" class=\"slug\">River<\/a><\/strong>, justo en la previa del supercl\u00e1sico. Y en este contexto nuevamente adverso, <strong><a href=\"https:\/\/www.ole.com.ar\/tema\/diego-latorre.html\" title=\"DIego Latorre\" alt=\"DIego Latorre\" class=\"slug\">Diego Latorre<\/a><\/strong> analiz\u00f3 el presente del equipo de N\u00fa\u00f1ez y lanz\u00f3 una fuerte cr\u00edtica hacia el t\u00e9cnico.<\/p>\n<\/div>\n<div class=\"custom-text \" readability=\"15\">\n<p>\u00abM\u00e1s all\u00e1 del an\u00e1lisis y de los altibajos del equipo, que puede jugar mejor de local o visitante&#8230; <strong>Lo que yo percibo, no s\u00e9 c\u00f3mo lo sienten los jugadores, pero qued\u00f3 un poco debilitada la figura<\/strong> (del entrenador) <strong>internamente<\/strong>\u00ab, arranc\u00f3 el ex futbolista en Equipo F (ESPN), antes de dar su opini\u00f3n sobre el hecho que gener\u00f3 mayor revuelo en los pasillos del Monumental.<\/p>\n<\/div>\n<div class=\"custom-text \" readability=\"13\">\n<p>Las filtraciones internas de las charlas en off de Demichelis con periodistas fue lo que desat\u00f3 el esc\u00e1ndalo en la intimidad del plantel y Latorre, repasando lo que vivi\u00f3 como jugador, fue contundente: \u00abCuando sent\u00eds o te enter\u00e1s que un entrenador se re\u00fane con periodistas, <strong>les pasa informaci\u00f3n clasificada y da nombres de futbolistas&#8230; <\/strong>Es como que <strong>\u00e9l se est\u00e1 protegiendo y est\u00e1 poniendo un paraguas de protecci\u00f3n <\/strong>y hace responsables a tres o cuatro jugadores\u00bb.<\/p>\n<\/div>\n<div class=\"custom-text \" readability=\"16\">\n<p>Luego, con un descontento visible por la situaci\u00f3n, agreg\u00f3: \u00abComo jugador, me llego a enterar que un entrenador habla mal de sus propios futbolistas delante de los periodistas&#8230; Nosotros (los jugadores) tenemos un sentido casi de grupo corporativo, <strong>somos una unidad con el cuerpo t\u00e9cnico, <\/strong>una hermandad, una tribu\u00bb.<\/p>\n<\/div>\n<div class=\"sc-7ce6049-0 dwIKul\">\n<div class=\"sc-7ce6049-1 bdcBBS videoText\" id=\"contentTitleundefined6nPyMshE\" readability=\"6\"><svg fill=\"#ffffff\"><symbol id=\"play\" viewBox=\"0 0 512 512\"><path d=\"M512 256C512 397.4 397.4 512 256 512C114.6 512 0 397.4 0 256C0 114.6 114.6 0 256 0C397.4 0 512 114.6 512 256zM176 168V344C176 352.7 180.7 360.7 188.3 364.9C195.8 369.2 205.1 369 212.5 364.5L356.5 276.5C363.6 272.1 368 264.4 368 256C368 247.6 363.6 239.9 356.5 235.5L212.5 147.5C205.1 142.1 195.8 142.8 188.3 147.1C180.7 151.3 176 159.3 176 168V168z\" \/><\/symbol><use xlink:href=\"#play\" \/><\/svg><\/p>\n<div class=\"right\" readability=\"7\">\n<p>Martin Demichelis<!-- --> &#8211;<!-- --> <span>26-9-2023<\/span><\/p>\n<h2 class=\"title-vid\">Latorre: \u00abLa figura de Demichelis qued\u00f3 debilitada\u00bb<\/h2>\n<\/div>\n<\/div>\n<p><span class=\"back\" id=\"spanBackundefined6nPyMshE\"><\/span><\/div>\n<div class=\"custom-text \" readability=\"14\">\n<p>Para finalizar, tambi\u00e9n hizo hincapi\u00e9 en que <strong>\u00ablos dem\u00e1s son de palo\u00bb, que \u00ablos periodistas no son enemigos, pero juegan en otro equipo\u00bb<\/strong> y cerr\u00f3 con una apreciaci\u00f3n sobre el comportamiento del plantel y el CT de River en los \u00faltimos d\u00edas: \u00abHubo <strong>sobreactuaciones en las palabras, los besos y abrazos\u00bb.<\/strong><\/p>\n<\/div>\n<p><h2><strong>La frase de Demichelis sobre el supercl\u00e1sico<\/strong><\/h2>\n<\/p>\n<div class=\"custom-text \" readability=\"13\">\n<p>\u201cA partir de la vuelta a las pr\u00e1cticas voy a tener 26 jugadores de campo a disposici\u00f3n. Trabajaremos con armon\u00eda y <strong>vamos a redoblar esfuerzos para ir a jugar y ganar en la Bombonera, algo que hace bastante no se consigue. Lo merecemos. <\/strong>No tengo dudas de que vamos a estar preparados para esa situaci\u00f3n. Vamos a analizar qu\u00e9 es lo mejor para el pr\u00f3ximo partido\u201d, fue contundente el DT, destacando la semana que tuvieron sus dirigidos e irradi\u00e1ndoles confianza a los hinchas.<\/p>\n<\/div>\n<div class=\"sc-e7b891c4-0 jPbnQF\"><img alt=\"Demichelis ante Banfield. Foto: Maxi Failla.\" src=\"http:\/\/hoycordobaweb.com\/wp-content\/uploads\/2023\/09\/la-fuerte-critica-de-latorre-a-demichelis-figura-debilitada-y-sobreactuaciones-en-river-2.jpg\" width=\"720\" height=\"100\" decoding=\"async\" data-nimg=\"future\" loading=\"lazy\"><span class=\"epigraphe\">Demichelis ante Banfield. Foto: Maxi Failla.<\/span><\/div>\n<div class=\"sc-a7166897-0 exHLBh\" readability=\"6.5\">\n<section readability=\"3\"><picture><img alt=\"Paulo D\u00edaz: S\u00faper nivel antes de Boca y el festejo de cumple de su hijo \u00a1100% de River!\" src=\"http:\/\/hoycordobaweb.com\/wp-content\/uploads\/2023\/09\/la-fuerte-critica-de-latorre-a-demichelis-figura-debilitada-y-sobreactuaciones-en-river-3.jpg\" width=\"290\" height=\"290\" decoding=\"async\" data-nimg=\"future\" loading=\"lazy\"><\/picture>\n<p><span>Mir\u00e1 tambi\u00e9n<\/span><\/p>\n<hr>\n<h3>Paulo D\u00edaz: S\u00faper nivel antes de Boca y el festejo de cumple de su hijo \u00a1100% de River!<\/h3>\n<\/p>\n<\/section>\n<\/div>\n<div class=\"sc-a7166897-0 exHLBh\" readability=\"6\">\n<section readability=\"2\"><picture><img alt=\"En Sevilla aseguran que tienen apuntado a Gallardo\" src=\"http:\/\/hoycordobaweb.com\/wp-content\/uploads\/2023\/09\/la-fuerte-critica-de-latorre-a-demichelis-figura-debilitada-y-sobreactuaciones-en-river-4.jpg\" width=\"290\" height=\"290\" decoding=\"async\" data-nimg=\"future\" loading=\"lazy\"><\/picture>\n<p><span>Mir\u00e1 tambi\u00e9n<\/span><\/p>\n<hr>\n<h3>En Sevilla aseguran que tienen apuntado a Gallardo<\/h3>\n<\/p>\n<\/section>\n<\/div>\n<div class=\"sc-a7166897-0 exHLBh\" readability=\"6.5\">\n<section readability=\"3\"><picture><img alt=\"Las dos caras de Demichelis en la Bombonera: goleada hist\u00f3rica de River y una expulsi\u00f3n tempranera\" src=\"http:\/\/hoycordobaweb.com\/wp-content\/uploads\/2023\/09\/la-fuerte-critica-de-latorre-a-demichelis-figura-debilitada-y-sobreactuaciones-en-river-5.jpg\" width=\"290\" height=\"290\" decoding=\"async\" data-nimg=\"future\" loading=\"lazy\"><\/picture>\n<p><span>Mir\u00e1 tambi\u00e9n<\/span><\/p>\n<hr>\n<h3>Las dos caras de Demichelis en la Bombonera: goleada hist\u00f3rica de River y una expulsi\u00f3n tempranera<\/h3>\n<\/p>\n<\/section>\n<\/div>\n<div class=\"sc-a7166897-0 exHLBh\" readability=\"6.5\">\n<section readability=\"3\"><picture><img alt=\"Video: Manu Lanzini se enter\u00f3 cu\u00e1l ser\u00e1 el g\u00e9nero de su tercer beb\u00e9 jugando al ta-te-ti\" src=\"http:\/\/hoycordobaweb.com\/wp-content\/uploads\/2023\/09\/la-fuerte-critica-de-latorre-a-demichelis-figura-debilitada-y-sobreactuaciones-en-river-6.jpg\" width=\"290\" height=\"290\" decoding=\"async\" data-nimg=\"future\" loading=\"lazy\"><\/picture>\n<p><span>Mir\u00e1 tambi\u00e9n<\/span><\/p>\n<hr>\n<h3>Video: Manu Lanzini se enter\u00f3 cu\u00e1l ser\u00e1 el g\u00e9nero de su tercer beb\u00e9 jugando al ta-te-ti<\/h3>\n<\/p>\n<\/section>\n<\/div>\n<\/div>\n","protected":false},"excerpt":{"rendered":"<p>26\/09\/2023 13:57hs. Actualizado al 26\/09\/2023 14:13hs. El Demichelis-gate dej\u00f3 cicatrices que no van a desaparecer f\u00e1cilmente y que corren el riesgo de volver a convertirse en heridas. Los dos triunfos al hilo en el Monumental invitaban a creer que la tormenta se hab\u00eda alejado, pero en el Sur volvieron a aparecer las nubes y el [&hellip;]<\/p>\n","protected":false},"author":1,"featured_media":67207,"comment_status":"open","ping_status":"closed","sticky":false,"template":"","format":"standard","meta":[],"categories":[16],"tags":[],"_links":{"self":[{"href":"http:\/\/hoycordobaweb.com\/index.php\/wp-json\/wp\/v2\/posts\/67206"}],"collection":[{"href":"http:\/\/hoycordobaweb.com\/index.php\/wp-json\/wp\/v2\/posts"}],"about":[{"href":"http:\/\/hoycordobaweb.com\/index.php\/wp-json\/wp\/v2\/types\/post"}],"author":[{"embeddable":true,"href":"http:\/\/hoycordobaweb.com\/index.php\/wp-json\/wp\/v2\/users\/1"}],"replies":[{"embeddable":true,"href":"http:\/\/hoycordobaweb.com\/index.php\/wp-json\/wp\/v2\/comments?post=67206"}],"version-history":[{"count":0,"href":"http:\/\/hoycordobaweb.com\/index.php\/wp-json\/wp\/v2\/posts\/67206\/revisions"}],"wp:featuredmedia":[{"embeddable":true,"href":"http:\/\/hoycordobaweb.com\/index.php\/wp-json\/wp\/v2\/media\/67207"}],"wp:attachment":[{"href":"http:\/\/hoycordobaweb.com\/index.php\/wp-json\/wp\/v2\/media?parent=67206"}],"wp:term":[{"taxonomy":"category","embeddable":true,"href":"http:\/\/hoycordobaweb.com\/index.php\/wp-json\/wp\/v2\/categories?post=67206"},{"taxonomy":"post_tag","embeddable":true,"href":"http:\/\/hoycordobaweb.com\/index.php\/wp-json\/wp\/v2\/tags?post=67206"}],"curies":[{"name":"wp","href":"https:\/\/api.w.org\/{rel}","templated":true}]}}