{"id":67204,"date":"2023-09-26T16:57:16","date_gmt":"2023-09-26T16:57:16","guid":{"rendered":"https:\/\/www.ole.com.ar\/ecuador\/internacional\/saludo-chelsea-dia-bandera-moises-caicedo_0_hV9Kp9unjH.html"},"modified":"2023-09-26T16:57:16","modified_gmt":"2023-09-26T16:57:16","slug":"con-moises-caicedo-en-version-comic-el-saludo-de-chelsea-por-el-dia-de-la-bandera","status":"publish","type":"post","link":"http:\/\/hoycordobaweb.com\/index.php\/2023\/09\/26\/con-moises-caicedo-en-version-comic-el-saludo-de-chelsea-por-el-dia-de-la-bandera\/","title":{"rendered":"Con Mois\u00e9s Caicedo en versi\u00f3n c\u00f3mic, el saludo de Chelsea por el D\u00eda de la Bandera"},"content":{"rendered":"<p><img src=\"http:\/\/hoycordobaweb.com\/wp-content\/uploads\/2023\/09\/con-moises-caicedo-en-version-comic-el-saludo-de-chelsea-por-el-dia-de-la-bandera.jpg\"><\/p>\n<p><time class=\"createDate\" datetime=\"2023-09-26T13:57:16-03:00\">26\/09\/2023 13:57hs.<\/time><time class=\"modificatedDate\" datetime=\"2023-09-26T13:57:16-03:00\"><\/time><\/p>\n<div id=\"storyBody\">\n<div class=\"custom-text \" readability=\"35.915211970075\">\n<p>Este martes 26 de septiembre es el <strong>D\u00eda de la Bandera Nacional,<\/strong> y uno de los que se acord\u00f3 del s\u00edmbolo nacional fue ni m\u00e1s ni menos que \u00a1el <strong><a href=\"https:\/\/www.ole.com.ar\/tema\/chelsea.html\" title=\"Chelsea\" alt=\"Chelsea\" class=\"slug\">Chelsea<\/a><\/strong>! A trav\u00e9s de un mensaje en sus redes sociales en espa\u00f1ol,<strong> el club ingl\u00e9s les envi\u00f3 un mensaje a los hinchas tricolores<\/strong> que tiene el equipo que dirige Mauricio Pochettino.<strong> Como no pod\u00eda ser de otra manera, en el posteo apareci\u00f3 <a href=\"https:\/\/www.ole.com.ar\/tema\/moises-caicedo.html\" title=\"Mois\u00e9s Caicedo\" alt=\"Mois\u00e9s Caicedo\" class=\"slug\">Mois\u00e9s Caicedo<\/a>.<\/strong><\/p>\n<\/div>\n<div class=\"custom-text \" readability=\"36\">\n<p><strong>\u00ab\u00a1Feliz D\u00eda de la Bandera Nacional amigos ecuatorianos!\u00bb,<\/strong> publicaron los Blues en sus distintas cuentas oficiales. Adem\u00e1s, acompa\u00f1aron el mensaje con una imagen del Ni\u00f1o Moi en versi\u00f3n c\u00f3mic: ondeando una bandera de Ecuador en Stamford Bridge.<\/p>\n<\/div>\n<div class=\"custom-text \" readability=\"36\">\n<p>Desde la llegada de Caicedo, el Chelsea se transform\u00f3 en uno de los equipos m\u00e1s seguidos del Viejo Continente por los hinchas ecuatorianos. Como pasa con el Brighton, <strong>no es extra\u00f1o que en los partidos de los Blues aparezcan banderas tricolores en las tribunas.<\/strong><\/p>\n<\/div>\n<div class=\"custom-text \" readability=\"35.385454545455\">\n<p>Adem\u00e1s de Moi, los Blues ya se aseguraron a otra joya de Ecuador: es que cuando cumpla los 18 a\u00f1os, se sumar\u00e1 <strong><a href=\"https:\/\/www.ole.com.ar\/tema\/kendry-paez.html\" title=\"Kendry P\u00e1ez\" alt=\"Kendry P\u00e1ez\" class=\"slug\">Kendry P\u00e1ez<\/a><\/strong>. El joven talento formado en Independiente del Valle (al igual que Caicedo) ya fue vendido al f\u00fatbol ingl\u00e9s, que lo espera con los brazos abiertos.<\/p>\n<\/div>\n<p><h2><strong>En Alemania tambi\u00e9n se acordaron del D\u00eda de la Bandera<\/strong><\/h2>\n<\/p>\n<div class=\"custom-text \" readability=\"37\">\n<p>Otro club europeo que no pas\u00f3 por alto la celebraci\u00f3n del D\u00eda de la Bandera fue el Eintracht Frankfurt de Alemania, donde desde esta temporada juega otro futbolista de La Tri: William Pacho. <strong>\u00ab\u00a1Desde Frankfurt le deseamos un muy Feliz D\u00eda de la Bandera a todo el pueblo ecuatoriano!\u00bb<\/strong>, public\u00f3 el equipo de la Bundesliga.<\/p>\n<\/div>\n<div class=\"sc-a7166897-0 exHLBh\" readability=\"6\">\n<section readability=\"2\"><picture><img alt=\"Las conclusiones de Miguel \u00c1ngel Loor tras su reuni\u00f3n con \u00e1rbitros y la CNA\" src=\"http:\/\/hoycordobaweb.com\/wp-content\/uploads\/2023\/09\/con-moises-caicedo-en-version-comic-el-saludo-de-chelsea-por-el-dia-de-la-bandera-2.jpg\" width=\"290\" height=\"290\" decoding=\"async\" data-nimg=\"future\" loading=\"lazy\"><\/picture>\n<p><span>Mir\u00e1 tambi\u00e9n<\/span><\/p>\n<hr>\n<h3>Las conclusiones de Miguel \u00c1ngel Loor tras su reuni\u00f3n con \u00e1rbitros y la CNA<\/h3>\n<\/p>\n<\/section>\n<\/div>\n<div class=\"sc-a7166897-0 exHLBh\" readability=\"6\">\n<section readability=\"2\"><picture><img alt=\"\u00a1Liga de Quito vs. Defensa y Justicia se jugar\u00e1 a estadio lleno!\" src=\"http:\/\/hoycordobaweb.com\/wp-content\/uploads\/2023\/09\/con-moises-caicedo-en-version-comic-el-saludo-de-chelsea-por-el-dia-de-la-bandera-3.jpg\" width=\"290\" height=\"290\" decoding=\"async\" data-nimg=\"future\" loading=\"lazy\"><\/picture>\n<p><span>Mir\u00e1 tambi\u00e9n<\/span><\/p>\n<hr>\n<h3>\u00a1Liga de Quito vs. Defensa y Justicia se jugar\u00e1 a estadio lleno!<\/h3>\n<\/p>\n<\/section>\n<\/div>\n<div class=\"sc-a7166897-0 exHLBh\" readability=\"6\">\n<section readability=\"2\"><picture><img alt=\"El equipo ideal de la fecha 7 de la LigaPro\" src=\"http:\/\/hoycordobaweb.com\/wp-content\/uploads\/2023\/09\/con-moises-caicedo-en-version-comic-el-saludo-de-chelsea-por-el-dia-de-la-bandera-4.jpg\" width=\"290\" height=\"290\" decoding=\"async\" data-nimg=\"future\" loading=\"lazy\"><\/picture>\n<p><span>Mir\u00e1 tambi\u00e9n<\/span><\/p>\n<hr>\n<h3>El equipo ideal de la fecha 7 de la LigaPro<\/h3>\n<\/p>\n<\/section>\n<\/div>\n<div class=\"sc-a7166897-0 exHLBh\" readability=\"6\">\n<section readability=\"2\"><picture><img alt=\"Allen Obando: de hacer su primer gol en Barcelona a \u00a1jurar a la bandera!\" src=\"http:\/\/hoycordobaweb.com\/wp-content\/uploads\/2023\/09\/con-moises-caicedo-en-version-comic-el-saludo-de-chelsea-por-el-dia-de-la-bandera-5.jpg\" width=\"290\" height=\"290\" decoding=\"async\" data-nimg=\"future\" loading=\"lazy\"><\/picture>\n<p><span>Mir\u00e1 tambi\u00e9n<\/span><\/p>\n<hr>\n<h3>Allen Obando: de hacer su primer gol en Barcelona a \u00a1jurar a la bandera!<\/h3>\n<\/p>\n<\/section>\n<\/div>\n<\/div>\n","protected":false},"excerpt":{"rendered":"<p>26\/09\/2023 13:57hs. Este martes 26 de septiembre es el D\u00eda de la Bandera Nacional, y uno de los que se acord\u00f3 del s\u00edmbolo nacional fue ni m\u00e1s ni menos que \u00a1el Chelsea! A trav\u00e9s de un mensaje en sus redes sociales en espa\u00f1ol, el club ingl\u00e9s les envi\u00f3 un mensaje a los hinchas tricolores que [&hellip;]<\/p>\n","protected":false},"author":1,"featured_media":67205,"comment_status":"open","ping_status":"closed","sticky":false,"template":"","format":"standard","meta":[],"categories":[16],"tags":[],"_links":{"self":[{"href":"http:\/\/hoycordobaweb.com\/index.php\/wp-json\/wp\/v2\/posts\/67204"}],"collection":[{"href":"http:\/\/hoycordobaweb.com\/index.php\/wp-json\/wp\/v2\/posts"}],"about":[{"href":"http:\/\/hoycordobaweb.com\/index.php\/wp-json\/wp\/v2\/types\/post"}],"author":[{"embeddable":true,"href":"http:\/\/hoycordobaweb.com\/index.php\/wp-json\/wp\/v2\/users\/1"}],"replies":[{"embeddable":true,"href":"http:\/\/hoycordobaweb.com\/index.php\/wp-json\/wp\/v2\/comments?post=67204"}],"version-history":[{"count":0,"href":"http:\/\/hoycordobaweb.com\/index.php\/wp-json\/wp\/v2\/posts\/67204\/revisions"}],"wp:featuredmedia":[{"embeddable":true,"href":"http:\/\/hoycordobaweb.com\/index.php\/wp-json\/wp\/v2\/media\/67205"}],"wp:attachment":[{"href":"http:\/\/hoycordobaweb.com\/index.php\/wp-json\/wp\/v2\/media?parent=67204"}],"wp:term":[{"taxonomy":"category","embeddable":true,"href":"http:\/\/hoycordobaweb.com\/index.php\/wp-json\/wp\/v2\/categories?post=67204"},{"taxonomy":"post_tag","embeddable":true,"href":"http:\/\/hoycordobaweb.com\/index.php\/wp-json\/wp\/v2\/tags?post=67204"}],"curies":[{"name":"wp","href":"https:\/\/api.w.org\/{rel}","templated":true}]}}