{"id":67187,"date":"2023-09-25T23:00:00","date_gmt":"2023-09-25T23:00:00","guid":{"rendered":"https:\/\/fm-comunicar.com.ar\/contenido\/20738\/jesus-maria-sera-sede-de-dos-jornadas-de-concientizacion-y-capacitacion-en-marco"},"modified":"2023-09-25T23:00:00","modified_gmt":"2023-09-25T23:00:00","slug":"jesus-maria-sera-sede-de-dos-jornadas-de-concientizacion-y-capacitacion-en-marco-del-dia-mundial-del-corazon","status":"publish","type":"post","link":"http:\/\/hoycordobaweb.com\/index.php\/2023\/09\/25\/jesus-maria-sera-sede-de-dos-jornadas-de-concientizacion-y-capacitacion-en-marco-del-dia-mundial-del-corazon\/","title":{"rendered":"Jes\u00fas Mar\u00eda ser\u00e1 sede de dos jornadas de concientizaci\u00f3n y capacitaci\u00f3n en marco del D\u00eda Mundial del Coraz\u00f3n"},"content":{"rendered":"<p>La propuesta es organizada por el distrito C\u00f3rdoba de la Sociedad Argentina de Cardiolog\u00eda, con el acompa\u00f1amiento del municipio, con el objetivo de involucrar y educar a la comunidad en la prevenci\u00f3n de enfermedades cardiovasculares.<img src=\"http:\/\/hoycordobaweb.com\/wp-content\/uploads\/2023\/09\/jesus-maria-sera-sede-de-dos-jornadas-de-concientizacion-y-capacitacion-en-marco-del-dia-mundial-del-corazon.jpg\"><\/p>\n","protected":false},"excerpt":{"rendered":"<p>La propuesta es organizada por el distrito C\u00f3rdoba de la Sociedad Argentina de Cardiolog\u00eda, con el acompa\u00f1amiento del municipio, con el objetivo de involucrar y educar a la comunidad en la prevenci\u00f3n de enfermedades cardiovasculares.<\/p>\n","protected":false},"author":1,"featured_media":67188,"comment_status":"closed","ping_status":"closed","sticky":false,"template":"","format":"standard","meta":[],"categories":[18],"tags":[],"_links":{"self":[{"href":"http:\/\/hoycordobaweb.com\/index.php\/wp-json\/wp\/v2\/posts\/67187"}],"collection":[{"href":"http:\/\/hoycordobaweb.com\/index.php\/wp-json\/wp\/v2\/posts"}],"about":[{"href":"http:\/\/hoycordobaweb.com\/index.php\/wp-json\/wp\/v2\/types\/post"}],"author":[{"embeddable":true,"href":"http:\/\/hoycordobaweb.com\/index.php\/wp-json\/wp\/v2\/users\/1"}],"replies":[{"embeddable":true,"href":"http:\/\/hoycordobaweb.com\/index.php\/wp-json\/wp\/v2\/comments?post=67187"}],"version-history":[{"count":0,"href":"http:\/\/hoycordobaweb.com\/index.php\/wp-json\/wp\/v2\/posts\/67187\/revisions"}],"wp:featuredmedia":[{"embeddable":true,"href":"http:\/\/hoycordobaweb.com\/index.php\/wp-json\/wp\/v2\/media\/67188"}],"wp:attachment":[{"href":"http:\/\/hoycordobaweb.com\/index.php\/wp-json\/wp\/v2\/media?parent=67187"}],"wp:term":[{"taxonomy":"category","embeddable":true,"href":"http:\/\/hoycordobaweb.com\/index.php\/wp-json\/wp\/v2\/categories?post=67187"},{"taxonomy":"post_tag","embeddable":true,"href":"http:\/\/hoycordobaweb.com\/index.php\/wp-json\/wp\/v2\/tags?post=67187"}],"curies":[{"name":"wp","href":"https:\/\/api.w.org\/{rel}","templated":true}]}}