{"id":67180,"date":"2023-09-25T19:10:42","date_gmt":"2023-09-25T19:10:42","guid":{"rendered":"https:\/\/fono.fcm.unc.edu.ar\/?p=11230"},"modified":"2023-09-25T19:10:42","modified_gmt":"2023-09-25T19:10:42","slug":"60-aniversario-9-foro-de-extension-universitaria-inscripciones-abiertas","status":"publish","type":"post","link":"http:\/\/hoycordobaweb.com\/index.php\/2023\/09\/25\/60-aniversario-9-foro-de-extension-universitaria-inscripciones-abiertas\/","title":{"rendered":"60\u00b0 Aniversario \u2013 9\u00b0 Foro de Extensi\u00f3n Universitaria \u2013 Inscripciones abiertas"},"content":{"rendered":"<h2 class=\"fusion-post-title\">60\u00b0 Aniversario \u2013 9\u00b0 Foro de Extensi\u00f3n Universitaria \u2013 Inscripciones abiertas<\/h2>\n<div class=\"post-content\" readability=\"51.600931677019\">\n<p><img loading=\"lazy\" class=\"alignright size-fusion-400 wp-image-11231\" src=\"https:\/\/fono.fcm.unc.edu.ar\/wp-content\/uploads\/sites\/14\/2023\/09\/WhatsApp-Image-2023-09-25-at-16.09.06-400x393.jpeg\" alt width=\"400\" height=\"393\" srcset=\"https:\/\/fono.fcm.unc.edu.ar\/wp-content\/uploads\/sites\/14\/2023\/09\/WhatsApp-Image-2023-09-25-at-16.09.06-66x66.jpeg 66w, https:\/\/fono.fcm.unc.edu.ar\/wp-content\/uploads\/sites\/14\/2023\/09\/WhatsApp-Image-2023-09-25-at-16.09.06-200x196.jpeg 200w, https:\/\/fono.fcm.unc.edu.ar\/wp-content\/uploads\/sites\/14\/2023\/09\/WhatsApp-Image-2023-09-25-at-16.09.06-300x295.jpeg 300w, https:\/\/fono.fcm.unc.edu.ar\/wp-content\/uploads\/sites\/14\/2023\/09\/WhatsApp-Image-2023-09-25-at-16.09.06-400x393.jpeg 400w, https:\/\/fono.fcm.unc.edu.ar\/wp-content\/uploads\/sites\/14\/2023\/09\/WhatsApp-Image-2023-09-25-at-16.09.06-600x589.jpeg 600w, https:\/\/fono.fcm.unc.edu.ar\/wp-content\/uploads\/sites\/14\/2023\/09\/WhatsApp-Image-2023-09-25-at-16.09.06-768x754.jpeg 768w, https:\/\/fono.fcm.unc.edu.ar\/wp-content\/uploads\/sites\/14\/2023\/09\/WhatsApp-Image-2023-09-25-at-16.09.06-800x786.jpeg 800w, https:\/\/fono.fcm.unc.edu.ar\/wp-content\/uploads\/sites\/14\/2023\/09\/WhatsApp-Image-2023-09-25-at-16.09.06-1024x1006.jpeg 1024w, https:\/\/fono.fcm.unc.edu.ar\/wp-content\/uploads\/sites\/14\/2023\/09\/WhatsApp-Image-2023-09-25-at-16.09.06.jpeg 1079w\" sizes=\"(max-width: 400px) 100vw, 400px\">Bajo el lema \u201cRecorridos, desaf\u00edos y agendas pendientes a 40 a\u00f1os de democracia\u201d, el&nbsp;<em>10 y 11 de octubre<\/em>&nbsp;de 2023 se realizar\u00e1 el 9\u00ba Foro de Extensi\u00f3n Universitaria. En el&nbsp;<em>Pabell\u00f3n Argentina<\/em>&nbsp;de Ciudad Universitaria (C\u00f3rdoba), se presentar\u00e1n&nbsp;<a href=\"https:\/\/www.unc.edu.ar\/sites\/default\/files\/Asignaciones%20evaluaci%C3%B3n%209%C2%B0%20Foro%20de%20Extensi%C3%B3n.pdf\"><b><strong>150 trabajos<\/strong><\/b><\/a>, mesas debate y cinco conferencias magistrales con el objetivo de reflexionar sobre las pr\u00e1cticas extensionistas, los escenarios, sujetos, intervenciones y los roles de la Universidad en el actual contexto de crisis y recuperar relatos y an\u00e1lisis que exponen las m\u00faltiples maneras de hacer extensi\u00f3n.<\/p>\n<p>Se otorgan certificados de asistencia a quienes se inscriban hasta el 8 domingo a las 23:59 y acrediten su presencia el d\u00eda de inicio.<\/p>\n<p>El 9\u00b0 Foro es organizado por la Secretar\u00eda de Extensi\u00f3n junto con el Consejo Asesor (CAEU).<\/p>\n<p>Formulario de inscripci\u00f3n:&nbsp;<a href=\"https:\/\/pfi.seu.unc.edu.ar\/seu-9-foro-de-extension-universitaria\/#gf_347\">Hacer click AQU\u00cd<\/a><\/p>\n<p><em>Programa provisorio:<\/em><\/p>\n<p>El programa est\u00e1 organizado en base a cuatro ejes tem\u00e1ticos:<\/p>\n<ul>\n<li>Curricularizaci\u00f3n de la extensi\u00f3n e integralidad de las funciones de docencia, investigaci\u00f3n y extensi\u00f3n.<\/li>\n<li>Estrategias de intervenci\u00f3n, la relaci\u00f3n entre sujetos, territorios y pol\u00edticas p\u00fablicas.<\/li>\n<li>La extensi\u00f3n como objeto de estudio, an\u00e1lisis y producci\u00f3n.<\/li>\n<li>Derechos, sujetos, diversidad, interdisciplina<\/li>\n<\/ul>\n<p>Para mayor informaci\u00f3n ingrese&nbsp;<a href=\"https:\/\/www.unc.edu.ar\/extension\/IXforoextension\" target=\"_blank\" rel=\"noopener noreferrer\">AQU\u00cd<\/a><\/p>\n<\/p><\/div>\n","protected":false},"excerpt":{"rendered":"<p>60\u00b0 Aniversario \u2013 9\u00b0 Foro de Extensi\u00f3n Universitaria \u2013 Inscripciones abiertas Bajo el lema \u201cRecorridos, desaf\u00edos y agendas pendientes a 40 a\u00f1os de democracia\u201d, el&nbsp;10 y 11 de octubre&nbsp;de 2023 se realizar\u00e1 el 9\u00ba Foro de Extensi\u00f3n Universitaria. En el&nbsp;Pabell\u00f3n Argentina&nbsp;de Ciudad Universitaria (C\u00f3rdoba), se presentar\u00e1n&nbsp;150 trabajos, mesas debate y cinco conferencias magistrales con el [&hellip;]<\/p>\n","protected":false},"author":1,"featured_media":0,"comment_status":"closed","ping_status":"closed","sticky":false,"template":"","format":"standard","meta":[],"categories":[1],"tags":[],"_links":{"self":[{"href":"http:\/\/hoycordobaweb.com\/index.php\/wp-json\/wp\/v2\/posts\/67180"}],"collection":[{"href":"http:\/\/hoycordobaweb.com\/index.php\/wp-json\/wp\/v2\/posts"}],"about":[{"href":"http:\/\/hoycordobaweb.com\/index.php\/wp-json\/wp\/v2\/types\/post"}],"author":[{"embeddable":true,"href":"http:\/\/hoycordobaweb.com\/index.php\/wp-json\/wp\/v2\/users\/1"}],"replies":[{"embeddable":true,"href":"http:\/\/hoycordobaweb.com\/index.php\/wp-json\/wp\/v2\/comments?post=67180"}],"version-history":[{"count":0,"href":"http:\/\/hoycordobaweb.com\/index.php\/wp-json\/wp\/v2\/posts\/67180\/revisions"}],"wp:attachment":[{"href":"http:\/\/hoycordobaweb.com\/index.php\/wp-json\/wp\/v2\/media?parent=67180"}],"wp:term":[{"taxonomy":"category","embeddable":true,"href":"http:\/\/hoycordobaweb.com\/index.php\/wp-json\/wp\/v2\/categories?post=67180"},{"taxonomy":"post_tag","embeddable":true,"href":"http:\/\/hoycordobaweb.com\/index.php\/wp-json\/wp\/v2\/tags?post=67180"}],"curies":[{"name":"wp","href":"https:\/\/api.w.org\/{rel}","templated":true}]}}