{"id":67168,"date":"2023-09-25T17:31:16","date_gmt":"2023-09-25T17:31:16","guid":{"rendered":"https:\/\/www.trendencias.com\/moda-famosas\/pantalones-chandal-botas-altas-asi-ultimo-look-sara-carbonero"},"modified":"2023-09-25T17:31:16","modified_gmt":"2023-09-25T17:31:16","slug":"pantalones-de-chandal-y-botas-altas-asi-es-el-ultimo-look-de-sara-carbonero","status":"publish","type":"post","link":"http:\/\/hoycordobaweb.com\/index.php\/2023\/09\/25\/pantalones-de-chandal-y-botas-altas-asi-es-el-ultimo-look-de-sara-carbonero\/","title":{"rendered":"Pantalones de ch\u00e1ndal y botas altas: as\u00ed es el \u00faltimo look de Sara Carbonero"},"content":{"rendered":"<p><strong>Sara Carbonero<\/strong> ya est\u00e1 en modo oto\u00f1o. Hace unos d\u00edas ya la vimos en Par\u00eds con <a href=\"https:\/\/www.trendencias.com\/moda-famosas\/sara-carbonero-tiene-chaleco-boho-especial-que-queda-ideal-pantalones-vaqueros-vestido\">dos prendas de nueva temporada ideales para estrenar en oto\u00f1o<\/a> y lucir tambi\u00e9n en invierno. Y este fin de semana, la periodista ha disfrutado de una escapada en el campo y nos ha sorprendido con un <em><strong>look<\/strong><\/em><strong> <\/strong><em><strong>comfy <\/strong><\/em><strong>muy abrigadito. <\/strong>Una apuesta que podemos copiar a la perfecci\u00f3n para esos d\u00edas en los que nos gusta vestir informales y c\u00f3modas.<\/p>\n<p><!-- BREAK 1 --> <\/p>\n<p>La periodista siempre nos inspira con sus <em>looks.<\/em> Y en esta ocasi\u00f3n las prendas escogidas son b\u00e1sicos para lucir en casa y en la calle.<\/p>\n<p><!-- BREAK 2 --><\/p>\n<div class=\"article-asset article-asset-normal article-asset-center\">\n<div class=\"desvio-container\">\n<div class=\"desvio\">\n<div class=\"desvio-figure js-desvio-figure\"> <a href=\"https:\/\/www.trendencias.com\/belleza\/sara-carbonero-luce-maquillaje-ideal-para-otono-se-suma-a-tendencia-old-money\"> <img alt=\"Sara Carbonero luce el maquillaje ideal para el oto\u00f1o y se suma a la tendencia old money\" src=\"http:\/\/hoycordobaweb.com\/wp-content\/uploads\/2023\/09\/pantalones-de-chandal-y-botas-altas-asi-es-el-ultimo-look-de-sara-carbonero.jpg\"> <\/a> <\/div><\/div><\/div>\n<\/div>\n<p>Una camiseta b\u00e1sica blanca y unos pantalones de algod\u00f3n <em>jogger<\/em> en gris han formado parte de su <em>outfit, <\/em>dos prendas combinadas con dos chaquetas de punto diferentes. Un c\u00e1rdigan largo de punto tambi\u00e9n en gris y una maxi chaqueta de <em>Cashmere <\/em>en blanco roto de ochos y con cremallera. Dos elecciones muy gustosas y calentitas ideales para combinar con jeans o incluso un pantal\u00f3n de vestir.<\/p>\n<p><!-- BREAK 3 --> <\/p>\n<p>La chaquea de ochos es ideal pero su precio es elevado. Se trata de una prenda de la firma <strong>Falconeri <\/strong>y su precio es de <a href=\"https:\/\/www.falconeri.com\/es\/product\/cardigan_maxi_con_cuello_redondo_en_cashmere_ultrasoft_con_ochos_y_cremallera-DML485A.html?dwvar_DML485A__color__8685_Z_COL_FALC=8005\">628 euros.<\/a><\/p>\n<p><!-- BREAK 4 --><\/p>\n<div class=\"article-asset-image article-asset-normal article-asset-center\">\n<div class=\"asset-content\">\n<div class=\"base-wrapper-image\"> <img class=\"sf-lazy centro_sinmarco\" data-sf-srcset=\"http:\/\/hoycordobaweb.com\/wp-content\/uploads\/2023\/09\/pantalones-de-chandal-y-botas-altas-asi-es-el-ultimo-look-de-sara-carbonero-1.jpg 450w, http:\/\/hoycordobaweb.com\/wp-content\/uploads\/2023\/09\/pantalones-de-chandal-y-botas-altas-asi-es-el-ultimo-look-de-sara-carbonero-4.jpg 681w,http:\/\/hoycordobaweb.com\/wp-content\/uploads\/2023\/09\/pantalones-de-chandal-y-botas-altas-asi-es-el-ultimo-look-de-sara-carbonero-5.jpg 1024w, http:\/\/hoycordobaweb.com\/wp-content\/uploads\/2023\/09\/pantalones-de-chandal-y-botas-altas-asi-es-el-ultimo-look-de-sara-carbonero-6.jpg 1366w,\" data-sf-src=\"http:\/\/hoycordobaweb.com\/wp-content\/uploads\/2023\/09\/pantalones-de-chandal-y-botas-altas-asi-es-el-ultimo-look-de-sara-carbonero-1.jpg\" alt=\"sara carbonero\"> <noscript><img alt=\"sara carbonero\" class=\"centro_sinmarco\" src=\"http:\/\/hoycordobaweb.com\/wp-content\/uploads\/2023\/09\/pantalones-de-chandal-y-botas-altas-asi-es-el-ultimo-look-de-sara-carbonero-1.jpg\"><\/noscript> <\/div><\/div>\n<\/div>\n<p>Un outfit que ha completado sorprendentemente con botas. Lo m\u00e1s habitual es lucir este tipo de estilismos con zapatillas deportivas, pero Sara ha preferido lucir botas altas y el resultado es fant\u00e1stico. Unas botas altas en color marr\u00f3n desgastado y casi planas de <strong>It Shoes,<\/strong> con el pantal\u00f3n de algod\u00f3n por dentro.<\/p>\n<p><!-- BREAK 5 --><\/p>\n<div class=\"article-asset-image article-asset-normal article-asset-center\">\n<div class=\"asset-content\">\n<div class=\"base-wrapper-image\"> <img class=\"sf-lazy centro_sinmarco\" data-sf-srcset=\"http:\/\/hoycordobaweb.com\/wp-content\/uploads\/2023\/09\/pantalones-de-chandal-y-botas-altas-asi-es-el-ultimo-look-de-sara-carbonero-2.jpg 450w, http:\/\/hoycordobaweb.com\/wp-content\/uploads\/2023\/09\/pantalones-de-chandal-y-botas-altas-asi-es-el-ultimo-look-de-sara-carbonero-7.jpg 681w,http:\/\/hoycordobaweb.com\/wp-content\/uploads\/2023\/09\/pantalones-de-chandal-y-botas-altas-asi-es-el-ultimo-look-de-sara-carbonero-8.jpg 1024w, http:\/\/hoycordobaweb.com\/wp-content\/uploads\/2023\/09\/pantalones-de-chandal-y-botas-altas-asi-es-el-ultimo-look-de-sara-carbonero-9.jpg 1366w,\" data-sf-src=\"http:\/\/hoycordobaweb.com\/wp-content\/uploads\/2023\/09\/pantalones-de-chandal-y-botas-altas-asi-es-el-ultimo-look-de-sara-carbonero-2.jpg\" alt=\"Sara Carbonero\"> <noscript><img alt=\"Sara Carbonero\" class=\"centro_sinmarco\" src=\"http:\/\/hoycordobaweb.com\/wp-content\/uploads\/2023\/09\/pantalones-de-chandal-y-botas-altas-asi-es-el-ultimo-look-de-sara-carbonero-2.jpg\"><\/noscript> <\/div><\/div>\n<\/div>\n<p>La marca de las botas es una de las preferidas de las<em> celebrities. <\/em>Sara ha lucido m\u00e1s modelos, al igual que paula Echevarr\u00eda, en otras. La marca fundado por <strong>Isis Alarc\u00f3n <\/strong>se encuentra en la lista de favoritas de muchas.<\/p>\n<p><!-- BREAK 6 --> <\/p>\n<p>Fotos | <a href=\"https:\/\/www.instagram.com\/p\/CxfL4iCtoaK\/?img_index=2\">@saracarbonero<\/a><\/p>\n<p>En Trendencias | <a href=\"https:\/\/www.trendencias.com\/propuestas-y-consejos\/estos-vestidos-tendencia-esta-temporada-primavera-verano-2023-vamos-todo\" rel=\"noopener noreferrer\" data-id=\"noopener noreferrer\">Estos son los vestidos tendencia de esta temporada primavera-verano 2023: vamos con todo<\/a><\/p>\n<p><!-- BREAK 7 --><\/p>\n<p>En Trendencias | <a href=\"https:\/\/www.trendencias.com\/propuestas-y-consejos\/estos-regalos-revistas-mes-septiembre-2023-numero-importante-ano-llega-mucha-variedad\">Estos son los regalos de las revistas del mes de septiembre 2023: el n\u00famero m\u00e1s importante del a\u00f1o llega con mucha variedad<\/a><\/p>\n<p><!-- BREAK 8 --><\/p>\n<p>En Trendencias | <a href=\"https:\/\/www.trendencias.com\/propuestas-y-consejos\/gafas-graduadas-que-seran-tendencia-2023-modelos-retro-marcaran-pauta\">Gafas graduadas que son tendencia en 2023: los modelos retro marcan la pauta<\/a>.<\/p>\n<p><!-- BREAK 9 --> <\/p>\n","protected":false},"excerpt":{"rendered":"<p>Sara Carbonero ya est\u00e1 en modo oto\u00f1o. Hace unos d\u00edas ya la vimos en Par\u00eds con dos prendas de nueva temporada ideales para estrenar en oto\u00f1o y lucir tambi\u00e9n en invierno. Y este fin de semana, la periodista ha disfrutado de una escapada en el campo y nos ha sorprendido con un look comfy muy [&hellip;]<\/p>\n","protected":false},"author":1,"featured_media":67169,"comment_status":"closed","ping_status":"closed","sticky":false,"template":"","format":"standard","meta":[],"categories":[1],"tags":[],"_links":{"self":[{"href":"http:\/\/hoycordobaweb.com\/index.php\/wp-json\/wp\/v2\/posts\/67168"}],"collection":[{"href":"http:\/\/hoycordobaweb.com\/index.php\/wp-json\/wp\/v2\/posts"}],"about":[{"href":"http:\/\/hoycordobaweb.com\/index.php\/wp-json\/wp\/v2\/types\/post"}],"author":[{"embeddable":true,"href":"http:\/\/hoycordobaweb.com\/index.php\/wp-json\/wp\/v2\/users\/1"}],"replies":[{"embeddable":true,"href":"http:\/\/hoycordobaweb.com\/index.php\/wp-json\/wp\/v2\/comments?post=67168"}],"version-history":[{"count":0,"href":"http:\/\/hoycordobaweb.com\/index.php\/wp-json\/wp\/v2\/posts\/67168\/revisions"}],"wp:featuredmedia":[{"embeddable":true,"href":"http:\/\/hoycordobaweb.com\/index.php\/wp-json\/wp\/v2\/media\/67169"}],"wp:attachment":[{"href":"http:\/\/hoycordobaweb.com\/index.php\/wp-json\/wp\/v2\/media?parent=67168"}],"wp:term":[{"taxonomy":"category","embeddable":true,"href":"http:\/\/hoycordobaweb.com\/index.php\/wp-json\/wp\/v2\/categories?post=67168"},{"taxonomy":"post_tag","embeddable":true,"href":"http:\/\/hoycordobaweb.com\/index.php\/wp-json\/wp\/v2\/tags?post=67168"}],"curies":[{"name":"wp","href":"https:\/\/api.w.org\/{rel}","templated":true}]}}