{"id":67160,"date":"2023-09-25T15:21:09","date_gmt":"2023-09-25T15:21:09","guid":{"rendered":"https:\/\/www.ole.com.ar\/futbol-internacional\/america\/video-insolito-festejo-sao-paulo-robo-celular-diego-lugano-flamengo-copa-brasil_0_jHrHquHm5y.html"},"modified":"2023-09-25T15:21:09","modified_gmt":"2023-09-25T15:21:09","slug":"insolito-video-en-pleno-festejo-del-san-pablo-le-robaron-el-celular-a-diego-lugano","status":"publish","type":"post","link":"http:\/\/hoycordobaweb.com\/index.php\/2023\/09\/25\/insolito-video-en-pleno-festejo-del-san-pablo-le-robaron-el-celular-a-diego-lugano\/","title":{"rendered":"Ins\u00f3lito video: en pleno festejo del San Pablo, le robaron el celular a Diego Lugano"},"content":{"rendered":"<p><img src=\"http:\/\/hoycordobaweb.com\/wp-content\/uploads\/2023\/09\/insolito-video-en-pleno-festejo-del-san-pablo-le-robaron-el-celular-a-diego-lugano.jpg\"><\/p>\n<p><time class=\"createDate\" datetime=\"2023-09-25T12:21:009-03:00\">25\/09\/2023 12:21hs.<\/time><time class=\"modificatedDate\" datetime=\"2023-09-25T13:03:008-03:00\"> Actualizado al 25\/09\/2023 13:03hs.<\/time><\/p>\n<div id=\"storyBody\">\n<div class=\"custom-text \" readability=\"16.260869565217\">\n<p>El uruguayo se encontraba en las afueras del Morumb\u00ed. Hab\u00eda llegado, claro, para ver el partido de uno de los clubes de sus amores, donde se retir\u00f3 y con el que gan\u00f3, incluso, <strong>la <a href=\"https:\/\/www.ole.com.ar\/tema\/copa-libertadores.html\" title=\"Copa Libertadores\" alt=\"Copa Libertadores\" class=\"slug\">Copa Libertadores <\/a>en 2005. <\/strong>Y el recibimiento para \u00e9l fue m\u00e1s que agradable: los hinchas le pidieron fotos y corearon su nombre. Pero,<strong> justo en ese momento de cari\u00f1o, fue cuando aprovecharon para robarle&#8230;<\/strong><\/p>\n<\/div>\n<div class=\"custom-text \" readability=\"11\">\n<p>Un hincha que se encontraba en el tumulto pas\u00f3 por al lado de \u00e9l y le quit\u00f3 el celular de su bolsillo. Justo hab\u00eda otro fan\u00e1tico que estaba detr\u00e1s y que grab\u00f3 todo el momento, incluso la cara del ladr\u00f3n. <strong>Cuando Lugano se percat\u00f3, lo corri\u00f3 r\u00e1pidamente y lo atrap\u00f3.<\/strong><\/p>\n<\/div>\n<div class=\"custom-text \" readability=\"17\">\n<p>Y, claro, hubo final feliz para Lugano y su celular:<strong> despu\u00e9s de atrapar al ladr\u00f3n, recuper\u00f3 su tel\u00e9fono y los hinchas retuvieron al delincuente hasta que apareci\u00f3 la polic\u00eda, que se lo llev\u00f3 detenido.<\/strong> Y, para esclarecer a\u00fan m\u00e1s todos los hechos, tres momentos<strong> (el robo, la retenci\u00f3n y el momento en el que se lo llevan esposado) <\/strong>fueron registrados en video.<\/p>\n<\/div>\n<div class=\"custom-text \" readability=\"13\">\n<p>As\u00ed, la tarde para Lugano termin\u00f3 de la mejor manera: de vuelta con su celular y con el festejo del San Pablo campe\u00f3n,<strong> que le hab\u00eda ganado en la ida 1-0 al Flamengo con gol del ex Boca Jonathan Calleri y que sentenci\u00f3 en la vuelta con un 1-1 tras el tanto de Rodrigo Nestor. <\/strong>En el Mengao de Jorge Sampaoli, Bruno Henrique fue el que descont\u00f3.<\/p>\n<\/div>\n<div class=\"sc-7ce6049-0 dwIKul\">\n<div class=\"sc-7ce6049-1 bdcBBS videoText\" id=\"contentTitleundefinedrWQvGg5S\"><svg fill=\"#ffffff\"><symbol id=\"play\" viewBox=\"0 0 512 512\"><path d=\"M512 256C512 397.4 397.4 512 256 512C114.6 512 0 397.4 0 256C0 114.6 114.6 0 256 0C397.4 0 512 114.6 512 256zM176 168V344C176 352.7 180.7 360.7 188.3 364.9C195.8 369.2 205.1 369 212.5 364.5L356.5 276.5C363.6 272.1 368 264.4 368 256C368 247.6 363.6 239.9 356.5 235.5L212.5 147.5C205.1 142.1 195.8 142.8 188.3 147.1C180.7 151.3 176 159.3 176 168V168z\" \/><\/symbol><use xlink:href=\"#play\" \/><\/svg><\/p>\n<div class=\"right\">\n<p>Diego Lugano<!-- --> &#8211;<!-- --> <span>25-9-2023<\/span><\/p>\n<h2 class=\"title-vid\">As\u00ed le robaron el celular a Diego Lugano<\/h2>\n<\/div>\n<\/div>\n<p><span class=\"back\" id=\"spanBackundefinedrWQvGg5S\"><\/span><\/div>\n<p><h2><strong>Los videos del San Pablo campe\u00f3n<\/strong><\/h2>\n<\/p>\n<div class=\"sc-7ce6049-0 dwIKul\">\n<div class=\"sc-7ce6049-1 bdcBBS videoText\" id=\"contentTitleundefinedI7L6wfA8\" readability=\"6\"><svg fill=\"#ffffff\"><symbol id=\"play\" viewBox=\"0 0 512 512\"><path d=\"M512 256C512 397.4 397.4 512 256 512C114.6 512 0 397.4 0 256C0 114.6 114.6 0 256 0C397.4 0 512 114.6 512 256zM176 168V344C176 352.7 180.7 360.7 188.3 364.9C195.8 369.2 205.1 369 212.5 364.5L356.5 276.5C363.6 272.1 368 264.4 368 256C368 247.6 363.6 239.9 356.5 235.5L212.5 147.5C205.1 142.1 195.8 142.8 188.3 147.1C180.7 151.3 176 159.3 176 168V168z\" \/><\/symbol><use xlink:href=\"#play\" \/><\/svg><\/p>\n<div class=\"right\" readability=\"7\">\n<p>Jonathan Calleri<!-- --> &#8211;<!-- --> <span>25-9-2023<\/span><\/p>\n<h2 class=\"title-vid\">El gol de Calleri en la final de la Copa Brasil<\/h2>\n<\/div>\n<\/div>\n<p><span class=\"back\" id=\"spanBackundefinedI7L6wfA8\"><\/span><\/div>\n<div class=\"sc-7ce6049-0 dwIKul\">\n<div class=\"sc-7ce6049-1 bdcBBS videoText\" id=\"contentTitleundefinedq6ZjTtQL\" readability=\"6\"><svg fill=\"#ffffff\"><symbol id=\"play\" viewBox=\"0 0 512 512\"><path d=\"M512 256C512 397.4 397.4 512 256 512C114.6 512 0 397.4 0 256C0 114.6 114.6 0 256 0C397.4 0 512 114.6 512 256zM176 168V344C176 352.7 180.7 360.7 188.3 364.9C195.8 369.2 205.1 369 212.5 364.5L356.5 276.5C363.6 272.1 368 264.4 368 256C368 247.6 363.6 239.9 356.5 235.5L212.5 147.5C205.1 142.1 195.8 142.8 188.3 147.1C180.7 151.3 176 159.3 176 168V168z\" \/><\/symbol><use xlink:href=\"#play\" \/><\/svg><\/p>\n<div class=\"right\" readability=\"7\">\n<p>Jonathan Calleri<!-- --> &#8211;<!-- --> <span>25-9-2023<\/span><\/p>\n<h2 class=\"title-vid\">San Pablo campe\u00f3n tras empatar ante Flamengo<\/h2>\n<\/div>\n<\/div>\n<p><span class=\"back\" id=\"spanBackundefinedq6ZjTtQL\"><\/span><\/div>\n<div class=\"sc-7ce6049-0 dwIKul\">\n<div class=\"sc-7ce6049-1 bdcBBS videoText\" id=\"contentTitleundefined8tntpDcd\" readability=\"6\"><svg fill=\"#ffffff\"><symbol id=\"play\" viewBox=\"0 0 512 512\"><path d=\"M512 256C512 397.4 397.4 512 256 512C114.6 512 0 397.4 0 256C0 114.6 114.6 0 256 0C397.4 0 512 114.6 512 256zM176 168V344C176 352.7 180.7 360.7 188.3 364.9C195.8 369.2 205.1 369 212.5 364.5L356.5 276.5C363.6 272.1 368 264.4 368 256C368 247.6 363.6 239.9 356.5 235.5L212.5 147.5C205.1 142.1 195.8 142.8 188.3 147.1C180.7 151.3 176 159.3 176 168V168z\" \/><\/symbol><use xlink:href=\"#play\" \/><\/svg><\/p>\n<div class=\"right\" readability=\"7\">\n<p>Jonathan Calleri<!-- --> &#8211;<!-- --> <span>25-9-2023<\/span><\/p>\n<h2 class=\"title-vid\">La emoci\u00f3n de Calleri<\/h2>\n<\/div>\n<\/div>\n<p><span class=\"back\" id=\"spanBackundefined8tntpDcd\"><\/span><\/div>\n<div class=\"sc-7ce6049-0 dwIKul\">\n<div class=\"sc-7ce6049-1 bdcBBS videoText\" id=\"contentTitleundefinedpLpR8Wds\" readability=\"6\"><svg fill=\"#ffffff\"><symbol id=\"play\" viewBox=\"0 0 512 512\"><path d=\"M512 256C512 397.4 397.4 512 256 512C114.6 512 0 397.4 0 256C0 114.6 114.6 0 256 0C397.4 0 512 114.6 512 256zM176 168V344C176 352.7 180.7 360.7 188.3 364.9C195.8 369.2 205.1 369 212.5 364.5L356.5 276.5C363.6 272.1 368 264.4 368 256C368 247.6 363.6 239.9 356.5 235.5L212.5 147.5C205.1 142.1 195.8 142.8 188.3 147.1C180.7 151.3 176 159.3 176 168V168z\" \/><\/symbol><use xlink:href=\"#play\" \/><\/svg><\/p>\n<div class=\"right\" readability=\"7\">\n<p>Jonathan Calleri<!-- --> &#8211;<!-- --> <span>25-9-2023<\/span><\/p>\n<h2 class=\"title-vid\">La emoci\u00f3n de Calleri<\/h2>\n<\/div>\n<\/div>\n<p><span class=\"back\" id=\"spanBackundefinedpLpR8Wds\"><\/span><\/div>\n<div class=\"sc-a7166897-0 exHLBh\" readability=\"7.5\">\n<section readability=\"5\"><picture><img alt=\"Calleri, el ex Boca que la rompe en Brasil: la capitan\u00eda en S\u00e3o Paulo, el triunfo ante Flamengo y la idolatr\u00eda\" src=\"http:\/\/hoycordobaweb.com\/wp-content\/uploads\/2023\/09\/insolito-video-en-pleno-festejo-del-san-pablo-le-robaron-el-celular-a-diego-lugano-2.jpg\" width=\"290\" height=\"290\" decoding=\"async\" data-nimg=\"future\" loading=\"lazy\"><\/picture>\n<p><span>Mir\u00e1 tambi\u00e9n<\/span><\/p>\n<hr>\n<h3>Calleri, el ex Boca que la rompe en Brasil: la capitan\u00eda en S\u00e3o Paulo, el triunfo ante Flamengo y la idolatr\u00eda<\/h3>\n<\/p>\n<\/section>\n<\/div>\n<div class=\"sc-a7166897-0 exHLBh\" readability=\"6\">\n<section readability=\"2\"><picture><img alt=\"Fla perdi\u00f3 la final y pueden echar a Sampaoli\" src=\"http:\/\/hoycordobaweb.com\/wp-content\/uploads\/2023\/09\/insolito-video-en-pleno-festejo-del-san-pablo-le-robaron-el-celular-a-diego-lugano-3.jpg\" width=\"290\" height=\"290\" decoding=\"async\" data-nimg=\"future\" loading=\"lazy\"><\/picture>\n<p><span>Mir\u00e1 tambi\u00e9n<\/span><\/p>\n<hr>\n<h3>Fla perdi\u00f3 la final y pueden echar a Sampaoli<\/h3>\n<\/p>\n<\/section>\n<\/div>\n<div class=\"sc-a7166897-0 exHLBh\" readability=\"6\">\n<section readability=\"2\"><picture><img alt=\"El drama del Flamengo de Sampaoli: todo lo que perdi\u00f3 en 2023\" src=\"http:\/\/hoycordobaweb.com\/wp-content\/uploads\/2023\/09\/insolito-video-en-pleno-festejo-del-san-pablo-le-robaron-el-celular-a-diego-lugano-4.jpg\" width=\"290\" height=\"290\" decoding=\"async\" data-nimg=\"future\" loading=\"lazy\"><\/picture>\n<p><span>Mir\u00e1 tambi\u00e9n<\/span><\/p>\n<hr>\n<h3>El drama del Flamengo de Sampaoli: todo lo que perdi\u00f3 en 2023<\/h3>\n<\/p>\n<\/section>\n<\/div>\n<\/div>\n","protected":false},"excerpt":{"rendered":"<p>25\/09\/2023 12:21hs. Actualizado al 25\/09\/2023 13:03hs. El uruguayo se encontraba en las afueras del Morumb\u00ed. Hab\u00eda llegado, claro, para ver el partido de uno de los clubes de sus amores, donde se retir\u00f3 y con el que gan\u00f3, incluso, la Copa Libertadores en 2005. Y el recibimiento para \u00e9l fue m\u00e1s que agradable: los hinchas [&hellip;]<\/p>\n","protected":false},"author":1,"featured_media":67161,"comment_status":"open","ping_status":"closed","sticky":false,"template":"","format":"standard","meta":[],"categories":[16],"tags":[],"_links":{"self":[{"href":"http:\/\/hoycordobaweb.com\/index.php\/wp-json\/wp\/v2\/posts\/67160"}],"collection":[{"href":"http:\/\/hoycordobaweb.com\/index.php\/wp-json\/wp\/v2\/posts"}],"about":[{"href":"http:\/\/hoycordobaweb.com\/index.php\/wp-json\/wp\/v2\/types\/post"}],"author":[{"embeddable":true,"href":"http:\/\/hoycordobaweb.com\/index.php\/wp-json\/wp\/v2\/users\/1"}],"replies":[{"embeddable":true,"href":"http:\/\/hoycordobaweb.com\/index.php\/wp-json\/wp\/v2\/comments?post=67160"}],"version-history":[{"count":0,"href":"http:\/\/hoycordobaweb.com\/index.php\/wp-json\/wp\/v2\/posts\/67160\/revisions"}],"wp:featuredmedia":[{"embeddable":true,"href":"http:\/\/hoycordobaweb.com\/index.php\/wp-json\/wp\/v2\/media\/67161"}],"wp:attachment":[{"href":"http:\/\/hoycordobaweb.com\/index.php\/wp-json\/wp\/v2\/media?parent=67160"}],"wp:term":[{"taxonomy":"category","embeddable":true,"href":"http:\/\/hoycordobaweb.com\/index.php\/wp-json\/wp\/v2\/categories?post=67160"},{"taxonomy":"post_tag","embeddable":true,"href":"http:\/\/hoycordobaweb.com\/index.php\/wp-json\/wp\/v2\/tags?post=67160"}],"curies":[{"name":"wp","href":"https:\/\/api.w.org\/{rel}","templated":true}]}}