{"id":67126,"date":"2023-09-20T09:13:00","date_gmt":"2023-09-20T09:13:00","guid":{"rendered":"https:\/\/fm-comunicar.com.ar\/contenido\/20706\/una-camioneta-choco-a-dos-utilitarios-que-estaban-estacionados"},"modified":"2023-09-20T09:13:00","modified_gmt":"2023-09-20T09:13:00","slug":"una-camioneta-choco-a-dos-utilitarios-que-estaban-estacionados","status":"publish","type":"post","link":"http:\/\/hoycordobaweb.com\/index.php\/2023\/09\/20\/una-camioneta-choco-a-dos-utilitarios-que-estaban-estacionados\/","title":{"rendered":"Una camioneta choc\u00f3 a dos utilitarios que estaban estacionados"},"content":{"rendered":"<p>El siniestro ocurri\u00f3 a las 6 de la madrugada en Av. San Mart\u00edn al 5100. El conductor solo sufri\u00f3 lesiones leves. Los tres veh\u00edculos terminaron con serios da\u00f1os.<img src=\"http:\/\/hoycordobaweb.com\/wp-content\/uploads\/2023\/09\/una-camioneta-choco-a-dos-utilitarios-que-estaban-estacionados.jpg\"><\/p>\n","protected":false},"excerpt":{"rendered":"<p>El siniestro ocurri\u00f3 a las 6 de la madrugada en Av. San Mart\u00edn al 5100. El conductor solo sufri\u00f3 lesiones leves. Los tres veh\u00edculos terminaron con serios da\u00f1os.<\/p>\n","protected":false},"author":1,"featured_media":67127,"comment_status":"closed","ping_status":"closed","sticky":false,"template":"","format":"standard","meta":[],"categories":[18],"tags":[],"_links":{"self":[{"href":"http:\/\/hoycordobaweb.com\/index.php\/wp-json\/wp\/v2\/posts\/67126"}],"collection":[{"href":"http:\/\/hoycordobaweb.com\/index.php\/wp-json\/wp\/v2\/posts"}],"about":[{"href":"http:\/\/hoycordobaweb.com\/index.php\/wp-json\/wp\/v2\/types\/post"}],"author":[{"embeddable":true,"href":"http:\/\/hoycordobaweb.com\/index.php\/wp-json\/wp\/v2\/users\/1"}],"replies":[{"embeddable":true,"href":"http:\/\/hoycordobaweb.com\/index.php\/wp-json\/wp\/v2\/comments?post=67126"}],"version-history":[{"count":0,"href":"http:\/\/hoycordobaweb.com\/index.php\/wp-json\/wp\/v2\/posts\/67126\/revisions"}],"wp:featuredmedia":[{"embeddable":true,"href":"http:\/\/hoycordobaweb.com\/index.php\/wp-json\/wp\/v2\/media\/67127"}],"wp:attachment":[{"href":"http:\/\/hoycordobaweb.com\/index.php\/wp-json\/wp\/v2\/media?parent=67126"}],"wp:term":[{"taxonomy":"category","embeddable":true,"href":"http:\/\/hoycordobaweb.com\/index.php\/wp-json\/wp\/v2\/categories?post=67126"},{"taxonomy":"post_tag","embeddable":true,"href":"http:\/\/hoycordobaweb.com\/index.php\/wp-json\/wp\/v2\/tags?post=67126"}],"curies":[{"name":"wp","href":"https:\/\/api.w.org\/{rel}","templated":true}]}}