{"id":67118,"date":"2023-09-24T17:50:00","date_gmt":"2023-09-24T17:50:00","guid":{"rendered":"http:\/\/hoycordobaweb.com\/index.php\/2023\/09\/24\/votaron-los-principales-candidatos-en-mendoza-y-ya-concurrio-a-las-urnas-el-37-del-padron\/"},"modified":"2023-09-24T17:50:00","modified_gmt":"2023-09-24T17:50:00","slug":"votaron-los-principales-candidatos-en-mendoza-y-ya-concurrio-a-las-urnas-el-37-del-padron","status":"publish","type":"post","link":"http:\/\/hoycordobaweb.com\/index.php\/2023\/09\/24\/votaron-los-principales-candidatos-en-mendoza-y-ya-concurrio-a-las-urnas-el-37-del-padron\/","title":{"rendered":"Votaron los principales candidatos en Mendoza y ya concurri\u00f3 a las urnas el 37% del padr\u00f3n"},"content":{"rendered":"<p><img src=\"http:\/\/hoycordobaweb.com\/wp-content\/uploads\/2023\/09\/votaron-los-principales-candidatos-en-mendoza-y-ya-concurrio-a-las-urnas-el-37-del-padron.jpg\"><\/p>\n<figure class=\"mb-3\"><img loading=\"lazy\" data-src=\"http:\/\/hoycordobaweb.com\/wp-content\/uploads\/2023\/09\/votaron-los-principales-candidatos-en-mendoza-y-ya-concurrio-a-las-urnas-el-37-del-padron-2.jpg\" src=\"https:\/\/www.telam.com.ar\/assets\/img\/not_image.png\" class=\" lazy \" width=\"100%\" height=\"100%\" alt=\"Foto Ramiro Gmez \"><figcaption> Foto: Ramiro G\u00f3mez. <\/figcaption><\/figure>\n<p>El senador radical Alfredo Cornejo (Frente Cambia Mendoza), el diputado nacional Omar De Marchi (La Uni\u00f3n Mendocina) y el exintendente de Luj\u00e1n de Cuyo Omar Parisi (Frente Eleg\u00ed Mendoza), los principales candidatos a gobernador de Mendoza, votaron en las elecciones de las que surgir\u00e1 el sucesor del actual mandatario, Rodolfo Su\u00e1rez, y en las que se renovar\u00e1n la mitad de los integrantes de las c\u00e1maras de senadores y diputados provinciales, adem\u00e1s de intendentes y concejales en once municipios.<\/p>\n<p><strong>Pasadas las 12.30 del domingo hab\u00eda emitido su voto el 37% del casi mill\u00f3n y medio de mendocinos habilitados para sufragar, inform\u00f3 el presidente de la Suprema Corte de Justicia mendocina<\/strong>, Dalmiro Garay.<\/p>\n<p>En tanto, la Junta Electoral pidi\u00f3 a los medios de comunicaci\u00f3n que \u00abinformen a la ciudadan\u00eda que no se puede entrevistar a los electores en las inmediaciones de los establecimientos de votaci\u00f3n para la realizaci\u00f3n de bocas de urnas\u00bb.<\/p>\n<p>Le medida se explica por la presencia de encuestadores en los centros de votaci\u00f3n en las elecciones provinciales.<\/p>\n<figure class=\"mb-3\"><img loading=\"lazy\" data-src=\"http:\/\/hoycordobaweb.com\/wp-content\/uploads\/2023\/09\/votaron-los-principales-candidatos-en-mendoza-y-ya-concurrio-a-las-urnas-el-37-del-padron-3.jpg\" src=\"https:\/\/www.telam.com.ar\/assets\/img\/not_image.png\" class=\" lazy \" width=\"100%\" height=\"100%\" alt=\"Foto Ramiro Gmez \"><figcaption> Foto: Ramiro G\u00f3mez. <\/figcaption><\/figure>\n<p>El radical Cornejo, que gobern\u00f3 a Mendoza entre 2015 y 2019, vot\u00f3 este domingo ma\u00f1ana en la escuela \u00abJulio Lemos\u00bb, en Godoy Cruz, y en declaraciones a la prensa se mostr\u00f3 confiado en que los mendocinos \u00abelijan un buen gobierno\u00bb.<\/p>\n<p>Por su parte, De Marchi vot\u00f3 en la escuela \u00abTeresa O&#8217;Connor\u00bb, de Luj\u00e1n de Cuyo, y opin\u00f3 que la campa\u00f1a electoral result\u00f3 \u00abrara porque apareci\u00f3 un espacio\u00bb como el que integra que, sostuvo, \u00abpate\u00f3 el hormiguero\u00bb.<\/p>\n<p>En tanto, Omar Parisi, que agrupa en el Frente Eleg\u00ed Mendoza al justicialismo y a varios partidos aliados, consider\u00f3 que su campa\u00f1a aport\u00f3 \u00abpropuestas\u00bb y busc\u00f3 \u00abescuchar a los mendocinos\u00bb; lo dijo tras emitir su voto en el Colegio San Pablo, de Luj\u00e1n de Cuyo.<\/p>\n<p>Luego de votar, el gobernador Su\u00e1rez asegur\u00f3 que en la Argentina \u00abque estamos viviendo, seguramente de cambios, Mendoza va a estar en una posici\u00f3n muy buena para crecer cuando la macroeconom\u00eda se acomode\u00bb.<\/p>\n<figure class=\"mb-3\"><img loading=\"lazy\" data-src=\"http:\/\/hoycordobaweb.com\/wp-content\/uploads\/2023\/09\/votaron-los-principales-candidatos-en-mendoza-y-ya-concurrio-a-las-urnas-el-37-del-padron-4.jpg\" src=\"https:\/\/www.telam.com.ar\/assets\/img\/not_image.png\" class=\" lazy \" width=\"100%\" height=\"100%\" alt=\"Foto Ramiro Gmez \"><figcaption> Foto: Ramiro G\u00f3mez. <\/figcaption><\/figure>\n<p>Quien tambi\u00e9n emiti\u00f3 su voto durante la ma\u00f1ana del domingo en las elecciones a gobernador de Mendoza fue el radical Luis Petri, candidato a vicepresidente en la lista de Juntos por el Cambio que encabeza Patricia Bullrich.<\/p>\n<p>En los comicios, que comenzaron a las 8 y culminar\u00e1n a las 18, volvi\u00f3 a utilizarse la boleta \u00fanica de papel que hab\u00eda sido estrenada a nivel provincial en las primarias realizadas el 11 de junio pasado.<\/p>\n<p>Unas 4.363 mesas de votaci\u00f3n fueron dispuestas en los 656 establecimientos educativos habilitados para las elecciones, que son custodiadas por 4.648 efectivos policiales.<\/p>\n<p>Adem\u00e1s de consagrar a quien ser\u00e1 el sucesor del actual gobernador Su\u00e1rez se definir\u00e1n en los comicios 19 senadores provinciales y 24 diputados provinciales en cuatro secciones electorales.<\/p>\n<p>Las elecciones servir\u00e1n tambi\u00e9n para renovar autoridades comunales y la mitad de los Concejos Deliberantes en once departamentos.<\/p>\n<figure class=\"mb-3\"><img loading=\"lazy\" data-src=\"http:\/\/hoycordobaweb.com\/wp-content\/uploads\/2023\/09\/votaron-los-principales-candidatos-en-mendoza-y-ya-concurrio-a-las-urnas-el-37-del-padron-5.jpg\" src=\"https:\/\/www.telam.com.ar\/assets\/img\/not_image.png\" class=\" lazy \" width=\"100%\" height=\"100%\" alt=\"Foto prensa\"><figcaption> Foto: prensa <\/figcaption><\/figure>\n<p>Por el Frente Cambia Mendoza aspira al Ejecutivo provincial el senador radical y exgobernador Cornejo, acompa\u00f1ado en la f\u00f3rmula por la exdiputada provincial del PRO, Hebe Casado, oriunda de San Rafael.<\/p>\n<p>En una provincia donde no est\u00e1 habilitada la reelecci\u00f3n, Su\u00e1rez y Cornejo mantienen un acuerdo pol\u00edtico por el cual el gobernador actual, que fue candidato a senador suplente, podr\u00e1 completar los a\u00f1os restantes de mandato de Cornejo en la C\u00e1mara Alta si este ultimo resulta elegido gobernador.<\/p>\n<p>Por otra parte, De Marchi, decidi\u00f3 competir por afuera de la coalici\u00f3n gobernante con una nueva alianza, \u00abLa Uni\u00f3n Mendocina\u00bb, y lleva como compa\u00f1ero de f\u00f3rmula para vicegobernador al intendente del departamento de Las Heras, oriundo de radicalismo, Daniel Orozco.<\/p>\n<p>De Marchi y Cornejo tuvieron un enfrentamiento que culmin\u00f3 en una ruptura formal durante el cierre de listas en abril pasado, cuando el diputado se qued\u00f3 sin el sello PRO y fund\u00f3 una fuerza propia.<\/p>\n<figure class=\"mb-3\"><img loading=\"lazy\" data-src=\"http:\/\/hoycordobaweb.com\/wp-content\/uploads\/2023\/09\/votaron-los-principales-candidatos-en-mendoza-y-ya-concurrio-a-las-urnas-el-37-del-padron-6.jpg\" src=\"https:\/\/www.telam.com.ar\/assets\/img\/not_image.png\" class=\" lazy \" width=\"100%\" height=\"100%\" alt=\"Foto Ramiro Gmez \"><figcaption> Foto: Ramiro G\u00f3mez. <\/figcaption><\/figure>\n<p>En tanto, Parisi lleva como candidato a vicegobernador a Lucas Ilardo, presidente del bloque del PJ-Frente de Todos (FdT) en el Senado provincial.<\/p>\n<p>Adem\u00e1s, por el Frente de Izquierda compite el binomio integrado por los exlegislador provinciales Lautaro Jim\u00e9nez y Noelia Barbeito, mientras que el Partido Verde va con el exlegislador Mario Vadillo y el diputado provincial Emanuel Fugazzotto, tras superar ambos espacios en las PASO el piso del 3% de votos necesarios participar de los comicios provinciales.<\/p>\n<p>En tanto, la Ciudad de Mendoza, Guaymall\u00e9n, Godoy Cruz, Las Heras, Luj\u00e1n de Cuyo, General Alvear, Malarg\u00fce, Tupungato, San Mart\u00edn, Rivadavia y Jun\u00edn votar\u00e1n -adem\u00e1s de las autoridades provinciales- a sus propios jefes municipales.<\/p>\n<p>El 3 de septiembre pasado tuvieron sus elecciones comunales (intendentes y concejales) los departamentos de Lavalle, La Paz, Santa Rosa, Maip\u00fa, Tunuy\u00e1n, San Carlos y San Rafael, por lo que s\u00f3lo votar\u00e1n candidaturas para la gobernaci\u00f3n y legisladores provinciales.<\/p>\n<figure class=\"mb-3\"><img loading=\"lazy\" data-src=\"http:\/\/hoycordobaweb.com\/wp-content\/uploads\/2023\/09\/votaron-los-principales-candidatos-en-mendoza-y-ya-concurrio-a-las-urnas-el-37-del-padron-7.jpg\" src=\"https:\/\/www.telam.com.ar\/assets\/img\/not_image.png\" class=\" lazy \" width=\"100%\" height=\"100%\" alt=\"Foto Ramiro Gmez \"><figcaption> Foto: Ramiro G\u00f3mez. <\/figcaption><\/figure>\n<p>En esos comicios municipales desdoblados el peronismo retuvo las seis intendencias que pon\u00eda en juego mientras que en San Carlos gan\u00f3 el candidato de \u00abEncuentro por San Carlos\u00bb, que responde al sector de De Marchi.<\/p>\n<p>En las primarias provinciales del 11 de junio pasado, Cornejo gan\u00f3 la interna de su espacio ante Petri, y ese frente fue el m\u00e1s votado con un 42.68%.<\/p>\n<p>En segundo lugar, con un 20.29% de los sufragios, qued\u00f3 el diputado del PRO De Marchi, con la Uni\u00f3n Mendocina, mientras que el Frente Eleg\u00ed Mendoza alcanz\u00f3 un 15.68% entre las cuatro listas que lo compon\u00edan y Parisi fue el triunfador dentro de la interna. <\/p>\n","protected":false},"excerpt":{"rendered":"<p>Foto: Ramiro G\u00f3mez. El senador radical Alfredo Cornejo (Frente Cambia Mendoza), el diputado nacional Omar De Marchi (La Uni\u00f3n Mendocina) y el exintendente de Luj\u00e1n de Cuyo Omar Parisi (Frente Eleg\u00ed Mendoza), los principales candidatos a gobernador de Mendoza, votaron en las elecciones de las que surgir\u00e1 el sucesor del actual mandatario, Rodolfo Su\u00e1rez, y [&hellip;]<\/p>\n","protected":false},"author":1,"featured_media":67119,"comment_status":"open","ping_status":"closed","sticky":false,"template":"","format":"standard","meta":[],"categories":[19],"tags":[],"_links":{"self":[{"href":"http:\/\/hoycordobaweb.com\/index.php\/wp-json\/wp\/v2\/posts\/67118"}],"collection":[{"href":"http:\/\/hoycordobaweb.com\/index.php\/wp-json\/wp\/v2\/posts"}],"about":[{"href":"http:\/\/hoycordobaweb.com\/index.php\/wp-json\/wp\/v2\/types\/post"}],"author":[{"embeddable":true,"href":"http:\/\/hoycordobaweb.com\/index.php\/wp-json\/wp\/v2\/users\/1"}],"replies":[{"embeddable":true,"href":"http:\/\/hoycordobaweb.com\/index.php\/wp-json\/wp\/v2\/comments?post=67118"}],"version-history":[{"count":0,"href":"http:\/\/hoycordobaweb.com\/index.php\/wp-json\/wp\/v2\/posts\/67118\/revisions"}],"wp:featuredmedia":[{"embeddable":true,"href":"http:\/\/hoycordobaweb.com\/index.php\/wp-json\/wp\/v2\/media\/67119"}],"wp:attachment":[{"href":"http:\/\/hoycordobaweb.com\/index.php\/wp-json\/wp\/v2\/media?parent=67118"}],"wp:term":[{"taxonomy":"category","embeddable":true,"href":"http:\/\/hoycordobaweb.com\/index.php\/wp-json\/wp\/v2\/categories?post=67118"},{"taxonomy":"post_tag","embeddable":true,"href":"http:\/\/hoycordobaweb.com\/index.php\/wp-json\/wp\/v2\/tags?post=67118"}],"curies":[{"name":"wp","href":"https:\/\/api.w.org\/{rel}","templated":true}]}}