{"id":67116,"date":"2023-09-24T17:51:00","date_gmt":"2023-09-24T17:51:00","guid":{"rendered":"http:\/\/hoycordobaweb.com\/index.php\/2023\/09\/24\/martin-kohan-estamos-replegados-esperando-que-toquen-tiempos-mejores\/"},"modified":"2023-09-24T17:51:00","modified_gmt":"2023-09-24T17:51:00","slug":"martin-kohan-estamos-replegados-esperando-que-toquen-tiempos-mejores","status":"publish","type":"post","link":"http:\/\/hoycordobaweb.com\/index.php\/2023\/09\/24\/martin-kohan-estamos-replegados-esperando-que-toquen-tiempos-mejores\/","title":{"rendered":"Mart\u00edn Kohan: \u00abEstamos replegados esperando que toquen tiempos mejores\u00bb"},"content":{"rendered":"<p><img src=\"http:\/\/hoycordobaweb.com\/wp-content\/uploads\/2023\/09\/martin-kohan-estamos-replegados-esperando-que-toquen-tiempos-mejores.jpg\"><\/p>\n<figure class=\"mb-3\"><img loading=\"lazy\" data-src=\"http:\/\/hoycordobaweb.com\/wp-content\/uploads\/2023\/09\/martin-kohan-estamos-replegados-esperando-que-toquen-tiempos-mejores-2.jpg\" src=\"https:\/\/www.telam.com.ar\/assets\/img\/not_image.png\" class=\" lazy \" width=\"100%\" height=\"100%\" alt=\"La Feria de Nueva York tiene como lema Memoria y Resistencia Foto Florencia Downes\"><figcaption> La Feria de Nueva York tiene como lema \u00abMemoria y Resistencia\u00bb \/ Foto: Florencia Downes. <\/figcaption><\/figure>\n<p>El escritor <strong>Mart\u00edn Kohan<\/strong> forma parte de la delegaci\u00f3n que viaj\u00f3 a<strong> Estados Unidos <\/strong>para acompa\u00f1ar la primera participaci\u00f3n de Argentina en la <strong>Feria del Libro de Nueva York<\/strong> y en paralelo abrir\u00e1 este lunes una jornada impulsada por la <strong>Universidad de Harvard<\/strong>.<\/p>\n<p><strong>\u00abLa expectativa mayor es establecer una escena de un cara a cara, porque la literatura est\u00e1 hecha, en sentido estricto, de separaci\u00f3n y de soledad, ya que el escritor escribe a solas y el lector lee a solas\u00bb<\/strong>, dice a T\u00e9lam horas antes de su presentaci\u00f3n.<\/p>\n<p>El autor de<strong> \u00abCiencias Morales\u00bb<\/strong>,<strong> \u00abConfesi\u00f3n\u00bb<\/strong> y m\u00e1s recientemente del pasional y futbolero <strong>\u00abDesde La Boca\u00bb<\/strong>, est\u00e1 desde hace unos d\u00edas en territorio estadounidense, donde afina las ideas que desgranar\u00e1 ante el auditorio de la prestigiosa casa acad\u00e9mica, donde junto a la escritora <strong>Gabriela Cabez\u00f3n C\u00e1mara<\/strong> formar\u00e1 parte de la<strong> I Jornada de Literatura Argentina<\/strong>, una iniciativa que la Direcci\u00f3n de Asuntos Culturales de la Canciller\u00eda planea hacer persistir en el tiempo con modalidad de evento anual.<\/p>\n<p>Tanto la charla como la participaci\u00f3n en la Feria del Libro de Nueva York -encabezada por una delegaci\u00f3n que integran entre otros <strong>Claudia Pi\u00f1eiro<\/strong>, <strong>Samanta Schweblin<\/strong> y<strong> Florencia Halfon<\/strong>, adem\u00e1s de Kohan y<strong> Cabez\u00f3n C\u00e1mara<\/strong>&#8211; se enmarcan en el Plan Libro Argentino, una pol\u00edtica p\u00fablica que tiene como objetivo internacionalizar la cultura de nuestro pa\u00eds.<\/p>\n<p>\u00ab\u00bfQu\u00e9 supone una pol\u00edtica cultural en relaci\u00f3n con la literatura? Es un enriquecimiento que tenemos con el lenguaje, con las narraciones, con la imaginaci\u00f3n, con la posibilidad de dar sentido. Si en una sociedad esto se reduce, va decayendo la posibilidad de dar sentido, de imaginar alternativas posibles, de narrar y organizar sentidos en una representaci\u00f3n\u00bb, destaca el autor de \u00abDos veces junio\u00bb en una entrevista con T\u00e9lam donde adem\u00e1s reflexiona sobre la interpelaci\u00f3n que supone que el encuentro librero de Nueva York incluya en su lema los t\u00e9rminos <strong>\u00abMemoria\u00bb y \u00abResistencia<\/strong>\u00ab.<\/p>\n<p>\u00abDar sentido a una memoria no supone solamente resistir al olvido, supone confrontar con otras memorias alternativas y disputar narrativa y pol\u00edticamente entre memorias. En cuanto a la palabra resistencia, por algo aparece. Hay \u00e9pocas en las que se percibe una expectativa de un futuro auspicioso y otras en las que se percibe una especie de repliegue que no termina de resolverse en resignaci\u00f3n, pero porque uno casi que se obliga a no resignarse\u00bb, sostiene Kohan.<\/p>\n<figure class=\"mb-3\"><img loading=\"lazy\" data-src=\"http:\/\/hoycordobaweb.com\/wp-content\/uploads\/2023\/09\/martin-kohan-estamos-replegados-esperando-que-toquen-tiempos-mejores-3.jpg\" src=\"https:\/\/www.telam.com.ar\/assets\/img\/not_image.png\" class=\" lazy \" width=\"100%\" height=\"100%\" alt=\"Hay una zona en la que la memoria disputa con el olvido Foto Cris Sille\"><figcaption> \u00abHay una zona en la que la memoria disputa con el olvido\u00bb \/ Foto: Cris Sille. <\/figcaption><\/figure>\n<p><strong>&#8211; T\u00e9lam: A lo largo de tu carrera te toc\u00f3 participar de ferias del libro peque\u00f1as, medianas, grandes. Este a\u00f1o abriste la de Buenos Aires y ahora particip\u00e1s de la de Nueva York, que tiene una presencia notable de autores argentinos \u00bfC\u00f3mo encar\u00e1s esta experiencia?<\/strong><br \/>&#8211; Mart\u00edn Kohan: Como dec\u00eds, en este mismo a\u00f1o me va a tocar estar en 7 u 8 ferias muy distintas entre s\u00ed. Me toc\u00f3 el discurso inaugural en la Feria de Buenos Aires, me toc\u00f3 estar en la de Lima, en la de La Rioja, la de Chaco, ahora ac\u00e1 en Nueva York, sigue Concepci\u00f3n del Uruguay, Berazategui&#8230; me interesa hacer especialmente ese recorrido, esa diversidad. Porque cuando uno va como p\u00fablico, va con la expectativa de lo que tal o cual escritor pueda llegar a decir. Cuando me toca venir como escritor, la expectativa es lo que van a decir los lectores. Uno tiene una mirada de la literatura, de la literatura argentina, y viene con la intenci\u00f3n de aportar esa mirada en una feria del libro. La expectativa mayor es establecer una escena de un cara a cara. La literatura est\u00e1 hecha, en sentido estricto, de separaci\u00f3n y de soledad: el escritor escribe a solas, el lector lee a solas. Es depararle a esas dos escenas de soledad una escena de cara a cara y una escena de encuentro. \u00bfCon qu\u00e9 lectores voy a encontrarme? De mis textos o de otros \u00bfQu\u00e9 intereses? \u00bfQu\u00e9 miradas? De manera que ante esta posibilidad que se me da, que valoro much\u00edsimo, de recorrer ferias distintas, con p\u00fablicos distintos, espero darles algo, porque para m\u00ed es muy enriquecedor.<\/p>\n<p><strong>&#8211; La Canciller\u00eda present\u00f3 ahora un programa diverso de traducci\u00f3n de autores nacionales. La literatura argentina y la de Estados Unidos, \u00bfC\u00f3mo se conectan?<\/strong><br \/>-Borges tuvo una relaci\u00f3n con toda la literatura de habla inglesa y con este pa\u00eds. La conexi\u00f3n objetivamente est\u00e1 y toda una zona de la literatura argentina recoge fuertemente alguna de las tradiciones narrativas de Estados Unidos, que no es una sola literatura. Piglia retomaba much\u00edsimos elementos, sac\u00f3 un volumen en una editorial independiente (Tenemos las m\u00e1quinas), que era una recopilaci\u00f3n de autores norteamericanos. De ah\u00ed a un autor tan distinto como Rodrigo Fres\u00e1n, en una frecuencia literaria norteamericana muy distinta a la de Piglia. Dicho eso, y ah\u00ed es donde uno pretende que la literatura latinoamericana no sea una y no responda a dos o tres estereotipos o a dos o tres ejes tem\u00e1ticos esperables. El contacto existe, pero si hay pol\u00edticas culturales que alienten ese contacto, mejor.<\/p>\n<figure class=\"mb-3\"><img loading=\"lazy\" data-src=\"http:\/\/hoycordobaweb.com\/wp-content\/uploads\/2023\/09\/martin-kohan-estamos-replegados-esperando-que-toquen-tiempos-mejores-4.jpg\" src=\"https:\/\/www.telam.com.ar\/assets\/img\/not_image.png\" class=\" lazy \" width=\"100%\" height=\"100%\" alt=\"Gabriela Cabezn Cmara tambin forma parte de la I Jornada de Literatura Argentina Daniel Dabove\"><figcaption> Gabriela Cabez\u00f3n C\u00e1mara tambi\u00e9n forma parte de la I Jornada de Literatura Argentina \/ Daniel Dabove. <\/figcaption><\/figure>\n<p><strong>-\u00bfTe refer\u00eds a las traducciones de obras cl\u00e1sicas y nuevas como pol\u00edtica de Estado, m\u00e1s all\u00e1 de lo que puedan hacer las editoriales?<\/strong><br \/>&#8211; Que haya pol\u00edticas de Estado para estimular las traducciones me parece fundamental, en el sentido de que se escribe much\u00edsimo, se publica much\u00edsimo y aun con los editores m\u00e1s atentos, con mejor percepci\u00f3n, con mejor registro para calibrar lo que circula en la literatura, es necesario que distintas instancias permitan llamar la atenci\u00f3n sobre los textos que se publican. Esto va desde la docencia a la cr\u00edtica literaria -que es algo a lo que yo me dedico- hasta pol\u00edticas de Estado, que es algo a lo que no me dedico, pero me interesa.<\/p>\n<p>Con la cantidad de textos que circulan, en el desborde descomunal editorial en todos los lugares del mundo, es muy bueno que haya una pol\u00edtica de Estado orientada a promover una literatura. El asunto es que editores potencialmente interesados pueden no tomar contacto con nuestra literatura porque la producci\u00f3n es demasiado grande, entonces una pol\u00edtica de Estado que les acerque una mirada para que se interesen por la literatura argentina es muy importante. Los resultados es que efectivamente se interesan.<\/p>\n<p>Los t\u00edtulos traducidos, que son bastante m\u00e1s de mil, no significan otra cosa que, producto de una pol\u00edtica tomaron contacto y se interesaron. Pero podr\u00edan no haber llegado nunca esos textos. Eso pasa cuando hay una pol\u00edtica de Estado que interviene para alentar y promover, de eso se trata. Sobre todo para los que no pensamos que haya pasos sucesivos en una sociedad. Por supuesto que la pobreza nos preocupa a todos, y si quedara establecido que primero hay que resolver eso y despu\u00e9s las pol\u00edticas culturales, creo que nadie dudar\u00eda en parar todo para resolverlo. Como todo indica que no hay un antes y un despu\u00e9s, y las pol\u00edticas culturales forman parte de la din\u00e1mica por los que la sociedad mejora en todos sus t\u00e9rminos, no viene una cosa despu\u00e9s de la otra. Sarmiento dec\u00eda que un pa\u00eds se hace grande haciendo grande la cultura.<\/p>\n<figure class=\"mb-3\"><img loading=\"lazy\" data-src=\"http:\/\/hoycordobaweb.com\/wp-content\/uploads\/2023\/09\/martin-kohan-estamos-replegados-esperando-que-toquen-tiempos-mejores-5.jpg\" src=\"https:\/\/www.telam.com.ar\/assets\/img\/not_image.png\" class=\" lazy \" width=\"100%\" height=\"100%\" alt=\"Claudia Pieiro tambin ser de la partida Foto Gustavo Amarelle\"><figcaption> Claudia Pi\u00f1eiro tambi\u00e9n ser\u00e1 de la partida \/ Foto: Gustavo Amarelle. <\/figcaption><\/figure>\n<p><strong>&#8211; Un Sarmiento que ahora reaparece en la escena pol\u00edtica&#8230;<\/strong><br \/>&#8211; Por algo reaparece. Tan cuestionado por uno mismo en tantas cosas. Pero la idea de que un pa\u00eds se funda haciendo fuerte una cultura, no fue \u00abestablezcamos un pa\u00eds y despu\u00e9s le hacemos una cultura\u00bb. Se potencian mutuamente, se dan consistencia mutuamente. \u00abPrimero resolver problemas y despu\u00e9s a una sociedad de problemas resueltos le adosamos una cultura\u00bb, para mi es poner en t\u00e9rminos de sucesividad algo que no es sucesivo. El t\u00e9rmino \u00abprioritario\u00bb claro que es el hambre en el mundo, pero el mundo no se detiene. Es una extorsi\u00f3n moral en la que alguna vez incurri\u00f3 Sartre. \u00bfPara qu\u00e9 escribo un libro si hay un ni\u00f1o con hambre en el mundo? Frente a un ni\u00f1o con hambre no podr\u00edamos tener esta conversaci\u00f3n y no es cierto que deteniendo la escritura de libros y deteniendo estas conversaciones se resuelve el hambre en el mundo. Si eso fuese as\u00ed, lo har\u00edamos sin vacilar. No responde de un antes y un despu\u00e9s. \u00bfQu\u00e9 supone una pol\u00edtica cultural en relaci\u00f3n con la literatura? Es un enriquecimiento que tenemos con el lenguaje, con las narraciones, con la imaginaci\u00f3n, con la posibilidad de dar sentido. Si en una sociedad esto se reduce, va decayendo la posibilidad de dar sentido, de imaginar alternativas posibles, de narrar y organizar sentidos en una representaci\u00f3n. No pod\u00e9s licuar eso y dejarlo para un despu\u00e9s. Ya sabemos cual es la prioridad, pero para resolverla no hay un antes y un despu\u00e9s.<\/p>\n<p><strong>-\u00bfTe interpela a vos que la Feria de Nueva York tenga como lema \u00abMemoria y resistencia\u00bb?<\/strong><br \/>&#8211; En la situaci\u00f3n en la que estamos, s\u00ed. Me toc\u00f3 participar en una mesa en relaci\u00f3n con eso y me interesaba plantear que hay una zona en la que la memoria disputa con el olvido. Y claro que hay olvidos que atentan contra la memoria, pero hoy termina siendo reductivo, equivocado, que se trate s\u00f3lo de una lucha entre memoria y olvido. Hay lucha entre memorias. No s\u00f3lo hay un olvido que se opone a la memoria, hay memorias que confrontan. Dar sentido a una memoria no supone solamente resistir al olvido, supone confrontar con otras memorias alternativas y disputar narrativa y pol\u00edticamente entre memorias. En cuanto a la palabra resistencia, por algo aparece. Hay \u00e9pocas en las que se percibe una expectativa de un futuro auspicioso y \u00e9pocas en las que se percibe una especie de repliegue que no termina de resolverse en resignaci\u00f3n, pero porque uno casi que se obliga a no resignarse. Estamos replegados esperando que toquen tiempos mejores.<\/p>\n<div class=\"jumbotron pt-4 mt-3\" readability=\"96\">\n<h3 class=\"module-title\">Argentina lleg\u00f3 a la FIL Nueva York y a Havard con algo que decir sobre la \u00abresistencia\u00bb<\/h3>\n<p>La literatura nacional est\u00e1 representada por primera vez de manera institucional en la reci\u00e9n inaugurada 5ta Feria del Libro (FIL) de Nueva York y, adem\u00e1s, tendr\u00e1 su debut en la Universidad de Harvard donde este lunes se realizar\u00e1 la primera jornada dedicada exclusivamente a las letras argentinas.<\/p>\n<p>El desembarco -que incluir\u00e1 la presencia en el lugar de autores como Gabriela Cabez\u00f3n C\u00e1mara, Claudia Pi\u00f1eiro, Samanta Schweblin, Florencia Halfon y Mart\u00edn Kohan- se concreta luego del trabajo realizado por la Direcci\u00f3n de Asuntos Culturales de la Canciller\u00eda Argentina en el marco del Plan Libro y los organizadores locales.<\/p>\n<p>El presidente de la FIL NYC, Jos\u00e9 Higuera L\u00f3pez, coment\u00f3 que la exposici\u00f3n tiene un perfil dirigido al universo hispanohablante norteamericano, con la intenci\u00f3n de valorizar el idioma, en clave de mixtura, resistencia y memoria.<\/p>\n<p>\u00abSiempre ha sido muy importante tener representaci\u00f3n de los pa\u00edses hispanohablantes en general, y desde el principio hubo autores argentinos pero, sabiendo un poco del Plan Libro Argentino, era importante colaborar\u00bb para concretar la llegada institucional del pa\u00eds, coment\u00f3.<\/p>\n<p>En di\u00e1logo con T\u00e9lam durante la presentaci\u00f3n de la FIL que se realiz\u00f3 en el Consulado argentino de Manhattan, Higuera L\u00f3pez explic\u00f3 que \u00abes muy importante crear espacios para el espa\u00f1ol en Estados Unidos\u00bb.<\/p>\n<p>\u00abLa Feria del Libro se inicia desde esta necesidad de tener un espacio para dignificar el espa\u00f1ol en Estados Unidos. Ese espacio de resistencia de un idioma que sigue evolucionando. La voz latina que tiene algo que decir, el boom latino sigue creciendo\u00bb, dijo.<\/p>\n<p>Por su parte, la directora de Asuntos Culturales de la Canciller\u00eda, Paula V\u00e1zquez, destac\u00f3 la interpelaci\u00f3n que supone para los argentinos que el lema de la Feria del Libro hable de \u00abresistencia\u00bb y \u00abmemoria\u00bb.<\/p>\n<p>Durante el acto que se realiz\u00f3 horas despu\u00e9s de que proclamara al Museo de la ex Esma como Patrimonio de la Humanidad, la funcionaria dijo que \u00abla memoria, la visibilizaci\u00f3n de la cultura y de la literatura, siempre da frutos, siempre da frutos al ponerse en contacto con otras historias\u00bb.<\/p>\n<p>\u00abVivimos en contaminaci\u00f3n, creemos en la contaminaci\u00f3n virtuosa, fecunda, de la literatura, de todas nuestras historias\u00bb, a\u00f1adi\u00f3.<\/p>\n<p>Por otra parte, se mostr\u00f3 entusiasmada de que las letras argentinas \u00abse afiancen, que lleguen a los anaqueles de las librer\u00edas de Nueva York, ya sea en sus versiones originales o en traducciones al ingl\u00e9s, que llegan gracias al Programa Sur\u00bb.<\/p>\n<p>Esa iniciativa supone que a las editoriales extranjeras que quieran publicar un libro de un autor argentino en un idioma extranjero se les otorga un subsidio que puede ser de hasta 3.200 d\u00f3lares para aplicar al pago de esa traducci\u00f3n.<\/p>\n<p>Respecto de la jornada que se celebrar\u00e1 en Harvard, la funcionaria adelant\u00f3 a T\u00e9lam que se buscar\u00e1 \u00abinstitucionalizarla\u00bb para poder realizarla de manera anual.<\/p>\n<p>\u00abVamos a lanzar el lunes la primera jornada en la que van a estar presentes Gabriela Cabez\u00f3n C\u00e1mara y Mart\u00edn Kohan, dos de los autores contempor\u00e1neos m\u00e1s reconocidos que han recibido premios, traducciones y publicaciones a nivel internacional. Es un hecho de gran relevancia, de prestigio y visibilizaci\u00f3n de la literatura argentina a nivel internacional\u00bb, detall\u00f3 V\u00e1zquez.<\/p>\n<\/p><\/div>\n","protected":false},"excerpt":{"rendered":"<p>La Feria de Nueva York tiene como lema \u00abMemoria y Resistencia\u00bb \/ Foto: Florencia Downes. El escritor Mart\u00edn Kohan forma parte de la delegaci\u00f3n que viaj\u00f3 a Estados Unidos para acompa\u00f1ar la primera participaci\u00f3n de Argentina en la Feria del Libro de Nueva York y en paralelo abrir\u00e1 este lunes una jornada impulsada por la [&hellip;]<\/p>\n","protected":false},"author":1,"featured_media":67117,"comment_status":"open","ping_status":"closed","sticky":false,"template":"","format":"standard","meta":[],"categories":[19],"tags":[],"_links":{"self":[{"href":"http:\/\/hoycordobaweb.com\/index.php\/wp-json\/wp\/v2\/posts\/67116"}],"collection":[{"href":"http:\/\/hoycordobaweb.com\/index.php\/wp-json\/wp\/v2\/posts"}],"about":[{"href":"http:\/\/hoycordobaweb.com\/index.php\/wp-json\/wp\/v2\/types\/post"}],"author":[{"embeddable":true,"href":"http:\/\/hoycordobaweb.com\/index.php\/wp-json\/wp\/v2\/users\/1"}],"replies":[{"embeddable":true,"href":"http:\/\/hoycordobaweb.com\/index.php\/wp-json\/wp\/v2\/comments?post=67116"}],"version-history":[{"count":0,"href":"http:\/\/hoycordobaweb.com\/index.php\/wp-json\/wp\/v2\/posts\/67116\/revisions"}],"wp:featuredmedia":[{"embeddable":true,"href":"http:\/\/hoycordobaweb.com\/index.php\/wp-json\/wp\/v2\/media\/67117"}],"wp:attachment":[{"href":"http:\/\/hoycordobaweb.com\/index.php\/wp-json\/wp\/v2\/media?parent=67116"}],"wp:term":[{"taxonomy":"category","embeddable":true,"href":"http:\/\/hoycordobaweb.com\/index.php\/wp-json\/wp\/v2\/categories?post=67116"},{"taxonomy":"post_tag","embeddable":true,"href":"http:\/\/hoycordobaweb.com\/index.php\/wp-json\/wp\/v2\/tags?post=67116"}],"curies":[{"name":"wp","href":"https:\/\/api.w.org\/{rel}","templated":true}]}}