{"id":67108,"date":"2023-09-24T12:15:50","date_gmt":"2023-09-24T12:15:50","guid":{"rendered":"https:\/\/www.mujerhoy.com\/moda\/no-te-pierdas\/victoria-suecia-zapatillas-look-rejuvenecedor-edad-40-20230924141537-nt.html"},"modified":"2023-09-24T12:15:50","modified_gmt":"2023-09-24T12:15:50","slug":"las-zapatillas-favoritas-de-victoria-de-suecia-que-todas-deberiamos-tener-en-nuestro-armario-de-otono","status":"publish","type":"post","link":"http:\/\/hoycordobaweb.com\/index.php\/2023\/09\/24\/las-zapatillas-favoritas-de-victoria-de-suecia-que-todas-deberiamos-tener-en-nuestro-armario-de-otono\/","title":{"rendered":"Las zapatillas favoritas de Victoria de Suecia que todas deber\u00edamos tener en nuestro armario de oto\u00f1o"},"content":{"rendered":"<p><!-- AUTHOR --><\/p>\n<div class=\"voc-author-timesocial \"><!-- AUTHOR --><\/p>\n<div class=\"voc-author-timesocial__signature\"><!-- IMAGE AUTHOR --><picture class=\"voc-image-signature\"><img class=\"voc-image-signature__img\" src=\"http:\/\/hoycordobaweb.com\/wp-content\/uploads\/2023\/09\/las-zapatillas-favoritas-de-victoria-de-suecia-que-todas-deberiamos-tener-en-nuestro-armario-de-otono.jpg\" alt=\"Gemma Cano\"><\/picture><!-- INFO AUTHOR --><\/p>\n<div class=\"voc-author-timesocial__info\">\n<div class=\"voc-author-info\"><author><a title=\"GEMMA CANO\" href=\"https:\/\/www.mujerhoy.com\/autor\/gemma-cano-1220.html\" class=\"voc-author\">GEMMA CANO <\/a><\/author><time datetime=\"2023-09-24T12:15:50Z\" data-timestamp>Publicado \u00b7 <span data-voc-date-modified-short>24 de septiembre de 2023, 14:15 h<\/span><\/time><\/div>\n<\/div>\n<\/div>\n<\/div>\n<p><!-- COMPONENTS --><\/p>\n<p class=\"voc-paragraph\">En los \u00faltimos a\u00f1os, las zapatillas de deporte, <strong>han ido encontrado su sitio dentro de los looks m\u00e1s formales<\/strong>. Incluso el dress code de muchas empresas se ha vuelto m\u00e1s flexible para permitir que sus empleados las lleven a la oficina, por lo menos los viernes. Incluso las royals europeas, que tienen que seguir un protocolo m\u00e1s estricto que el com\u00fan de los mortales, las est\u00e1n luciendo en sus actos p\u00fablicos.\n<\/p>\n<div class=\"voc-detail-photo-zoom\"><picture data-toggle=\"modal\" data-target=\"#photoZoomModal-853\" target=\"modal\">\n<div class=\"voc-img-icon-link\"><img loading=\"lazy\" data-original=\"\/\/static.mujerhoy.com\/www\/multimedia\/202309\/17\/media\/cortadas\/victoria-suceia-royals-zara-letizia-kRG--460x637@MujerHoy.jpg\" class=\"lazy adsviu_analyse\" alt=\"Victoria de Suecia con un traje de color verde y zapatillas.\"><noscript><img src=\"http:\/\/hoycordobaweb.com\/wp-content\/uploads\/2023\/09\/las-zapatillas-favoritas-de-victoria-de-suecia-que-todas-deberiamos-tener-en-nuestro-armario-de-otono-1.jpg\" alt=\"Victoria de Suecia con un traje de color verde y zapatillas.\"><\/noscript><i class=\"voc-icons zoom voc-multimedia-box voc-ico-l\"><\/i><\/div><figcaption class=\"figure-caption\">Victoria de Suecia con un traje de color verde y zapatillas.<\/figcaption><\/picture><\/div>\n<div id=\"photoZoomModal-853\" class=\"voc-lightbox modal fade voc-lightbox--photo-zoom\" role=\"dialog\" data-voc-photozoom-lightbox>\n<div class=\"voc-lightbox__dialog\" role=\"document\">\n<div class=\"voc-lightbox__content\"><!-- Modal header --><!-- Modal content --><\/p>\n<div class=\"voc-lightbox__photo-container\"><picture class><img loading=\"lazy\" data-original=\"\/\/static.mujerhoy.com\/www\/multimedia\/202309\/17\/media\/cortadas\/victoria-suceia-royals-zara-letizia-kRG--460x637@MujerHoy.jpg\" alt=\"Victoria de Suecia con un traje de color verde y zapatillas.\" class=\"lazy\"><noscript><img src=\"http:\/\/hoycordobaweb.com\/wp-content\/uploads\/2023\/09\/las-zapatillas-favoritas-de-victoria-de-suecia-que-todas-deberiamos-tener-en-nuestro-armario-de-otono-1.jpg\" alt=\"Victoria de Suecia con un traje de color verde y zapatillas.\"><\/noscript><\/picture><\/div>\n<\/div>\n<\/div>\n<\/div>\n<p class=\"voc-paragraph\">Una de ellas es Victoria de Suecia, que sabe mejor que nadie cu\u00e1ndo es apropiado sacarlas de su armario. Y lo m\u00e1s curioso es que siempre apuesta por el mismo modelo: las cl\u00e1sicas Adidas Stan Smith de color blanco. Lleva a\u00f1os apostando por ellas durante los <a data-voc-vtm-id=\"in-text-traffic\" href=\"https:\/\/www.mujerhoy.com\/moda\/no-te-pierdas\/isabelle-junot-vestidos-midi-zara-nueva-coleccion-favoritos-look-secretos-estilo-famosas-modelos-20230305005752-nt.html#vca=modulos&amp;vso=mujerhoy&amp;vmc=noticias-rel-cmp&amp;vli=no%20te%20pierdas\">d\u00edas de entretiempo<\/a> y las combina con maestr\u00eda con trajes de colores, faldas satinadas o americanas de rayas.\n<\/p>\n<div class=\"voc-detail-photo-zoom\"><picture data-toggle=\"modal\" data-target=\"#photoZoomModal-858\" target=\"modal\">\n<div class=\"voc-img-icon-link\"><img loading=\"lazy\" data-original=\"\/\/static2.mujerhoy.com\/www\/multimedia\/202309\/17\/media\/cortadas\/victoria-suecia-royals-look-rejuvenececor-kRG--460x637@MujerHoy.jpg\" class=\"lazy adsviu_analyse\" alt=\"Victoria de Suecia con americana de rayas y pantal\u00f3n blanco.\"><noscript><img src=\"http:\/\/hoycordobaweb.com\/wp-content\/uploads\/2023\/09\/las-zapatillas-favoritas-de-victoria-de-suecia-que-todas-deberiamos-tener-en-nuestro-armario-de-otono-2.jpg\" alt=\"Victoria de Suecia con americana de rayas y pantal\u00f3n blanco.\"><\/noscript><i class=\"voc-icons zoom voc-multimedia-box voc-ico-l\"><\/i><\/div><figcaption class=\"figure-caption\">Victoria de Suecia con americana de rayas y pantal\u00f3n blanco.<\/figcaption><\/picture><\/div>\n<div id=\"photoZoomModal-858\" class=\"voc-lightbox modal fade voc-lightbox--photo-zoom\" role=\"dialog\" data-voc-photozoom-lightbox>\n<div class=\"voc-lightbox__dialog\" role=\"document\">\n<div class=\"voc-lightbox__content\"><!-- Modal header --><!-- Modal content --><\/p>\n<div class=\"voc-lightbox__photo-container\"><picture class><img loading=\"lazy\" data-original=\"\/\/static2.mujerhoy.com\/www\/multimedia\/202309\/17\/media\/cortadas\/victoria-suecia-royals-look-rejuvenececor-kRG--460x637@MujerHoy.jpg\" alt=\"Victoria de Suecia con americana de rayas y pantal\u00f3n blanco.\" class=\"lazy\"><noscript><img src=\"http:\/\/hoycordobaweb.com\/wp-content\/uploads\/2023\/09\/las-zapatillas-favoritas-de-victoria-de-suecia-que-todas-deberiamos-tener-en-nuestro-armario-de-otono-2.jpg\" alt=\"Victoria de Suecia con americana de rayas y pantal\u00f3n blanco.\"><\/noscript><\/picture><\/div>\n<\/div>\n<\/div>\n<\/div>\n<p class=\"voc-paragraph\">Si buscas un <a data-voc-vtm-id=\"in-text-traffic\" href=\"https:\/\/www.mujerhoy.com\/moda\/no-te-pierdas\/andrea-pascual-looks-rejuvenecedores-edad-40-anos-verano-20230520004354-nt.html\">look formal<\/a> pero que, al mismo tiempo sea c\u00f3modo, tienes que seguir los pasos de Victoria de Suecia. Americana de rayas, vaqueros blancos y un buen par de zapatillas.\n<\/p>\n<div class=\"voc-detail-photo-zoom\"><picture data-toggle=\"modal\" data-target=\"#photoZoomModal-889\" target=\"modal\">\n<div class=\"voc-img-icon-link\"><img loading=\"lazy\" data-original=\"\/\/static2.mujerhoy.com\/www\/multimedia\/202309\/17\/media\/cortadas\/victoria-suecia-look-rejuvencecor-edad-40-kRG--460x637@MujerHoy.jpg\" class=\"lazy adsviu_analyse\" alt=\"Victoria de Suecia con camisa satinada, falda con estampado de flores y zapatillas.\"><noscript><img src=\"http:\/\/hoycordobaweb.com\/wp-content\/uploads\/2023\/09\/las-zapatillas-favoritas-de-victoria-de-suecia-que-todas-deberiamos-tener-en-nuestro-armario-de-otono-3.jpg\" alt=\"Victoria de Suecia con camisa satinada, falda con estampado de flores y zapatillas.\"><\/noscript><i class=\"voc-icons zoom voc-multimedia-box voc-ico-l\"><\/i><\/div><figcaption class=\"figure-caption\">Victoria de Suecia con camisa satinada, falda con estampado de flores y zapatillas.<\/figcaption><\/picture><\/div>\n<div id=\"photoZoomModal-889\" class=\"voc-lightbox modal fade voc-lightbox--photo-zoom\" role=\"dialog\" data-voc-photozoom-lightbox>\n<div class=\"voc-lightbox__dialog\" role=\"document\">\n<div class=\"voc-lightbox__content\"><!-- Modal header --><!-- Modal content --><\/p>\n<div class=\"voc-lightbox__photo-container\"><picture class><img loading=\"lazy\" data-original=\"\/\/static2.mujerhoy.com\/www\/multimedia\/202309\/17\/media\/cortadas\/victoria-suecia-look-rejuvencecor-edad-40-kRG--460x637@MujerHoy.jpg\" alt=\"Victoria de Suecia con camisa satinada, falda con estampado de flores y zapatillas.\" class=\"lazy\"><noscript><img src=\"http:\/\/hoycordobaweb.com\/wp-content\/uploads\/2023\/09\/las-zapatillas-favoritas-de-victoria-de-suecia-que-todas-deberiamos-tener-en-nuestro-armario-de-otono-3.jpg\" alt=\"Victoria de Suecia con camisa satinada, falda con estampado de flores y zapatillas.\"><\/noscript><\/picture><\/div>\n<\/div>\n<\/div>\n<\/div>\n<p class=\"voc-paragraph\">Si quieres dar un paso m\u00e1s, <strong>apuesta por un look elegante con prendas satinadas<\/strong>. Las zapatillas restan seriedad a un look que puede resultar demasiado formal.\n<\/p>\n<div class=\"voc-detail-photo-zoom\"><picture data-toggle=\"modal\" data-target=\"#photoZoomModal-893\" target=\"modal\">\n<div class=\"voc-img-icon-link\"><img loading=\"lazy\" data-original=\"\/\/static3.mujerhoy.com\/www\/multimedia\/202309\/17\/media\/cortadas\/Zapatillas-adidas-blanca-nuevo-kRG--460x637@MujerHoy.jpg\" class=\"lazy adsviu_analyse\" alt=\"Zapatillas blancas Stan Smith de Adidas (110 euros)\"><noscript><img src=\"http:\/\/hoycordobaweb.com\/wp-content\/uploads\/2023\/09\/las-zapatillas-favoritas-de-victoria-de-suecia-que-todas-deberiamos-tener-en-nuestro-armario-de-otono-4.jpg\" alt=\"Zapatillas blancas Stan Smith de Adidas (110 euros)\"><\/noscript><i class=\"voc-icons zoom voc-multimedia-box voc-ico-l\"><\/i><\/div><figcaption class=\"figure-caption\">Zapatillas blancas Stan Smith de Adidas (110 euros)<\/figcaption><\/picture><\/div>\n<div id=\"photoZoomModal-893\" class=\"voc-lightbox modal fade voc-lightbox--photo-zoom\" role=\"dialog\" data-voc-photozoom-lightbox>\n<div class=\"voc-lightbox__dialog\" role=\"document\">\n<div class=\"voc-lightbox__content\"><!-- Modal header --><!-- Modal content --><\/p>\n<div class=\"voc-lightbox__photo-container\"><picture class><img loading=\"lazy\" data-original=\"\/\/static3.mujerhoy.com\/www\/multimedia\/202309\/17\/media\/cortadas\/Zapatillas-adidas-blanca-nuevo-kRG--460x637@MujerHoy.jpg\" alt=\"Zapatillas blancas Stan Smith de Adidas (110 euros)\" class=\"lazy\"><noscript><img src=\"http:\/\/hoycordobaweb.com\/wp-content\/uploads\/2023\/09\/las-zapatillas-favoritas-de-victoria-de-suecia-que-todas-deberiamos-tener-en-nuestro-armario-de-otono-4.jpg\" alt=\"Zapatillas blancas Stan Smith de Adidas (110 euros)\"><\/noscript><\/picture><\/div>\n<\/div>\n<\/div>\n<\/div>\n<p><h3 class=\"voc-detail__title\"> Zapatillas blancas Stan Smith de Adidas (110 euros)<br \/>\n<\/h3>\n<\/p>\n<p class=\"voc-paragraph\">El dise\u00f1o m\u00e1s cl\u00e1sico, con detalles en color verde. \u00a1Imprescindibles!\n<\/p>\n<div class=\"voc-detail-photo-zoom\"><picture data-toggle=\"modal\" data-target=\"#photoZoomModal-168\" target=\"modal\">\n<div class=\"voc-img-icon-link\"><img loading=\"lazy\" data-original=\"\/\/static2.mujerhoy.com\/www\/multimedia\/202309\/17\/media\/cortadas\/zapatillas-adidas-blancas-nuevo-otono-kRG--460x637@MujerHoy.jpg\" class=\"lazy adsviu_analyse\" alt=\"Zapatillas en color arena \u00abStan Smith\u00bb de Adidas (110 euros)\"><noscript><img src=\"http:\/\/hoycordobaweb.com\/wp-content\/uploads\/2023\/09\/las-zapatillas-favoritas-de-victoria-de-suecia-que-todas-deberiamos-tener-en-nuestro-armario-de-otono-5.jpg\" alt=\"Zapatillas en color arena \u00abStan Smith\u00bb de Adidas (110 euros)\"><\/noscript><i class=\"voc-icons zoom voc-multimedia-box voc-ico-l\"><\/i><\/div><figcaption class=\"figure-caption\">Zapatillas en color arena \u00abStan Smith\u00bb de Adidas (110 euros)<\/figcaption><\/picture><\/div>\n<div id=\"photoZoomModal-168\" class=\"voc-lightbox modal fade voc-lightbox--photo-zoom\" role=\"dialog\" data-voc-photozoom-lightbox>\n<div class=\"voc-lightbox__dialog\" role=\"document\">\n<div class=\"voc-lightbox__content\"><!-- Modal header --><!-- Modal content --><\/p>\n<div class=\"voc-lightbox__photo-container\"><picture class><img loading=\"lazy\" data-original=\"\/\/static2.mujerhoy.com\/www\/multimedia\/202309\/17\/media\/cortadas\/zapatillas-adidas-blancas-nuevo-otono-kRG--460x637@MujerHoy.jpg\" alt=\"Zapatillas en color arena \u00abStan Smith\u00bb de Adidas (110 euros)\" class=\"lazy\"><noscript><img src=\"http:\/\/hoycordobaweb.com\/wp-content\/uploads\/2023\/09\/las-zapatillas-favoritas-de-victoria-de-suecia-que-todas-deberiamos-tener-en-nuestro-armario-de-otono-5.jpg\" alt=\"Zapatillas en color arena \u00abStan Smith\u00bb de Adidas (110 euros)\"><\/noscript><\/picture><\/div>\n<\/div>\n<\/div>\n<\/div>\n<p><h3 class=\"voc-detail__title\"> Zapatillas en color arena \u00abStan Smith\u00bb de Adidas (110 euros)<br \/>\n<\/h3>\n<\/p>\n<p class=\"voc-paragraph\">Una combinaci\u00f3n de colores elegante, donde el beige es el tono protagonista.\n<\/p>\n<div class=\"voc-detail-photo-zoom\"><picture data-toggle=\"modal\" data-target=\"#photoZoomModal-685\" target=\"modal\">\n<div class=\"voc-img-icon-link\"><img loading=\"lazy\" data-original=\"\/\/static1.mujerhoy.com\/www\/multimedia\/202309\/17\/media\/cortadas\/zapatillas-adidas-animal-nuevo-otono-kRG--460x637@MujerHoy.jpg\" class=\"lazy adsviu_analyse\" alt=\"Zapatillas con estampado animal \u00abStan Smith\u00bb de Adidas (110 euros)\"><noscript><img src=\"http:\/\/hoycordobaweb.com\/wp-content\/uploads\/2023\/09\/las-zapatillas-favoritas-de-victoria-de-suecia-que-todas-deberiamos-tener-en-nuestro-armario-de-otono-6.jpg\" alt=\"Zapatillas con estampado animal \u00abStan Smith\u00bb de Adidas (110 euros)\"><\/noscript><i class=\"voc-icons zoom voc-multimedia-box voc-ico-l\"><\/i><\/div><figcaption class=\"figure-caption\">Zapatillas con estampado animal \u00abStan Smith\u00bb de Adidas (110 euros)<\/figcaption><\/picture><\/div>\n<div id=\"photoZoomModal-685\" class=\"voc-lightbox modal fade voc-lightbox--photo-zoom\" role=\"dialog\" data-voc-photozoom-lightbox>\n<div class=\"voc-lightbox__dialog\" role=\"document\">\n<div class=\"voc-lightbox__content\"><!-- Modal header --><!-- Modal content --><\/p>\n<div class=\"voc-lightbox__photo-container\"><picture class><img loading=\"lazy\" data-original=\"\/\/static1.mujerhoy.com\/www\/multimedia\/202309\/17\/media\/cortadas\/zapatillas-adidas-animal-nuevo-otono-kRG--460x637@MujerHoy.jpg\" alt=\"Zapatillas con estampado animal \u00abStan Smith\u00bb de Adidas (110 euros)\" class=\"lazy\"><noscript><img src=\"http:\/\/hoycordobaweb.com\/wp-content\/uploads\/2023\/09\/las-zapatillas-favoritas-de-victoria-de-suecia-que-todas-deberiamos-tener-en-nuestro-armario-de-otono-6.jpg\" alt=\"Zapatillas con estampado animal \u00abStan Smith\u00bb de Adidas (110 euros)\"><\/noscript><\/picture><\/div>\n<\/div>\n<\/div>\n<\/div>\n<p><h3 class=\"voc-detail__title\"> Zapatillas con estampado animal \u00abStan Smith\u00bb de Adidas (110 euros)<br \/>\n<\/h3>\n<\/p>\n<p class=\"voc-paragraph\">El print animal est\u00e1 m\u00e1s de moda que nunca. Ll\u00e9valo en tus accesorios preferidos.\n<\/p>\n<div class=\"voc-detail-photo-zoom\"><picture data-toggle=\"modal\" data-target=\"#photoZoomModal-128\" target=\"modal\">\n<div class=\"voc-img-icon-link\"><img loading=\"lazy\" data-original=\"\/\/static.mujerhoy.com\/www\/multimedia\/202309\/17\/media\/cortadas\/zapatillas-adidas-flores-nuevo-otono-kRG--460x637@MujerHoy.jpg\" class=\"lazy adsviu_analyse\" alt=\"Zapatillas con estampado de flores y detalles de colores \u00abStan Smith\u00bb de Adidas (110 euros)\"><noscript><img src=\"http:\/\/hoycordobaweb.com\/wp-content\/uploads\/2023\/09\/las-zapatillas-favoritas-de-victoria-de-suecia-que-todas-deberiamos-tener-en-nuestro-armario-de-otono-7.jpg\" alt=\"Zapatillas con estampado de flores y detalles de colores \u00abStan Smith\u00bb de Adidas (110 euros)\"><\/noscript><i class=\"voc-icons zoom voc-multimedia-box voc-ico-l\"><\/i><\/div><figcaption class=\"figure-caption\">Zapatillas con estampado de flores y detalles de colores \u00abStan Smith\u00bb de Adidas (110 euros)<\/figcaption><\/picture><\/div>\n<div id=\"photoZoomModal-128\" class=\"voc-lightbox modal fade voc-lightbox--photo-zoom\" role=\"dialog\" data-voc-photozoom-lightbox>\n<div class=\"voc-lightbox__dialog\" role=\"document\">\n<div class=\"voc-lightbox__content\"><!-- Modal header --><!-- Modal content --><\/p>\n<div class=\"voc-lightbox__photo-container\"><picture class><img loading=\"lazy\" data-original=\"\/\/static.mujerhoy.com\/www\/multimedia\/202309\/17\/media\/cortadas\/zapatillas-adidas-flores-nuevo-otono-kRG--460x637@MujerHoy.jpg\" alt=\"Zapatillas con estampado de flores y detalles de colores \u00abStan Smith\u00bb de Adidas (110 euros)\" class=\"lazy\"><noscript><img src=\"http:\/\/hoycordobaweb.com\/wp-content\/uploads\/2023\/09\/las-zapatillas-favoritas-de-victoria-de-suecia-que-todas-deberiamos-tener-en-nuestro-armario-de-otono-7.jpg\" alt=\"Zapatillas con estampado de flores y detalles de colores \u00abStan Smith\u00bb de Adidas (110 euros)\"><\/noscript><\/picture><\/div>\n<\/div>\n<\/div>\n<\/div>\n<p><h3 class=\"voc-detail__title\"> Zapatillas con estampado de flores y detalles de colores \u00abStan Smith\u00bb de Adidas (110 euros)<br \/>\n<\/h3>\n<\/p>\n<p class=\"voc-paragraph\">El dise\u00f1o m\u00e1s colorido de este cl\u00e1sico de la marca Adidas.\n<\/p>\n<div class=\"voc-detail-photo-zoom\"><picture data-toggle=\"modal\" data-target=\"#photoZoomModal-372\" target=\"modal\">\n<div class=\"voc-img-icon-link\"><img loading=\"lazy\" data-original=\"\/\/static1.mujerhoy.com\/www\/multimedia\/202309\/17\/media\/cortadas\/zapatillas-adidas-plataforma-nuevo-otono-kRG--460x637@MujerHoy.jpg\" class=\"lazy adsviu_analyse\" alt=\"Zapatillas blancas con plataforma \u00abStan Smith\u00bb de Adidas (120 euros)\"><noscript><img src=\"http:\/\/hoycordobaweb.com\/wp-content\/uploads\/2023\/09\/las-zapatillas-favoritas-de-victoria-de-suecia-que-todas-deberiamos-tener-en-nuestro-armario-de-otono-8.jpg\" alt=\"Zapatillas blancas con plataforma \u00abStan Smith\u00bb de Adidas (120 euros)\"><\/noscript><i class=\"voc-icons zoom voc-multimedia-box voc-ico-l\"><\/i><\/div><figcaption class=\"figure-caption\">Zapatillas blancas con plataforma \u00abStan Smith\u00bb de Adidas (120 euros)<\/figcaption><\/picture><\/div>\n<div id=\"photoZoomModal-372\" class=\"voc-lightbox modal fade voc-lightbox--photo-zoom\" role=\"dialog\" data-voc-photozoom-lightbox>\n<div class=\"voc-lightbox__dialog\" role=\"document\">\n<div class=\"voc-lightbox__content\"><!-- Modal header --><!-- Modal content --><\/p>\n<div class=\"voc-lightbox__photo-container\"><picture class><img loading=\"lazy\" data-original=\"\/\/static1.mujerhoy.com\/www\/multimedia\/202309\/17\/media\/cortadas\/zapatillas-adidas-plataforma-nuevo-otono-kRG--460x637@MujerHoy.jpg\" alt=\"Zapatillas blancas con plataforma \u00abStan Smith\u00bb de Adidas (120 euros)\" class=\"lazy\"><noscript><img src=\"http:\/\/hoycordobaweb.com\/wp-content\/uploads\/2023\/09\/las-zapatillas-favoritas-de-victoria-de-suecia-que-todas-deberiamos-tener-en-nuestro-armario-de-otono-8.jpg\" alt=\"Zapatillas blancas con plataforma \u00abStan Smith\u00bb de Adidas (120 euros)\"><\/noscript><\/picture><\/div>\n<\/div>\n<\/div>\n<\/div>\n<p><h3 class=\"voc-detail__title\"> Zapatillas blancas con plataforma \u00abStan Smith\u00bb de Adidas (120 euros)<br \/>\n<\/h3>\n<\/p>\n<p class=\"voc-paragraph\">Si quieres ganar cent\u00edmetros, apuesta por este dise\u00f1o.\n<\/p>\n<div class=\"voc-detail-photo-zoom\"><picture data-toggle=\"modal\" data-target=\"#photoZoomModal-952\" target=\"modal\">\n<div class=\"voc-img-icon-link\"><img loading=\"lazy\" data-original=\"\/\/static1.mujerhoy.com\/www\/multimedia\/202309\/17\/media\/cortadas\/zapatillas-adidas-velcro-nuevo-otono-kRG--460x637@MujerHoy.jpg\" class=\"lazy adsviu_analyse\" alt=\"Zapatillas blancas con velcros \u00abStan Smith\u00bb de Adidas (120 euros)\"><noscript><img src=\"http:\/\/hoycordobaweb.com\/wp-content\/uploads\/2023\/09\/las-zapatillas-favoritas-de-victoria-de-suecia-que-todas-deberiamos-tener-en-nuestro-armario-de-otono-9.jpg\" alt=\"Zapatillas blancas con velcros \u00abStan Smith\u00bb de Adidas (120 euros)\"><\/noscript><i class=\"voc-icons zoom voc-multimedia-box voc-ico-l\"><\/i><\/div><figcaption class=\"figure-caption\">Zapatillas blancas con velcros \u00abStan Smith\u00bb de Adidas (120 euros)<\/figcaption><\/picture><\/div>\n<div id=\"photoZoomModal-952\" class=\"voc-lightbox modal fade voc-lightbox--photo-zoom\" role=\"dialog\" data-voc-photozoom-lightbox>\n<div class=\"voc-lightbox__dialog\" role=\"document\">\n<div class=\"voc-lightbox__content\"><!-- Modal header --><!-- Modal content --><\/p>\n<div class=\"voc-lightbox__photo-container\"><picture class><img loading=\"lazy\" data-original=\"\/\/static1.mujerhoy.com\/www\/multimedia\/202309\/17\/media\/cortadas\/zapatillas-adidas-velcro-nuevo-otono-kRG--460x637@MujerHoy.jpg\" alt=\"Zapatillas blancas con velcros \u00abStan Smith\u00bb de Adidas (120 euros)\" class=\"lazy\"><noscript><img src=\"http:\/\/hoycordobaweb.com\/wp-content\/uploads\/2023\/09\/las-zapatillas-favoritas-de-victoria-de-suecia-que-todas-deberiamos-tener-en-nuestro-armario-de-otono-9.jpg\" alt=\"Zapatillas blancas con velcros \u00abStan Smith\u00bb de Adidas (120 euros)\"><\/noscript><\/picture><\/div>\n<\/div>\n<\/div>\n<\/div>\n<p><h3 class=\"voc-detail__title\"> Zapatillas blancas con velcros \u00abStan Smith\u00bb de Adidas (120 euros)<br \/>\n<\/h3>\n<\/p>\n<p class=\"voc-paragraph\">El dise\u00f1o cl\u00e1sico con un twist de estilo.\n<\/p>\n<p><!-- TOPICS --><\/p>\n","protected":false},"excerpt":{"rendered":"<p>GEMMA CANO Publicado \u00b7 24 de septiembre de 2023, 14:15 h En los \u00faltimos a\u00f1os, las zapatillas de deporte, han ido encontrado su sitio dentro de los looks m\u00e1s formales. Incluso el dress code de muchas empresas se ha vuelto m\u00e1s flexible para permitir que sus empleados las lleven a la oficina, por lo menos [&hellip;]<\/p>\n","protected":false},"author":1,"featured_media":67109,"comment_status":"closed","ping_status":"closed","sticky":false,"template":"","format":"standard","meta":[],"categories":[1],"tags":[],"_links":{"self":[{"href":"http:\/\/hoycordobaweb.com\/index.php\/wp-json\/wp\/v2\/posts\/67108"}],"collection":[{"href":"http:\/\/hoycordobaweb.com\/index.php\/wp-json\/wp\/v2\/posts"}],"about":[{"href":"http:\/\/hoycordobaweb.com\/index.php\/wp-json\/wp\/v2\/types\/post"}],"author":[{"embeddable":true,"href":"http:\/\/hoycordobaweb.com\/index.php\/wp-json\/wp\/v2\/users\/1"}],"replies":[{"embeddable":true,"href":"http:\/\/hoycordobaweb.com\/index.php\/wp-json\/wp\/v2\/comments?post=67108"}],"version-history":[{"count":0,"href":"http:\/\/hoycordobaweb.com\/index.php\/wp-json\/wp\/v2\/posts\/67108\/revisions"}],"wp:featuredmedia":[{"embeddable":true,"href":"http:\/\/hoycordobaweb.com\/index.php\/wp-json\/wp\/v2\/media\/67109"}],"wp:attachment":[{"href":"http:\/\/hoycordobaweb.com\/index.php\/wp-json\/wp\/v2\/media?parent=67108"}],"wp:term":[{"taxonomy":"category","embeddable":true,"href":"http:\/\/hoycordobaweb.com\/index.php\/wp-json\/wp\/v2\/categories?post=67108"},{"taxonomy":"post_tag","embeddable":true,"href":"http:\/\/hoycordobaweb.com\/index.php\/wp-json\/wp\/v2\/tags?post=67108"}],"curies":[{"name":"wp","href":"https:\/\/api.w.org\/{rel}","templated":true}]}}