{"id":67104,"date":"2023-09-24T14:54:26","date_gmt":"2023-09-24T14:54:26","guid":{"rendered":"https:\/\/www.ole.com.ar\/fuera-de-juego\/acusacion-ultraderecha-francesa-benzema-islamista_0_E0V3MdgTwx.html"},"modified":"2023-09-24T14:54:26","modified_gmt":"2023-09-24T14:54:26","slug":"grave-acusacion-sobre-benzema","status":"publish","type":"post","link":"http:\/\/hoycordobaweb.com\/index.php\/2023\/09\/24\/grave-acusacion-sobre-benzema\/","title":{"rendered":"Grave acusaci\u00f3n sobre Benzema"},"content":{"rendered":"<p><img src=\"http:\/\/hoycordobaweb.com\/wp-content\/uploads\/2023\/09\/grave-acusacion-sobre-benzema.jpg\"><\/p>\n<p><time class=\"createDate\" datetime=\"2023-09-24T11:54:26-03:00\">24\/09\/2023 11:54hs.<\/time><time class=\"modificatedDate\" datetime=\"2023-09-24T11:54:26-03:00\"><\/time><\/p>\n<div id=\"storyBody\">\n<div class=\"custom-text \" readability=\"35.9670781893\">\n<p>Jordan Bardella, mano derecha de Marine Le Pen y actual presidente del ultraderechista Agrupaci\u00f3n Nacional (RN), consider\u00f3 que <strong><a href=\"https:\/\/www.ole.com.ar\/tema\/karim-benzema.html\" title=\"Karim Benzema\" alt=\"Karim Benzema\" class=\"slug\">Karim Benzema<\/a><\/strong>, legendario delantero franc\u00e9s que juega en Arabia Saud\u00ed, <strong>es \u00abun amigo de la ideolog\u00eda islamista\u00bb.<\/strong><\/p>\n<\/div>\n<div class=\"custom-text \" readability=\"38\">\n<p>\u00abHay que distinguir la obra del individuo, <strong>seguramente ha sido uno de los mejores futbolistas franceses, pero es un habitual de pr\u00e1cticas islamistas\u00bb, denunci\u00f3<\/strong> este domingo el cabeza de lista de las elecciones europeas del RN para 2024, en una entrevista en el estudio de BFMTV.<\/p>\n<\/div>\n<div class=\"custom-text \" readability=\"39\">\n<p>El pol\u00edtico reaccionaba as\u00ed a una imagen de Benzema, publicada por su club Al-Ittihad durante el d\u00eda de la fiesta nacional saud\u00ed, en la que est\u00e1 ataviado con un vestido tradicional de ese pa\u00eds musulm\u00e1n del Golfo P\u00e9rsico. <strong>El delantero escribi\u00f3 en una instant\u00e1nea ya con m\u00e1s de 2,5 millones de \u00ablikes\u00bb: \u00abMiren la vida que tenemos, feliz d\u00eda nacional saud\u00ed\u00bb.<\/strong><\/p>\n<\/div>\n<div class=\"custom-text \" readability=\"40\">\n<p>Bardella (28 a\u00f1os) sostuvo esa acusaci\u00f3n recordando que el antiguo delantero del Real Madrid ya hab\u00eda expresado p\u00fablicamente su alegr\u00eda de jugar en un pa\u00eds musulm\u00e1n e insisti\u00f3 que el hecho de fotografiarse con esa vestimenta indica cierta proximidad ideol\u00f3gica. \u00abLleva un vestido tradicional saud\u00ed. Arabia saud\u00ed es, que yo sepa, un Estado islamista. Tengo entendido que es un pa\u00eds en el que cortan la mano a los que roban\u00bb, cerr\u00f3 Bardella, un protegido de Marine Le Pen, quien cedi\u00f3 voluntariamente a su joven pupilo la presidencia del partido.<\/p>\n<\/div>\n<div class=\"custom-text \" readability=\"39\">\n<p>Benzema, nacido en Lyon, pero de or\u00edgenes argelinos, est\u00e1 retirado de la selecci\u00f3n francesa, con la que jug\u00f3 97 encuentros, y <strong>ha presentado varias demandas contra otras figuras de la ultraderecha francesa por relacionarle con el integrismo musulm\u00e1n.<\/strong><\/p>\n<\/div>\n<div class=\"sc-e7b891c4-0 jPbnQF\"><img alt=\"Dura acusaci\u00f3n sobre Benzema. (foto Prensa Al-Ittihad)\" src=\"http:\/\/hoycordobaweb.com\/wp-content\/uploads\/2023\/09\/grave-acusacion-sobre-benzema-2.jpg\" width=\"720\" height=\"100\" decoding=\"async\" data-nimg=\"future\" loading=\"lazy\"><span class=\"epigraphe\">Dura acusaci\u00f3n sobre Benzema. (foto Prensa Al-Ittihad)<\/span><\/div>\n<div class=\"sc-e7b891c4-0 jPbnQF\"><img alt=\"Benzem\u00e1 y la imagen de la pol\u00e9mica en Francia.\" src=\"http:\/\/hoycordobaweb.com\/wp-content\/uploads\/2023\/09\/grave-acusacion-sobre-benzema-3.jpg\" width=\"720\" height=\"100\" decoding=\"async\" data-nimg=\"future\" loading=\"lazy\"><span class=\"epigraphe\">Benzem\u00e1 y la imagen de la pol\u00e9mica en Francia.<\/span><\/div>\n<div class=\"sc-a7166897-0 exHLBh\" readability=\"6\">\n<section readability=\"2\"><picture><img alt=\"Video: Neymar se visti\u00f3 de \u00e1rabe y bail\u00f3 en la fiesta nacional\" src=\"http:\/\/hoycordobaweb.com\/wp-content\/uploads\/2023\/09\/grave-acusacion-sobre-benzema-4.jpg\" width=\"290\" height=\"290\" decoding=\"async\" data-nimg=\"future\" loading=\"lazy\"><\/picture>\n<p><span>Mir\u00e1 tambi\u00e9n<\/span><\/p>\n<hr>\n<h3>Video: Neymar se visti\u00f3 de \u00e1rabe y bail\u00f3 en la fiesta nacional<\/h3>\n<\/p>\n<\/section>\n<\/div>\n<div class=\"sc-a7166897-0 exHLBh\" readability=\"7\">\n<section readability=\"4\"><picture><img alt=\"El curioso video del Al-Nassr por el D\u00eda Nacional Saudita, con Cristiano Ronaldo como protagonista\" src=\"http:\/\/hoycordobaweb.com\/wp-content\/uploads\/2023\/09\/grave-acusacion-sobre-benzema-5.jpg\" width=\"290\" height=\"290\" decoding=\"async\" data-nimg=\"future\" loading=\"lazy\"><\/picture>\n<p><span>Mir\u00e1 tambi\u00e9n<\/span><\/p>\n<hr>\n<h3>El curioso video del Al-Nassr por el D\u00eda Nacional Saudita, con Cristiano Ronaldo como protagonista<\/h3>\n<\/p>\n<\/section>\n<\/div>\n<\/div>\n","protected":false},"excerpt":{"rendered":"<p>24\/09\/2023 11:54hs. Jordan Bardella, mano derecha de Marine Le Pen y actual presidente del ultraderechista Agrupaci\u00f3n Nacional (RN), consider\u00f3 que Karim Benzema, legendario delantero franc\u00e9s que juega en Arabia Saud\u00ed, es \u00abun amigo de la ideolog\u00eda islamista\u00bb. \u00abHay que distinguir la obra del individuo, seguramente ha sido uno de los mejores futbolistas franceses, pero es [&hellip;]<\/p>\n","protected":false},"author":1,"featured_media":67105,"comment_status":"open","ping_status":"closed","sticky":false,"template":"","format":"standard","meta":[],"categories":[16],"tags":[],"_links":{"self":[{"href":"http:\/\/hoycordobaweb.com\/index.php\/wp-json\/wp\/v2\/posts\/67104"}],"collection":[{"href":"http:\/\/hoycordobaweb.com\/index.php\/wp-json\/wp\/v2\/posts"}],"about":[{"href":"http:\/\/hoycordobaweb.com\/index.php\/wp-json\/wp\/v2\/types\/post"}],"author":[{"embeddable":true,"href":"http:\/\/hoycordobaweb.com\/index.php\/wp-json\/wp\/v2\/users\/1"}],"replies":[{"embeddable":true,"href":"http:\/\/hoycordobaweb.com\/index.php\/wp-json\/wp\/v2\/comments?post=67104"}],"version-history":[{"count":0,"href":"http:\/\/hoycordobaweb.com\/index.php\/wp-json\/wp\/v2\/posts\/67104\/revisions"}],"wp:featuredmedia":[{"embeddable":true,"href":"http:\/\/hoycordobaweb.com\/index.php\/wp-json\/wp\/v2\/media\/67105"}],"wp:attachment":[{"href":"http:\/\/hoycordobaweb.com\/index.php\/wp-json\/wp\/v2\/media?parent=67104"}],"wp:term":[{"taxonomy":"category","embeddable":true,"href":"http:\/\/hoycordobaweb.com\/index.php\/wp-json\/wp\/v2\/categories?post=67104"},{"taxonomy":"post_tag","embeddable":true,"href":"http:\/\/hoycordobaweb.com\/index.php\/wp-json\/wp\/v2\/tags?post=67104"}],"curies":[{"name":"wp","href":"https:\/\/api.w.org\/{rel}","templated":true}]}}