{"id":67098,"date":"2023-09-24T16:44:32","date_gmt":"2023-09-24T16:44:32","guid":{"rendered":"https:\/\/www.ole.com.ar\/futbol-internacional\/italia\/martinez-quarta-goleador-fiorentina-gol-udinese_0_MnTd5xlQ0s.html"},"modified":"2023-09-24T16:44:32","modified_gmt":"2023-09-24T16:44:32","slug":"martinez-quarta-en-modo-goleador-segundo-grito-al-hilo-en-fiorentina","status":"publish","type":"post","link":"http:\/\/hoycordobaweb.com\/index.php\/2023\/09\/24\/martinez-quarta-en-modo-goleador-segundo-grito-al-hilo-en-fiorentina\/","title":{"rendered":"Mart\u00ednez Quarta en modo goleador: segundo grito al hilo en Fiorentina"},"content":{"rendered":"<p><img src=\"http:\/\/hoycordobaweb.com\/wp-content\/uploads\/2023\/09\/martinez-quarta-en-modo-goleador-segundo-grito-al-hilo-en-fiorentina.jpg\"><\/p>\n<p><time class=\"createDate\" datetime=\"2023-09-24T13:44:32-03:00\">24\/09\/2023 13:44hs.<\/time><time class=\"modificatedDate\" datetime=\"2023-09-24T13:44:31-03:00\"><\/time><\/p>\n<div id=\"storyBody\">\n<div class=\"custom-text \" readability=\"11.849180327869\">\n<p>La Fiorentina, que en el \u00faltimo mercado de pases compr\u00f3 a Lucas Beltr\u00e1n, disfruta de un gran arranque de temporada gracias a los goles de otro ex <a href=\"https:\/\/www.ole.com.ar\/tema\/river-plate.html\" title=\"River Plate\" alt=\"River Plate\" class=\"slug\">River<\/a>. Se trata de <a href=\"https:\/\/www.ole.com.ar\/tema\/lucas-martinez-quarta.html\" title=\"Lucas Mart\u00ednez Quarta\" alt=\"Lucas Mart\u00ednez Quarta\" class=\"slug\">Lucas Mart\u00ednez Quarta<\/a>, que ven\u00eda de meterla en la victoria frente a Atalanta y<strong> este domingo repiti\u00f3 en el 2-0 a domicilio con Udinese.<\/strong><\/p>\n<\/div>\n<div class=\"custom-text \" readability=\"12\">\n<p>MQ mostr\u00f3 el camino de la victoria cuando, sobre la media hora de juego, <strong>pic\u00f3 como un delantero por la banda derecha y defini\u00f3 con mucha jerarqu\u00eda:<\/strong> control preciso, poder\u00edo f\u00edsico para aguantar la marca y remate cruzado al segundo palo. Golazo.<\/p>\n<\/div>\n<div class=\"custom-text \" readability=\"14.606557377049\">\n<p>Adem\u00e1s de Mart\u00ednez Quarta, que disput\u00f3 los 90 minutos<strong>, en la Fiore ingres\u00f3 <a href=\"https:\/\/www.ole.com.ar\/tema\/lucas-beltran.html\" title=\"Lucas Beltr\u00e1n\" alt=\"Lucas Beltr\u00e1n\" class=\"slug\">Beltr\u00e1n <\/a>a los 64&#8242;.<\/strong> Por su parte, Gino Infantino fue suplente y Nico Gonz\u00e1lez se lo perdi\u00f3 por lesi\u00f3n. Por el lado de Udinese, Nehu\u00e9n P\u00e9rez y Mart\u00edn Payero fueron titulares, mientras que el Tucu Pereyra entr\u00f3 a los 74&#8242;.<\/p>\n<\/div>\n<div class=\"custom-text \" readability=\"11\">\n<p>Fiorentina lo termin\u00f3 ganando 2-0 con un remate de Bonaventura desde afuera del \u00e1rea en el tiempo a\u00f1adido y <strong>se trep\u00f3 a la quinta posici\u00f3n de la tabla en la Serie A <\/strong>(a cinco puntos del l\u00edder Inter), en zona de clasificaci\u00f3n a la pr\u00f3xima Europa League. Solamente dos veces en la historia tuvo un arranque mejor de temporada.<\/p>\n<\/div>\n<div class=\"sc-7ce6049-0 dwIKul\">\n<div class=\"sc-7ce6049-1 bdcBBS videoText\" id=\"contentTitleundefinedsuZKRBWA\" readability=\"6\"><svg fill=\"#ffffff\"><symbol id=\"play\" viewBox=\"0 0 512 512\"><path d=\"M512 256C512 397.4 397.4 512 256 512C114.6 512 0 397.4 0 256C0 114.6 114.6 0 256 0C397.4 0 512 114.6 512 256zM176 168V344C176 352.7 180.7 360.7 188.3 364.9C195.8 369.2 205.1 369 212.5 364.5L356.5 276.5C363.6 272.1 368 264.4 368 256C368 247.6 363.6 239.9 356.5 235.5L212.5 147.5C205.1 142.1 195.8 142.8 188.3 147.1C180.7 151.3 176 159.3 176 168V168z\" \/><\/symbol><use xlink:href=\"#play\" \/><\/svg><\/p>\n<div class=\"right\" readability=\"7\">\n<p>Lucas Mart\u00ednez Quarta<!-- --> &#8211;<!-- --> <span>24-9-2023<\/span><\/p>\n<h2 class=\"title-vid\">Golazo de Mart\u00ednez Quarta para Fiorentina<\/h2>\n<\/div>\n<\/div>\n<p><span class=\"back\" id=\"spanBackundefinedsuZKRBWA\"><\/span><\/div>\n<div class=\"custom-text \" readability=\"12\">\n<p>Todo lo contrario ocurre con Udinese, que sigue sin poder sumar de a tres en cinco fechas disputadas (tres empates y dos derrotas) y se hunde en la zona de descenso. Adem\u00e1s, <strong>convirti\u00f3 apenas un gol en lo que va de la temporada, lo que ya significa el peor registro en toda su historia.<\/strong><\/p>\n<\/div>\n<div class=\"sc-a7166897-0 exHLBh\" readability=\"6\">\n<section readability=\"2\"><picture><img alt=\"El Inter de Lautaro Mart\u00ednez lo gan\u00f3 con un golazo y es l\u00edder perfecto en Italia\" src=\"http:\/\/hoycordobaweb.com\/wp-content\/uploads\/2023\/09\/martinez-quarta-en-modo-goleador-segundo-grito-al-hilo-en-fiorentina-2.jpg\" width=\"290\" height=\"290\" decoding=\"async\" data-nimg=\"future\" loading=\"lazy\"><\/picture>\n<p><span>Mir\u00e1 tambi\u00e9n<\/span><\/p>\n<hr>\n<h3>El Inter de Lautaro Mart\u00ednez lo gan\u00f3 con un golazo y es l\u00edder perfecto en Italia<\/h3>\n<\/p>\n<\/section>\n<\/div>\n<div class=\"sc-a7166897-0 exHLBh\" readability=\"6\">\n<section readability=\"2\"><picture><img alt=\"El presidente del PSG le sali\u00f3 al cruce a Leo Messi\" src=\"http:\/\/hoycordobaweb.com\/wp-content\/uploads\/2023\/09\/martinez-quarta-en-modo-goleador-segundo-grito-al-hilo-en-fiorentina-3.jpg\" width=\"290\" height=\"290\" decoding=\"async\" data-nimg=\"future\" loading=\"lazy\"><\/picture>\n<p><span>Mir\u00e1 tambi\u00e9n<\/span><\/p>\n<hr>\n<h3>El presidente del PSG le sali\u00f3 al cruce a Leo Messi<\/h3>\n<\/p>\n<\/section>\n<\/div>\n<div class=\"sc-a7166897-0 exHLBh\" readability=\"6\">\n<section readability=\"2\"><picture><img alt=\"Tottenham sum\u00f3 en un derbi olvidable del Cuti Romero: penal y gol en contra\" src=\"http:\/\/hoycordobaweb.com\/wp-content\/uploads\/2023\/09\/martinez-quarta-en-modo-goleador-segundo-grito-al-hilo-en-fiorentina-4.jpg\" width=\"290\" height=\"290\" decoding=\"async\" data-nimg=\"future\" loading=\"lazy\"><\/picture>\n<p><span>Mir\u00e1 tambi\u00e9n<\/span><\/p>\n<hr>\n<h3>Tottenham sum\u00f3 en un derbi olvidable del Cuti Romero: penal y gol en contra<\/h3>\n<\/p>\n<\/section>\n<\/div>\n<div class=\"sc-e7b891c4-0 jPbnQF\"><img alt=\"MQ defini\u00f3 cruzado para el 1-0 de Fiorentina (EFE).\" src=\"http:\/\/hoycordobaweb.com\/wp-content\/uploads\/2023\/09\/martinez-quarta-en-modo-goleador-segundo-grito-al-hilo-en-fiorentina-5.jpg\" width=\"720\" height=\"100\" decoding=\"async\" data-nimg=\"future\" loading=\"lazy\"><span class=\"epigraphe\">MQ defini\u00f3 cruzado para el 1-0 de Fiorentina (EFE).<\/span><\/div>\n<p><h2><strong>Las estad\u00edsticas del partido<\/strong><\/h2>\n<\/p>\n<\/div>\n","protected":false},"excerpt":{"rendered":"<p>24\/09\/2023 13:44hs. La Fiorentina, que en el \u00faltimo mercado de pases compr\u00f3 a Lucas Beltr\u00e1n, disfruta de un gran arranque de temporada gracias a los goles de otro ex River. Se trata de Lucas Mart\u00ednez Quarta, que ven\u00eda de meterla en la victoria frente a Atalanta y este domingo repiti\u00f3 en el 2-0 a domicilio [&hellip;]<\/p>\n","protected":false},"author":1,"featured_media":67099,"comment_status":"open","ping_status":"closed","sticky":false,"template":"","format":"standard","meta":[],"categories":[16],"tags":[],"_links":{"self":[{"href":"http:\/\/hoycordobaweb.com\/index.php\/wp-json\/wp\/v2\/posts\/67098"}],"collection":[{"href":"http:\/\/hoycordobaweb.com\/index.php\/wp-json\/wp\/v2\/posts"}],"about":[{"href":"http:\/\/hoycordobaweb.com\/index.php\/wp-json\/wp\/v2\/types\/post"}],"author":[{"embeddable":true,"href":"http:\/\/hoycordobaweb.com\/index.php\/wp-json\/wp\/v2\/users\/1"}],"replies":[{"embeddable":true,"href":"http:\/\/hoycordobaweb.com\/index.php\/wp-json\/wp\/v2\/comments?post=67098"}],"version-history":[{"count":0,"href":"http:\/\/hoycordobaweb.com\/index.php\/wp-json\/wp\/v2\/posts\/67098\/revisions"}],"wp:featuredmedia":[{"embeddable":true,"href":"http:\/\/hoycordobaweb.com\/index.php\/wp-json\/wp\/v2\/media\/67099"}],"wp:attachment":[{"href":"http:\/\/hoycordobaweb.com\/index.php\/wp-json\/wp\/v2\/media?parent=67098"}],"wp:term":[{"taxonomy":"category","embeddable":true,"href":"http:\/\/hoycordobaweb.com\/index.php\/wp-json\/wp\/v2\/categories?post=67098"},{"taxonomy":"post_tag","embeddable":true,"href":"http:\/\/hoycordobaweb.com\/index.php\/wp-json\/wp\/v2\/tags?post=67098"}],"curies":[{"name":"wp","href":"https:\/\/api.w.org\/{rel}","templated":true}]}}