{"id":67096,"date":"2023-09-24T17:11:51","date_gmt":"2023-09-24T17:11:51","guid":{"rendered":"https:\/\/www.ole.com.ar\/ecuador\/la-tri\/diego-martinez-vamos-seguir-evaluando-chicos-convocatoria-mundial-sub-17_0_3JkQCOlHye.html"},"modified":"2023-09-24T17:11:51","modified_gmt":"2023-09-24T17:11:51","slug":"diego-martinez-vamos-a-seguir-evaluando-a-los-chicos-para-la-convocatoria-del-mundial","status":"publish","type":"post","link":"http:\/\/hoycordobaweb.com\/index.php\/2023\/09\/24\/diego-martinez-vamos-a-seguir-evaluando-a-los-chicos-para-la-convocatoria-del-mundial\/","title":{"rendered":"Diego Mart\u00ednez: \u00abVamos a seguir evaluando a los chicos para la convocatoria del Mundial\u00bb"},"content":{"rendered":"<p><img src=\"http:\/\/hoycordobaweb.com\/wp-content\/uploads\/2023\/09\/diego-martinez-vamos-a-seguir-evaluando-a-los-chicos-para-la-convocatoria-del-mundial.jpg\"><\/p>\n<p><time class=\"createDate\" datetime=\"2023-09-24T14:11:51-03:00\">24\/09\/2023 14:11hs.<\/time><time class=\"modificatedDate\" datetime=\"2023-09-24T14:11:51-03:00\"><\/time><\/p>\n<div id=\"storyBody\">\n<div class=\"custom-text \" readability=\"35.077922077922\">\n<p>La puesta a punto de <a href=\"https:\/\/www.ole.com.ar\/tema\/la-tri.html\" title=\"La Tri\" alt=\"La Tri\" class=\"slug\">La Tri Sub 17<\/a> para el <a href=\"https:\/\/www.ole.com.ar\/tema\/mundial-sub-17.html\" title=\"Mundial Sub 17\" alt=\"Mundial Sub 17\" class=\"slug\">Mundial<\/a> que se jugar\u00e1 en Indonesia contin\u00faa y actualmente se encuentran en un microciclo en la Casa de la Selecci\u00f3n bajo el mando del entrenador Diego Mart\u00ednez. <strong>Este s\u00e1bado disputaron un partido amistoso ante Panam\u00e1, Selecci\u00f3n que ser\u00e1 rival en el Grupo A de la Copa del Mundo, en el que consiguieron una contundente victoria por 4-0.<\/strong><\/p>\n<\/div>\n<div class=\"custom-text \" readability=\"36\">\n<p>Un doblete de Michael Berm\u00fadez y los goles de Elkin Ruiz y Erick Zambrano sellaron la goleada para La Tri. El equipo de Diego Mart\u00ednez tiene muy aceitada la idea de juego y esperan llegar al Mundial de la mejor manera. <strong>En los \u00faltimos meses el DT ha probado varios jugadores para poder realizar la mejor convocatoria y a menos de dos meses de la Copa del Mundo, Mart\u00ednez seguir\u00e1 evaluando nombres.<\/strong><\/p>\n<\/div>\n<div class=\"custom-text \" readability=\"37\">\n<p>\u00ab<strong>Muy contentos de c\u00f3mo sali\u00f3 (el partido). Creo que tuvimos un buen rendimiento, seguimos observando a los chicos convocados y fue un lindo espacio para eso, adem\u00e1s con la gente que vino nos pone contentos<\/strong>\u00ab, declar\u00f3 Mart\u00ednez para el departamento de prensa de la FEF tras el amistoso.<\/p>\n<\/div>\n<div class=\"custom-text \" readability=\"39\">\n<p>\u00abSirve para empezar a conocer un rival del Mundial, lo hab\u00edamos pactado antes del sorteo y ya estaba todo organizado. Ambas selecciones decidimos que iba a ser algo positivo y estamos aprovechando el momento. <strong>Debutaron cinco chicos, es importante que lo hagan con gente, les sirve tener gente en el estadio que nos ponga un poco de presi\u00f3n y nos apoyen<\/strong>\u00ab, a\u00f1adi\u00f3.<\/p>\n<\/div>\n<div class=\"sc-e7b891c4-0 jPbnQF\"><img alt=\"Diego Mart\u00ednez, entrenador de La Tri Sub 17. (Prensa FEF)\" src=\"http:\/\/hoycordobaweb.com\/wp-content\/uploads\/2023\/09\/diego-martinez-vamos-a-seguir-evaluando-a-los-chicos-para-la-convocatoria-del-mundial-2.jpg\" width=\"720\" height=\"100\" decoding=\"async\" data-nimg=\"future\" loading=\"lazy\"><span class=\"epigraphe\">Diego Mart\u00ednez, entrenador de La Tri Sub 17. (Prensa FEF)<\/span><\/div>\n<div class=\"custom-text \" readability=\"37\">\n<p>\u00abA la gente agradecerle porque vinieron bastantes y el apoyo y cari\u00f1o de ellos lo recibimos con mucha alegr\u00eda. <strong>Vamos a seguir evaluando los chicos, dar oportunidad a los que no sumaron tantos minutos que lo puedan hacer el martes y as\u00ed hacer una evaluaci\u00f3n consciente de la convocatoria<\/strong>\u00ab, finaliz\u00f3 el DT.<\/p>\n<\/div>\n<p><h2><strong>Pr\u00f3ximo amistoso de La Tri Sub 17<\/strong><\/h2>\n<\/p>\n<div class=\"custom-text \" readability=\"34\">\n<p>Este martes 26 de septiembre, los dirigidos por Diego Mart\u00ednez se volver\u00e1n a ver las caras con Panam\u00e1 a las 10 en el Ol\u00edmpico Atahualpa. <\/p>\n<\/div>\n<div class=\"sc-e7b891c4-0 jPbnQF\"><img alt=\"Kenny Arroyo y Michael Berm\u00fadez. (Prensa FEF)\" src=\"http:\/\/hoycordobaweb.com\/wp-content\/uploads\/2023\/09\/diego-martinez-vamos-a-seguir-evaluando-a-los-chicos-para-la-convocatoria-del-mundial-3.jpg\" width=\"720\" height=\"100\" decoding=\"async\" data-nimg=\"future\" loading=\"lazy\"><span class=\"epigraphe\">Kenny Arroyo y Michael Berm\u00fadez. (Prensa FEF)<\/span><\/div>\n<div class=\"custom-text \" readability=\"32\">\n<p><strong>El grupo y fixture de La Tri en el Mundial Sub 17<\/strong><\/p>\n<\/div>\n<div class=\"custom-text \" readability=\"37\">\n<p>Los de Diego Mart\u00ednez, que clasificaron al certamen tras finalizar segundos en el hexagonal del Sudamericano donde fueron locales, integrar\u00e1n el Grupo A de la Copa del Mundo junto a Indonesia, Panam\u00e1 y Marruecos.<\/p>\n<\/div>\n<div class=\"custom-text \" readability=\"37\">\n<p>Tal como sucedi\u00f3 en Qatar 2022, La Tri ser\u00e1 protagonista de la patada inicial y ante los ojos de todo el mundo. El Viernes 10 del ante\u00faltimo mes del a\u00f1o es la gran cita, que comenzar\u00e1 a las 07:00 (horario de Ecuador) y en un seguramente concurrido Estadio Gelora Bung Tomo, en Surabaya.<\/p>\n<\/div>\n<div class=\"custom-text \" readability=\"36\">\n<p>Con la esperanza de contar con tres unidades en la tabla, los comandados por Diego Mart\u00ednez volver\u00e1n a jugar frente a Marruecos. \u00bfCu\u00e1ndo? El lunes 13 de noviembre en la misma cancha. Eso s\u00ed, habr\u00e1 que madrugar ya que el cotejo comienza a las 4:00.<\/p>\n<\/div>\n<div class=\"custom-text \" readability=\"35\">\n<p>De obtener los seis puntos -el panorama ideal- Ecuador estar\u00eda clasificado y deber\u00eda cumplir con el cronograma en la zona de grupos frente a Panam\u00e1: jueves 16 de noviembre a las 7:00 y en el Estadio Manahan, Surakarta.<\/p>\n<\/div>\n<div class=\"sc-a7166897-0 exHLBh\" readability=\"6.5\">\n<section readability=\"3\"><picture><img alt=\"Con asistencia de Pervis, el Brighton volvi\u00f3 a la victoria\" src=\"http:\/\/hoycordobaweb.com\/wp-content\/uploads\/2023\/09\/diego-martinez-vamos-a-seguir-evaluando-a-los-chicos-para-la-convocatoria-del-mundial-4.jpg\" width=\"290\" height=\"290\" decoding=\"async\" data-nimg=\"future\" loading=\"lazy\"><\/picture>\n<p><span>Mir\u00e1 tambi\u00e9n<\/span><\/p>\n<hr>\n<h3>Con asistencia de Pervis, el Brighton volvi\u00f3 a la victoria<\/h3>\n<\/p>\n<\/section>\n<\/div>\n<div class=\"sc-a7166897-0 exHLBh\" readability=\"6.5\">\n<section readability=\"3\"><picture><img alt=\"Club Atl\u00e9tico Vinotinto: los detalles del equipo que sue\u00f1a en grande y busca superar a IDV\" src=\"http:\/\/hoycordobaweb.com\/wp-content\/uploads\/2023\/09\/diego-martinez-vamos-a-seguir-evaluando-a-los-chicos-para-la-convocatoria-del-mundial-5.jpg\" width=\"290\" height=\"290\" decoding=\"async\" data-nimg=\"future\" loading=\"lazy\"><\/picture>\n<p><span>Mir\u00e1 tambi\u00e9n<\/span><\/p>\n<hr>\n<h3>Club Atl\u00e9tico Vinotinto: los detalles del equipo que sue\u00f1a en grande y busca superar a IDV<\/h3>\n<\/p>\n<\/section>\n<\/div>\n<div class=\"sc-a7166897-0 exHLBh\" readability=\"6\">\n<section readability=\"2\"><picture><img alt=\"Antonio Valencia se reencontr\u00f3 con Wayne Rooney\" src=\"http:\/\/hoycordobaweb.com\/wp-content\/uploads\/2023\/09\/diego-martinez-vamos-a-seguir-evaluando-a-los-chicos-para-la-convocatoria-del-mundial-6.jpg\" width=\"290\" height=\"290\" decoding=\"async\" data-nimg=\"future\" loading=\"lazy\"><\/picture>\n<p><span>Mir\u00e1 tambi\u00e9n<\/span><\/p>\n<hr>\n<h3>Antonio Valencia se reencontr\u00f3 con Wayne Rooney<\/h3>\n<\/p>\n<\/section>\n<\/div>\n<div class=\"sc-a7166897-0 exHLBh\" readability=\"6\">\n<section readability=\"2\"><picture><img alt=\"El Chelsea de Caicedo perdi\u00f3 y alcanz\u00f3 el peor arranque liguero en su historia\" src=\"http:\/\/hoycordobaweb.com\/wp-content\/uploads\/2023\/09\/diego-martinez-vamos-a-seguir-evaluando-a-los-chicos-para-la-convocatoria-del-mundial-7.jpg\" width=\"290\" height=\"290\" decoding=\"async\" data-nimg=\"future\" loading=\"lazy\"><\/picture>\n<p><span>Mir\u00e1 tambi\u00e9n<\/span><\/p>\n<hr>\n<h3>El Chelsea de Caicedo perdi\u00f3 y alcanz\u00f3 el peor arranque liguero en su historia<\/h3>\n<\/p>\n<\/section>\n<\/div>\n<div class=\"sc-a7166897-0 exHLBh\" readability=\"6\">\n<section readability=\"2\"><picture><img alt=\"Liga de Quito llegar\u00e1 con m\u00e1s descanso a la revancha contra Defensa y Justicia\" src=\"http:\/\/hoycordobaweb.com\/wp-content\/uploads\/2023\/09\/diego-martinez-vamos-a-seguir-evaluando-a-los-chicos-para-la-convocatoria-del-mundial-8.jpg\" width=\"290\" height=\"290\" decoding=\"async\" data-nimg=\"future\" loading=\"lazy\"><\/picture>\n<p><span>Mir\u00e1 tambi\u00e9n<\/span><\/p>\n<hr>\n<h3>Liga de Quito llegar\u00e1 con m\u00e1s descanso a la revancha contra Defensa y Justicia<\/h3>\n<\/p>\n<\/section>\n<\/div>\n<\/div>\n","protected":false},"excerpt":{"rendered":"<p>24\/09\/2023 14:11hs. La puesta a punto de La Tri Sub 17 para el Mundial que se jugar\u00e1 en Indonesia contin\u00faa y actualmente se encuentran en un microciclo en la Casa de la Selecci\u00f3n bajo el mando del entrenador Diego Mart\u00ednez. Este s\u00e1bado disputaron un partido amistoso ante Panam\u00e1, Selecci\u00f3n que ser\u00e1 rival en el Grupo [&hellip;]<\/p>\n","protected":false},"author":1,"featured_media":67097,"comment_status":"open","ping_status":"closed","sticky":false,"template":"","format":"standard","meta":[],"categories":[16],"tags":[],"_links":{"self":[{"href":"http:\/\/hoycordobaweb.com\/index.php\/wp-json\/wp\/v2\/posts\/67096"}],"collection":[{"href":"http:\/\/hoycordobaweb.com\/index.php\/wp-json\/wp\/v2\/posts"}],"about":[{"href":"http:\/\/hoycordobaweb.com\/index.php\/wp-json\/wp\/v2\/types\/post"}],"author":[{"embeddable":true,"href":"http:\/\/hoycordobaweb.com\/index.php\/wp-json\/wp\/v2\/users\/1"}],"replies":[{"embeddable":true,"href":"http:\/\/hoycordobaweb.com\/index.php\/wp-json\/wp\/v2\/comments?post=67096"}],"version-history":[{"count":0,"href":"http:\/\/hoycordobaweb.com\/index.php\/wp-json\/wp\/v2\/posts\/67096\/revisions"}],"wp:featuredmedia":[{"embeddable":true,"href":"http:\/\/hoycordobaweb.com\/index.php\/wp-json\/wp\/v2\/media\/67097"}],"wp:attachment":[{"href":"http:\/\/hoycordobaweb.com\/index.php\/wp-json\/wp\/v2\/media?parent=67096"}],"wp:term":[{"taxonomy":"category","embeddable":true,"href":"http:\/\/hoycordobaweb.com\/index.php\/wp-json\/wp\/v2\/categories?post=67096"},{"taxonomy":"post_tag","embeddable":true,"href":"http:\/\/hoycordobaweb.com\/index.php\/wp-json\/wp\/v2\/tags?post=67096"}],"curies":[{"name":"wp","href":"https:\/\/api.w.org\/{rel}","templated":true}]}}