{"id":67092,"date":"2023-09-24T17:16:13","date_gmt":"2023-09-24T17:16:13","guid":{"rendered":"https:\/\/www.ole.com.ar\/futbol-primera\/racing-godoy-cruz-gago_0_1xRmFGqSGv.html"},"modified":"2023-09-24T17:16:13","modified_gmt":"2023-09-24T17:16:13","slug":"la-posible-formacion-del-racing-puntero-para-visitar-a-godoy-cruz-con-su-publico","status":"publish","type":"post","link":"http:\/\/hoycordobaweb.com\/index.php\/2023\/09\/24\/la-posible-formacion-del-racing-puntero-para-visitar-a-godoy-cruz-con-su-publico\/","title":{"rendered":"La posible formaci\u00f3n del Racing puntero para visitar a Godoy Cruz, con su p\u00fablico"},"content":{"rendered":"<p><img src=\"http:\/\/hoycordobaweb.com\/wp-content\/uploads\/2023\/09\/la-posible-formacion-del-racing-puntero-para-visitar-a-godoy-cruz-con-su-publico.jpg\"><\/p>\n<p><time class=\"createDate\" datetime=\"2023-09-24T14:16:13-03:00\">24\/09\/2023 14:16hs.<\/time><time class=\"modificatedDate\" datetime=\"2023-09-24T14:16:13-03:00\"><\/time><\/p>\n<div id=\"storyBody\">\n<div class=\"custom-text \" readability=\"35.255434782609\">\n<p><strong>Inexorablemente, una parte importante de la mente de <a href=\"https:\/\/www.ole.com.ar\/tema\/racing.html\" title=\"Racing\" alt=\"Racing\" class=\"slug\">Racing<\/a> va m\u00e1s all\u00e1 y est\u00e1 puesta en el cl\u00e1sico de Avellaneda<\/strong>, que se jugar\u00e1 el s\u00e1bado en el Cilindro. Pero no por ello jugadores y cuerpo t\u00e9cnico menosprecian el cruce de ese lunes ante <a href=\"https:\/\/www.ole.com.ar\/tema\/godoy-cruz.html\" title=\"Godoy Cruz\" alt=\"Godoy Cruz\" class=\"slug\">Godoy Cruz<\/a>. Puntero en la Zona B de la <a href=\"https:\/\/www.ole.com.ar\/tema\/copa-liga-profesional.html\" title=\"Copa Liga Profesional\" alt=\"Copa Liga Profesional\" class=\"slug\">Copa Liga Profesiona<\/a>l, la \u00fanica competencia que le queda a la Academia hasta fin de a\u00f1o,<strong> viaj\u00f3 a Mendoza con la ambici\u00f3n de un triunfo que le permita seguir en lo m\u00e1s alto y que lo deje a s\u00f3lo tres unidades de la zona de clasificaci\u00f3n para la<\/strong><a href=\"https:\/\/www.ole.com.ar\/futbol-primera\/clasificacion-copas-2024-libertadores-sudamericana-fecha-6_0_JZOp4ffmvL.html\" target=\"_self\" title=\" Libertadores 2024\" alt=\" Libertadores 2024\" rel=\"noopener noreferrer\">Libertadores 2024<\/a>.<\/p>\n<\/div>\n<div class=\"custom-text \" readability=\"39.097222222222\">\n<p><strong>Hoy en zona de Sudamericana, el equipo de<a href=\"https:\/\/www.ole.com.ar\/tema\/fernando-gago.html\" title=\"Fernando Gago\" alt=\"Fernando Gago\" class=\"slug\"> Fernando Gago<\/a> buscar\u00e1 revalidar el ag\u00f3nico triunfo por 2-1 sobre Newell&#8217;s y llegar con la confianza bien nutrida al cruce con el Rojo.<\/strong> Racing no puede relejarse, mucho menos en un estadio Malvinas Argentinas donde perdi\u00f3 en sus \u00faltimas dos presentaciones. En marzo de este a\u00f1o perdi\u00f3 2-0 (goles de To,\u00e1s Conechny y Salom\u00f3n Rodr\u00edguez) y en junio de 2022 cay\u00f3 por el mismo resultado, con doblete de Salom\u00f3n Rodr\u00edguez). Como punto a favor, los jugadores de la Acad\u00e9 no estar\u00e1n solos: contar\u00e1n con presencia de su p\u00fablico.<\/p>\n<\/div>\n<p><h2>La baja de Sigali en Mendoza<\/h2>\n<\/p>\n<div class=\"custom-text \" readability=\"36.834355828221\">\n<p><strong>En cuanto al armado del equipo, Pintita deber\u00e1 recomponer la defensa por la ausencia de <a href=\"https:\/\/www.ole.com.ar\/tema\/leonardo-sigali.html\" title=\"Leonardo Sigali\" alt=\"Leonardo Sigali\" class=\"slug\">Leonardo Sigali<\/a>. <\/strong>El capit\u00e1n ven\u00eda de una sobrecarga en un isquiotibial y a eso se le sum\u00f3 un edema en el m\u00fasculo piramidal (en la zona de la cadera). Durante la semana se entren\u00f3 de manera diferenciada y qued\u00f3 afuera de la lista de citados, con el optimismo de poder llegar al derbi de la ciudad. Hoy su presencia no est\u00e1 asegurada, en Racing conf\u00edan en que el Oso podr\u00e1 actuar en ese duelo.<\/p>\n<\/div>\n<div class=\"custom-text \" readability=\"38.18018018018\">\n<p><strong>Ausente Sigali, en el Malvinas Argentinas seguir\u00e1 de arranque Nazareno<a href=\"https:\/\/www.ole.com.ar\/tema\/nazareno-colombo.html\" title=\"Nazareno Colombo\" alt=\"Nazareno Colombo\" class=\"slug\"> Colombo<\/a>.<\/strong> Si Gago regresa a la l\u00ednea de cuatro atr\u00e1s, el central formar\u00e1 dupla con Gonzalo Piovi. Y en el caso de que se mantenga los tres en el fondo, estar\u00e1 junto a otros dos zagueros (as\u00ed ingresar\u00eda Tob\u00edas Rubio, Santiago Quir\u00f3s o Nicol\u00e1s Kozlovsky).<\/p>\n<\/div>\n<div class=\"sc-e7b891c4-0 jPbnQF\"><img alt=\"Leonardo Sigali est\u00e1 descartado para el partido ante Godoy Cruz. Foto: @RacingClub\" src=\"http:\/\/hoycordobaweb.com\/wp-content\/uploads\/2023\/09\/la-posible-formacion-del-racing-puntero-para-visitar-a-godoy-cruz-con-su-publico-2.jpg\" width=\"720\" height=\"100\" decoding=\"async\" data-nimg=\"future\" loading=\"lazy\"><span class=\"epigraphe\">Leonardo Sigali est\u00e1 descartado para el partido ante Godoy Cruz. Foto: @RacingClub<\/span><\/div>\n<div class=\"custom-text \" readability=\"39.205834683955\">\n<p><strong>En el medio, a su vez, todo conduce a que <a href=\"https:\/\/www.ole.com.ar\/tema\/anibal-moreno.html\" title=\"An\u00edbal Moreno\" alt=\"An\u00edbal Moreno\" class=\"slug\">An\u00edbal Moreno <\/a>tambi\u00e9n se quedara en Buenos Aires.<\/strong> El volante s\u00f3lo en un d\u00eda de la semana hizo algunas tareas a la par del resto y el cuerpo t\u00e9cnico lo preservar\u00eda para que sea titular contra Independiente. Entonces, Juan Nardoni ser\u00e1 el volante central en un 4-3-3 o doble cinco (con Jonatan G\u00f3mez) en un eventual 3-4-3. A su vez, cuando parec\u00eda que no llegar\u00eda, <a href=\"https:\/\/www.ole.com.ar\/tema\/nicolas-oroz.html\" title=\"Nicol\u00e1s Oroz\" alt=\"Nicol\u00e1s Oroz\" class=\"slug\">Nicol\u00e1s Oroz<\/a> super\u00f3 una sobrecarga en el s\u00f3leo de la pierna derecha y este domingo se entren\u00f3 con normalidad por primera vez en la semana. Se subir\u00e1 al avi\u00f3n, pero ir\u00eda al banco de los suplentes.<\/p>\n<\/div>\n<div class=\"sc-e7b891c4-0 jPbnQF\"><img alt=\"Oroz super\u00f3 una sobrecarga y estar\u00e1 en Mendoza, aunque ir\u00eda al banco. Fotobaires\" src=\"http:\/\/hoycordobaweb.com\/wp-content\/uploads\/2023\/09\/la-posible-formacion-del-racing-puntero-para-visitar-a-godoy-cruz-con-su-publico-3.jpg\" width=\"720\" height=\"100\" decoding=\"async\" data-nimg=\"future\" loading=\"lazy\"><span class=\"epigraphe\">Oroz super\u00f3 una sobrecarga y estar\u00e1 en Mendoza, aunque ir\u00eda al banco. Fotobaires<\/span><\/div>\n<p><h2>La posible formaci\u00f3n de Racing ante Godoy Cruz<\/h2>\n<\/p>\n<div class=\"custom-text \" readability=\"43\">\n<p>Como siempre, Gago les confirmar\u00e1 el equipo a sus dirigidos un par de horas antes del partido. Por lo pronto, estos ser\u00edan los 11 de inicio: <strong>Gabriel Arias; Gast\u00f3n Martirena, Nazareno Colombo, Gonzalo Piovi, Gabriel Rojas; Agust\u00edn Almendra o Baltasar Rodr\u00edguez, Juan Nardoni, Jonatan G\u00f3mez; Juanfer Quintero, Roger Mart\u00ednez y Agust\u00edn Ojeda.<\/strong><\/p>\n<\/div>\n<div class=\"sc-a7166897-0 exHLBh\" readability=\"6\">\n<section readability=\"2\"><picture><img alt=\"Martirena marc\u00f3 el objetivo de Racing: &quot;Tenemos la obligaci\u00f3n de salir campeones&quot;\" src=\"http:\/\/hoycordobaweb.com\/wp-content\/uploads\/2023\/09\/la-posible-formacion-del-racing-puntero-para-visitar-a-godoy-cruz-con-su-publico-4.jpg\" width=\"290\" height=\"290\" decoding=\"async\" data-nimg=\"future\" loading=\"lazy\"><\/picture>\n<p><span>Mir\u00e1 tambi\u00e9n<\/span><\/p>\n<hr>\n<h3>Martirena marc\u00f3 el objetivo de Racing: \u00abTenemos la obligaci\u00f3n de salir campeones\u00bb<\/h3>\n<\/p>\n<\/section>\n<\/div>\n<div class=\"sc-a7166897-0 exHLBh\" readability=\"7\">\n<section readability=\"4\"><picture><img alt=\"Racing tendr\u00e1 a su p\u00fablico en la visita a Godoy Cruz, tras los incidentes en el Malvinas \" src=\"http:\/\/hoycordobaweb.com\/wp-content\/uploads\/2023\/09\/la-posible-formacion-del-racing-puntero-para-visitar-a-godoy-cruz-con-su-publico-5.jpg\" width=\"290\" height=\"290\" decoding=\"async\" data-nimg=\"future\" loading=\"lazy\"><\/picture>\n<p><span>Mir\u00e1 tambi\u00e9n<\/span><\/p>\n<hr>\n<h3>Racing tendr\u00e1 a su p\u00fablico en la visita a Godoy Cruz, tras los incidentes en el Malvinas <\/h3>\n<\/p>\n<\/section>\n<\/div>\n<div class=\"sc-a7166897-0 exHLBh\" readability=\"6\">\n<section readability=\"2\"><picture><img alt=\"El Inter de Lautaro Mart\u00ednez lo gan\u00f3 con un golazo y es l\u00edder perfecto en Italia\" src=\"http:\/\/hoycordobaweb.com\/wp-content\/uploads\/2023\/09\/la-posible-formacion-del-racing-puntero-para-visitar-a-godoy-cruz-con-su-publico-6.jpg\" width=\"290\" height=\"290\" decoding=\"async\" data-nimg=\"future\" loading=\"lazy\"><\/picture>\n<p><span>Mir\u00e1 tambi\u00e9n<\/span><\/p>\n<hr>\n<h3>El Inter de Lautaro Mart\u00ednez lo gan\u00f3 con un golazo y es l\u00edder perfecto en Italia<\/h3>\n<\/p>\n<\/section>\n<\/div>\n<\/div>\n","protected":false},"excerpt":{"rendered":"<p>24\/09\/2023 14:16hs. Inexorablemente, una parte importante de la mente de Racing va m\u00e1s all\u00e1 y est\u00e1 puesta en el cl\u00e1sico de Avellaneda, que se jugar\u00e1 el s\u00e1bado en el Cilindro. Pero no por ello jugadores y cuerpo t\u00e9cnico menosprecian el cruce de ese lunes ante Godoy Cruz. Puntero en la Zona B de la Copa [&hellip;]<\/p>\n","protected":false},"author":1,"featured_media":67093,"comment_status":"open","ping_status":"closed","sticky":false,"template":"","format":"standard","meta":[],"categories":[16],"tags":[],"_links":{"self":[{"href":"http:\/\/hoycordobaweb.com\/index.php\/wp-json\/wp\/v2\/posts\/67092"}],"collection":[{"href":"http:\/\/hoycordobaweb.com\/index.php\/wp-json\/wp\/v2\/posts"}],"about":[{"href":"http:\/\/hoycordobaweb.com\/index.php\/wp-json\/wp\/v2\/types\/post"}],"author":[{"embeddable":true,"href":"http:\/\/hoycordobaweb.com\/index.php\/wp-json\/wp\/v2\/users\/1"}],"replies":[{"embeddable":true,"href":"http:\/\/hoycordobaweb.com\/index.php\/wp-json\/wp\/v2\/comments?post=67092"}],"version-history":[{"count":0,"href":"http:\/\/hoycordobaweb.com\/index.php\/wp-json\/wp\/v2\/posts\/67092\/revisions"}],"wp:featuredmedia":[{"embeddable":true,"href":"http:\/\/hoycordobaweb.com\/index.php\/wp-json\/wp\/v2\/media\/67093"}],"wp:attachment":[{"href":"http:\/\/hoycordobaweb.com\/index.php\/wp-json\/wp\/v2\/media?parent=67092"}],"wp:term":[{"taxonomy":"category","embeddable":true,"href":"http:\/\/hoycordobaweb.com\/index.php\/wp-json\/wp\/v2\/categories?post=67092"},{"taxonomy":"post_tag","embeddable":true,"href":"http:\/\/hoycordobaweb.com\/index.php\/wp-json\/wp\/v2\/tags?post=67092"}],"curies":[{"name":"wp","href":"https:\/\/api.w.org\/{rel}","templated":true}]}}