{"id":67062,"date":"2023-09-23T17:48:00","date_gmt":"2023-09-23T17:48:00","guid":{"rendered":"http:\/\/hoycordobaweb.com\/index.php\/2023\/09\/23\/la-onu-selecciono-la-obra-de-un-artista-rosarino-para-exhibirla-en-ginebra\/"},"modified":"2023-09-23T17:48:00","modified_gmt":"2023-09-23T17:48:00","slug":"la-onu-selecciono-la-obra-de-un-artista-rosarino-para-exhibirla-en-ginebra","status":"publish","type":"post","link":"http:\/\/hoycordobaweb.com\/index.php\/2023\/09\/23\/la-onu-selecciono-la-obra-de-un-artista-rosarino-para-exhibirla-en-ginebra\/","title":{"rendered":"La ONU seleccion\u00f3 la obra de un artista rosarino para exhibirla en Ginebra"},"content":{"rendered":"<p><img src=\"http:\/\/hoycordobaweb.com\/wp-content\/uploads\/2023\/09\/la-onu-selecciono-la-obra-de-un-artista-rosarino-para-exhibirla-en-ginebra.jpg\"><\/p>\n<figure class=\"mb-3\"><img loading=\"lazy\" data-src=\"http:\/\/hoycordobaweb.com\/wp-content\/uploads\/2023\/09\/la-onu-selecciono-la-obra-de-un-artista-rosarino-para-exhibirla-en-ginebra-2.jpg\" src=\"https:\/\/www.telam.com.ar\/assets\/img\/not_image.png\" class=\" lazy \" width=\"100%\" height=\"100%\" alt=\"La obra simboliza el grito de protesta contra la teora econmica del derrame Foto Sebastin Granata\"><figcaption> La obra simboliza el grito de protesta contra la teor\u00eda econ\u00f3mica del derrame \/ Foto: Sebasti\u00e1n Granata. <\/figcaption><\/figure>\n<p>La obra del artista pl\u00e1stico rosarino, Carlos Clementt, \u00abPobreza CEO\u00bb, que simboliza el grito de protesta contra la teor\u00eda econ\u00f3mica del derrame, ser\u00e1 exhibida entre el 10 y el 20 de octubre de este a\u00f1o en la sede de Naciones Unidas (ONU) en Ginebra (Suiza), tras ser elegida por ese organismo, entre m\u00e1s de 3.000 obras de todo el mundo.<\/p>\n<p>La obra fue seleccionada en la <strong>categor\u00eda Justicia Econ\u00f3mica<\/strong> en el marco de la convocatoria #ImagineEquality, que lanz\u00f3 el <strong>Instituto de Investigaci\u00f3n de Naciones Unidas para el Desarrollo Socia<\/strong>l (Unrisd), al cumplir los <strong>60 a\u00f1os de su fundaci\u00f3n.<\/strong><\/p>\n<p>La convocatoria mundial a los artistas se hizo a trav\u00e9s de las redes sociales bajo la consigna <a href=\"https:\/\/www.instagram.com\/explore\/tags\/imagineequality\/top\/\" target=\"_blank\" rel=\"noopener noreferrer\">\u00ab#ImagineEquality<\/a>: Liberar el poder de la imaginaci\u00f3n para crear un mundo mejor\u00bb, y es la primera vez que un artista pl\u00e1stico de la ciudad de Rosario, es elegido por la ONU, <strong>para exponer su arte a nivel internacional.<\/strong><\/p>\n<p>Del jurado participaron integrantes de la ONU y artistas internacionales y el resultado de la competencia fue anunciado por Unrisd el 18 de septiembre pasado.<\/p>\n<h2 class>La obra<\/h2>\n<p>La obra de Clementt consiste en un cuadro de un metro por un metro, hecho sobre chapadur, con collage y t\u00e9cnicas mixtas, que ser\u00e1 exhibida en Ginebra del 10 al 20 de agosto del este pr\u00f3ximo, seg\u00fan dijo el artista rosarino, de 67 a\u00f1os, a la agencia T\u00e9lam.<\/p>\n<p>\u00abMi particularidad es que pinto sobre soportes no convencionales, uso material que voy encontrando en la calle, que otros desechan, lo resignifico y luego convierto en obras de arte\u00bb, explic\u00f3 el artista.<\/p>\n<p>La convocatoria de la ONU le lleg\u00f3 hace dos meses \u00aby entonces decid\u00ed enviar un <strong>cuadro que realic\u00e9 en el a\u00f1o 2021<\/strong>, inspirado en los <strong>Panam\u00e1 Papers,<\/strong> las <strong>denuncias de evasi\u00f3n de impuestos y lavado de dinero<\/strong>\u00ab.<\/p>\n<figure class=\"mb-3\"><img loading=\"lazy\" data-src=\"http:\/\/hoycordobaweb.com\/wp-content\/uploads\/2023\/09\/la-onu-selecciono-la-obra-de-un-artista-rosarino-para-exhibirla-en-ginebra-3.jpg\" src=\"https:\/\/www.telam.com.ar\/assets\/img\/not_image.png\" class=\" lazy \" width=\"100%\" height=\"100%\" alt=\"Se trata de un cuadro de un metro por un metro hecho sobre chapadur con collage y tcnicas mixtas Foto Sebastin Granata\"><figcaption> Se trata de un cuadro de un metro por un metro, hecho sobre chapadur, con collage y t\u00e9cnicas mixtas \/ Foto: Sebasti\u00e1n Granata. <\/figcaption><\/figure>\n<p>\u00abTodo eso produjo en m\u00ed y en mucha gente una gran indignaci\u00f3n y lo termin\u00e9 plasmando en una obra que denomin\u00e9 \u00abPobreza CEO\u00bb, que ahora fue elegida entre m\u00e1s de 3.000 obras de todo el mundo por la ONU\u00bb, subray\u00f3 el artista, al hablar de su obra, una cr\u00edtica a lo que se conoce como efecto derrame, que propone reducir los impuestos a las empresas y a los sectores m\u00e1s poderosos de la sociedad para estimular la inversi\u00f3n empresarial a corto plazo y beneficiar a la sociedad en general a largo plazo, lo que en la pr\u00e1ctica no sucede.<\/p>\n<blockquote class><p>La verdad, no esperaba este reconocimiento internacional y me llena de orgullo que mi obra haya sido elegida entre innumerables pintores y artistas pl\u00e1sticos de Europa, Asia, \u00c1frica y Am\u00e9rica.<cite class=\"author\">Clementt<\/cite><\/p><\/blockquote>\n<p>\u00abLa verdad, no esperaba este reconocimiento internacional y me llena de orgullo que mi obra haya sido elegida entre innumerables pintores y artistas pl\u00e1sticos de Europa, Asia, \u00c1frica y Am\u00e9rica\u00bb, sostuvo Clementt.<\/p>\n<p>En el centro del cuadro aparece \u00ab<strong>el rostro distorsionado de una persona gritando<\/strong>\u00bb y \u00abese grito que se puede asociarse al \u00b4Grito de Munch\u00b4 -del pintor noruego Edvard Munch- es de indignaci\u00f3n, es de protesta por la angustia que provoca esa gran mentira de la \u00b4teor\u00eda econ\u00f3mica del derrame\u00b4\u00bb, sostuvo.<\/p>\n<figure class=\"mb-3\"><img loading=\"lazy\" data-src=\"http:\/\/hoycordobaweb.com\/wp-content\/uploads\/2023\/09\/la-onu-selecciono-la-obra-de-un-artista-rosarino-para-exhibirla-en-ginebra-4.jpg\" src=\"https:\/\/www.telam.com.ar\/assets\/img\/not_image.png\" class=\" lazy \" width=\"100%\" height=\"100%\" alt=\" Artista Plastico Carlos Clement junto a su obra Foto Sebastin Granata\"><figcaption> Artista Plastico Carlos Clement junto a su obra \/ Foto: Sebasti\u00e1n Granata. <\/figcaption><\/figure>\n<p>En ese cuadro, \u00e9l imagina adem\u00e1s \u00abun mundo donde la concentraci\u00f3n de la riqueza no est\u00e9 en manos de unos pocos, que los que menos tienen puedan cubrir sus necesidades y no queden mirando el oro que derraman los poderosos\u00bb, agreg\u00f3.<\/p>\n<p>Clementt inici\u00f3 su <strong>carrera como artista <\/strong>hace <strong>30 a\u00f1os pintando tablas de surf en Brasil<\/strong> y hoy, entre otras actividades, da <strong>clases de arteterapia <\/strong>en instituciones que tratan <strong>adicciones a las drogas<\/strong> en Rosario.<\/p>\n<p>\u00abUso el arte para que estas personas con problemas de adicci\u00f3n, empiecen a abrirse y a expresarse\u00bb, explic\u00f3 el artista y se\u00f1al\u00f3 que las herramientas que utiliza para pintar los cuadros \u00abtampoco son muy convencionales\u00bb.<\/p>\n<p>\u00abUso mucho l\u00e1tex que sobra de las pinturas de las casas, empleo esp\u00e1tulas para decorar tortas y las que utilizan los pintores de brocha gorda, adem\u00e1s de escobillas para limpiar vidrios\u00bb, revel\u00f3.<\/p>\n<p>En el marco de esta competencia, Argentina y Camer\u00fan son los \u00fanicos dos pa\u00edses con cuatro artistas seleccionados por el Unrisd.<\/p>\n<p>En el caso de la Argentina, adem\u00e1s de Clementt, fueron elegidos en otras categor\u00edas, los<strong> trabajos de los argentinos <\/strong>Otto Soria, con su obra \u00abSube baja\u00bb; Priscila Freire, con \u00abHospital cerrado\u00bb, y Rub\u00e9n Barrio, con \u00abEl grito de la lib\u00e9lula\u00bb.<\/p>\n","protected":false},"excerpt":{"rendered":"<p>La obra simboliza el grito de protesta contra la teor\u00eda econ\u00f3mica del derrame \/ Foto: Sebasti\u00e1n Granata. La obra del artista pl\u00e1stico rosarino, Carlos Clementt, \u00abPobreza CEO\u00bb, que simboliza el grito de protesta contra la teor\u00eda econ\u00f3mica del derrame, ser\u00e1 exhibida entre el 10 y el 20 de octubre de este a\u00f1o en la sede [&hellip;]<\/p>\n","protected":false},"author":1,"featured_media":67063,"comment_status":"open","ping_status":"closed","sticky":false,"template":"","format":"standard","meta":[],"categories":[19],"tags":[],"_links":{"self":[{"href":"http:\/\/hoycordobaweb.com\/index.php\/wp-json\/wp\/v2\/posts\/67062"}],"collection":[{"href":"http:\/\/hoycordobaweb.com\/index.php\/wp-json\/wp\/v2\/posts"}],"about":[{"href":"http:\/\/hoycordobaweb.com\/index.php\/wp-json\/wp\/v2\/types\/post"}],"author":[{"embeddable":true,"href":"http:\/\/hoycordobaweb.com\/index.php\/wp-json\/wp\/v2\/users\/1"}],"replies":[{"embeddable":true,"href":"http:\/\/hoycordobaweb.com\/index.php\/wp-json\/wp\/v2\/comments?post=67062"}],"version-history":[{"count":0,"href":"http:\/\/hoycordobaweb.com\/index.php\/wp-json\/wp\/v2\/posts\/67062\/revisions"}],"wp:featuredmedia":[{"embeddable":true,"href":"http:\/\/hoycordobaweb.com\/index.php\/wp-json\/wp\/v2\/media\/67063"}],"wp:attachment":[{"href":"http:\/\/hoycordobaweb.com\/index.php\/wp-json\/wp\/v2\/media?parent=67062"}],"wp:term":[{"taxonomy":"category","embeddable":true,"href":"http:\/\/hoycordobaweb.com\/index.php\/wp-json\/wp\/v2\/categories?post=67062"},{"taxonomy":"post_tag","embeddable":true,"href":"http:\/\/hoycordobaweb.com\/index.php\/wp-json\/wp\/v2\/tags?post=67062"}],"curies":[{"name":"wp","href":"https:\/\/api.w.org\/{rel}","templated":true}]}}