{"id":67038,"date":"2023-09-23T14:00:34","date_gmt":"2023-09-23T14:00:34","guid":{"rendered":"https:\/\/www.ole.com.ar\/ecuador\/liga-pro\/luis-zubeldia-miercoles-margen-error-mininmo_0_Rx4hMwulUW.html"},"modified":"2023-09-23T14:00:34","modified_gmt":"2023-09-23T14:00:34","slug":"luis-zubeldia-el-miercoles-el-margen-de-error-es-minimo","status":"publish","type":"post","link":"http:\/\/hoycordobaweb.com\/index.php\/2023\/09\/23\/luis-zubeldia-el-miercoles-el-margen-de-error-es-minimo\/","title":{"rendered":"Luis Zubeld\u00eda: \u00abEl mi\u00e9rcoles el margen de error es m\u00ednimo\u00bb"},"content":{"rendered":"<p><img src=\"http:\/\/hoycordobaweb.com\/wp-content\/uploads\/2023\/09\/luis-zubeldia-el-miercoles-el-margen-de-error-es-minimo.jpg\"><\/p>\n<p><time class=\"createDate\" datetime=\"2023-09-23T11:00:34-03:00\">23\/09\/2023 11:00hs.<\/time><time class=\"modificatedDate\" datetime=\"2023-09-23T11:00:34-03:00\"><\/time><\/p>\n<div id=\"storyBody\">\n<div class=\"custom-text \" readability=\"30.77802690583\">\n<p>La jornada siete de la <a href=\"https:\/\/www.ole.com.ar\/tema\/ligapro.html\" title=\"LigaPro\" alt=\"LigaPro\" class=\"slug\">LigaPro<\/a> empez\u00f3 con una victoria de <a href=\"https:\/\/www.ole.com.ar\/tema\/liga-de-quito.html\" title=\"liga de quito\" alt=\"liga de quito\" class=\"slug\">Liga de Quito<\/a> sobre <a href=\"https:\/\/www.ole.com.ar\/tema\/orense.html\" title=\"Orense\" alt=\"Orense\" class=\"slug\">Orense<\/a> con 1-0 gracias a un gol de Jos\u00e9 Angulo. El equipo de <a href=\"https:\/\/www.ole.com.ar\/tema\/luis-zubeldia.html\" title=\"Lu\u00eds Zubeld\u00eda\" alt=\"Lu\u00eds Zubeld\u00eda\" class=\"slug\">Luis Zubeld\u00eda<\/a> super\u00f3 una prueba importante para poder seguir en la pelea por la Fase 2 del campeonato nacional, aunque sin dejar de pensar en la ida de las semifinales de la <a href=\"https:\/\/www.ole.com.ar\/tema\/copa-sudamericana.html\" title=\"Copa Sudamericana\" alt=\"Copa Sudamericana\" class=\"slug\">Copa Sudamericana<\/a> ante <a href=\"https:\/\/www.ole.com.ar\/tema\/defensa-y-justicia.html\" title=\"Defensa y Justicia\" alt=\"Defensa y Justicia\" class=\"slug\">Defensa y Justicia<\/a>. <strong>El DT argentino habl\u00f3 en rueda de prensa, donde destac\u00f3 los tres puntos conseguidos.<\/strong><\/p>\n<\/div>\n<div class=\"custom-text \" readability=\"40\">\n<p>\u00ab<strong>Era muy dif\u00edcil jugar este partido porque la cabeza sabe que el mi\u00e9rcoles el margen de error es m\u00ednimo. Lo que nadie contempla, yo s\u00ed como entrenador, es que el margen de error en LigaPro tambi\u00e9n es m\u00ednimo<\/strong>. Si hoy no gan\u00e1bamos, algunos iban a decir que Liga se alejaba de la pelea por la etapa. Hicimos lo que ten\u00edamos que hacer con buen f\u00fatbol por momentos y a mi entender, ganamos merecidamente\u00bb, inici\u00f3 Zubeld\u00eda.<\/p>\n<\/div>\n<div class=\"custom-text \" readability=\"39\">\n<p>\u00ab<strong>La dirigencia est\u00e1 manejando eso (aplazar el partido contra Universidad Cat\u00f3lica), no s\u00e9 c\u00f3mo va la situaci\u00f3n<\/strong>. La planificaci\u00f3n de qui\u00e9nes iban a jugar estuvo basada en los principios de juego que tenemos. No quer\u00edamos alejarnos de lo que venimos haciendo, si rotamos muchos eso puede pasar. Si hacemos un mix, te encuentras con gente que tiene ritmo futbol\u00edstico y gente que puede arroparse en los que tiene m\u00e1s aceitada la idea de este semestre\u00bb, a\u00f1adi\u00f3 el Pr\u00edncipe.<\/p>\n<\/div>\n<div class=\"custom-text \" readability=\"37\">\n<p>\u00abNosotros planificamos con la acumulaci\u00f3n de minutos caso por caso. El f\u00fatbol te lleva a escenarios impensados como que en la entrada en calor un jugador (Facundo Rodr\u00edguez) sufri\u00f3 una molestia. La idea era no perder la idea de juego que por momentos estuvo, segundo era ganar y tercero que todos los jugadores terminen con minutos importantes sin correr riesgos para tenerlos a disposici\u00f3n a todos el mi\u00e9rcoles. A partir de ah\u00ed haces malabares con los cambios y de ah\u00ed ganar. <strong>Son puntos muy importantes al igual que frente a Gualaceo y el de Guayaquil City tambi\u00e9n. Son nueve puntos en medio de la Copa Sudamericana que por ah\u00ed en otro momento los perd\u00edamos<\/strong>\u00ab, finaliz\u00f3.<\/p>\n<\/div>\n<div class=\"custom-embedhtml\" readability=\"6.1697247706422\">\n<blockquote class=\"twitter-tweet\" readability=\"6.5810397553517\">\n<p lang=\"es\" dir=\"ltr\">\ud83c\udf99\ufe0f <a href=\"https:\/\/twitter.com\/hashtag\/RuedaDePrensa?src=hash&amp;ref_src=twsrc%5Etfw\">#RuedaDePrensa<\/a><br \/>\ud83d\udde3\ufe0f Luis Zubeld\u00eda: \u00abLo que quer\u00edamos conseguir en el partido de hoy que era mantener los principios y patrones de juego que tenemos, el objetivo era que todos lleguen con ritmo y disponibles para el partido del mi\u00e9rcoles.\u00bb <a href=\"https:\/\/t.co\/OBik4P5UpX\">pic.twitter.com\/OBik4P5UpX<\/a><\/p>\n<p>\u2014 LDU Oficial (@LDU_Oficial) <a href=\"https:\/\/twitter.com\/LDU_Oficial\/status\/1705416125331263563?ref_src=twsrc%5Etfw\">September 23, 2023<\/a><\/p><\/blockquote><\/div>\n<p><h2><strong>\u00d3scar Zambrano: \u00abQueremos darle una alegr\u00eda a la hinchada\u00bb<\/strong><\/h2>\n<\/p>\n<div class=\"custom-text \" readability=\"40\">\n<p>\u00abEste partido fue importante para nosotros, lleg\u00e1bamos de una derrota en Guayaquil y <strong>\u00e9ramos conscientes de lo que nos est\u00e1bamos jugando. Liga siempre pelea por todos los campeonatos y eso es importante para el grupo, el entrenador y lo que se viene<\/strong>. Es donde me siento m\u00e1s c\u00f3modo (jugando de pivote), lo he hablado con el entrenador, pero siempre voy a estar a su disposici\u00f3n\u00bb, declar\u00f3 en zona mixta tras el triunfo.<\/p>\n<\/div>\n<div class=\"sc-e7b891c4-0 jPbnQF\"><img alt=\"\u00d3scar Zabrano fue figura ante Orense. (@LDU_Oficial)\" src=\"http:\/\/hoycordobaweb.com\/wp-content\/uploads\/2023\/09\/luis-zubeldia-el-miercoles-el-margen-de-error-es-minimo-2.jpg\" width=\"720\" height=\"100\" decoding=\"async\" data-nimg=\"future\" loading=\"lazy\"><span class=\"epigraphe\">\u00d3scar Zabrano fue figura ante Orense. (@LDU_Oficial)<\/span><\/div>\n<div class=\"custom-text \" readability=\"38\">\n<p>\u00abSab\u00edamos que iba a ser un equipo muy duro, nosotros necesit\u00e1bamos los tres puntos para seguir en la pelea y el equipo rindi\u00f3. <strong>Somos conscientes de lo que se viene, est\u00e1bamos concentrados en Orense y en luchar por todos los t\u00edtulos. Queremos darle una alegr\u00eda a la hinchada<\/strong>\u00ab, declar\u00f3 Zambrano en Star+.<\/p>\n<\/div>\n<div class=\"sc-a7166897-0 exHLBh\" readability=\"6\">\n<section readability=\"2\"><picture><img alt=\"Luis Miguel Escalada: &quot;En Emelec se ve mucho quilombo en lo administrativo&quot;\" src=\"http:\/\/hoycordobaweb.com\/wp-content\/uploads\/2023\/09\/luis-zubeldia-el-miercoles-el-margen-de-error-es-minimo-3.jpg\" width=\"290\" height=\"290\" decoding=\"async\" data-nimg=\"future\" loading=\"lazy\"><\/picture>\n<p><span>Mir\u00e1 tambi\u00e9n<\/span><\/p>\n<hr>\n<h3>Luis Miguel Escalada: \u00abEn Emelec se ve mucho quilombo en lo administrativo\u00bb<\/h3>\n<\/p>\n<\/section>\n<\/div>\n<div class=\"sc-a7166897-0 exHLBh\" readability=\"6.5\">\n<section readability=\"3\"><picture><img alt=\"Club Atl\u00e9tico Vinotinto: los detalles del equipo que sue\u00f1a en grande y busca superar a IDV\" src=\"http:\/\/hoycordobaweb.com\/wp-content\/uploads\/2023\/09\/luis-zubeldia-el-miercoles-el-margen-de-error-es-minimo-4.jpg\" width=\"290\" height=\"290\" decoding=\"async\" data-nimg=\"future\" loading=\"lazy\"><\/picture>\n<p><span>Mir\u00e1 tambi\u00e9n<\/span><\/p>\n<hr>\n<h3>Club Atl\u00e9tico Vinotinto: los detalles del equipo que sue\u00f1a en grande y busca superar a IDV<\/h3>\n<\/p>\n<\/section>\n<\/div>\n<div class=\"sc-a7166897-0 exHLBh\" readability=\"6.5\">\n<section readability=\"3\"><picture><img alt=\"Con la mente en Defensa, \u00bfcu\u00e1ndo vuelve a jugar Liga de Quito por LigaPro?\" src=\"http:\/\/hoycordobaweb.com\/wp-content\/uploads\/2023\/09\/luis-zubeldia-el-miercoles-el-margen-de-error-es-minimo-5.jpg\" width=\"290\" height=\"290\" decoding=\"async\" data-nimg=\"future\" loading=\"lazy\"><\/picture>\n<p><span>Mir\u00e1 tambi\u00e9n<\/span><\/p>\n<hr>\n<h3>Con la mente en Defensa, \u00bfcu\u00e1ndo vuelve a jugar Liga de Quito por LigaPro?<\/h3>\n<\/p>\n<\/section>\n<\/div>\n<div class=\"sc-a7166897-0 exHLBh\" readability=\"6\">\n<section readability=\"2\"><picture><img alt=\"\u00c1rbitros confirmados para Liga de Quito vs Defensa y Justicia\" src=\"http:\/\/hoycordobaweb.com\/wp-content\/uploads\/2023\/09\/luis-zubeldia-el-miercoles-el-margen-de-error-es-minimo-6.jpg\" width=\"290\" height=\"290\" decoding=\"async\" data-nimg=\"future\" loading=\"lazy\"><\/picture>\n<p><span>Mir\u00e1 tambi\u00e9n<\/span><\/p>\n<hr>\n<h3>\u00c1rbitros confirmados para Liga de Quito vs Defensa y Justicia<\/h3>\n<\/p>\n<\/section>\n<\/div>\n<div class=\"sc-a7166897-0 exHLBh\" readability=\"6\">\n<section readability=\"2\"><picture><img alt=\"Confirmado: Gustavo Alfaro apel\u00f3 el fallo del TAS contra la FEF\" src=\"http:\/\/hoycordobaweb.com\/wp-content\/uploads\/2023\/09\/luis-zubeldia-el-miercoles-el-margen-de-error-es-minimo-7.jpg\" width=\"290\" height=\"290\" decoding=\"async\" data-nimg=\"future\" loading=\"lazy\"><\/picture>\n<p><span>Mir\u00e1 tambi\u00e9n<\/span><\/p>\n<hr>\n<h3>Confirmado: Gustavo Alfaro apel\u00f3 el fallo del TAS contra la FEF<\/h3>\n<\/p>\n<\/section>\n<\/div>\n<\/div>\n","protected":false},"excerpt":{"rendered":"<p>23\/09\/2023 11:00hs. La jornada siete de la LigaPro empez\u00f3 con una victoria de Liga de Quito sobre Orense con 1-0 gracias a un gol de Jos\u00e9 Angulo. El equipo de Luis Zubeld\u00eda super\u00f3 una prueba importante para poder seguir en la pelea por la Fase 2 del campeonato nacional, aunque sin dejar de pensar en [&hellip;]<\/p>\n","protected":false},"author":1,"featured_media":67039,"comment_status":"open","ping_status":"closed","sticky":false,"template":"","format":"standard","meta":[],"categories":[16],"tags":[],"_links":{"self":[{"href":"http:\/\/hoycordobaweb.com\/index.php\/wp-json\/wp\/v2\/posts\/67038"}],"collection":[{"href":"http:\/\/hoycordobaweb.com\/index.php\/wp-json\/wp\/v2\/posts"}],"about":[{"href":"http:\/\/hoycordobaweb.com\/index.php\/wp-json\/wp\/v2\/types\/post"}],"author":[{"embeddable":true,"href":"http:\/\/hoycordobaweb.com\/index.php\/wp-json\/wp\/v2\/users\/1"}],"replies":[{"embeddable":true,"href":"http:\/\/hoycordobaweb.com\/index.php\/wp-json\/wp\/v2\/comments?post=67038"}],"version-history":[{"count":0,"href":"http:\/\/hoycordobaweb.com\/index.php\/wp-json\/wp\/v2\/posts\/67038\/revisions"}],"wp:featuredmedia":[{"embeddable":true,"href":"http:\/\/hoycordobaweb.com\/index.php\/wp-json\/wp\/v2\/media\/67039"}],"wp:attachment":[{"href":"http:\/\/hoycordobaweb.com\/index.php\/wp-json\/wp\/v2\/media?parent=67038"}],"wp:term":[{"taxonomy":"category","embeddable":true,"href":"http:\/\/hoycordobaweb.com\/index.php\/wp-json\/wp\/v2\/categories?post=67038"},{"taxonomy":"post_tag","embeddable":true,"href":"http:\/\/hoycordobaweb.com\/index.php\/wp-json\/wp\/v2\/tags?post=67038"}],"curies":[{"name":"wp","href":"https:\/\/api.w.org\/{rel}","templated":true}]}}