{"id":67020,"date":"2023-09-22T08:59:00","date_gmt":"2023-09-22T08:59:00","guid":{"rendered":"https:\/\/fm-comunicar.com.ar\/contenido\/20717\/jesus-maria-sera-sede-del-1-festival-de-cine-intercolegial-clack-organizado-por-"},"modified":"2023-09-22T08:59:00","modified_gmt":"2023-09-22T08:59:00","slug":"jesus-maria-sera-sede-del-1-festival-de-cine-intercolegial-clack-organizado-por-el-ipem-294","status":"publish","type":"post","link":"http:\/\/hoycordobaweb.com\/index.php\/2023\/09\/22\/jesus-maria-sera-sede-del-1-festival-de-cine-intercolegial-clack-organizado-por-el-ipem-294\/","title":{"rendered":"Jes\u00fas Mar\u00eda ser\u00e1 sede del 1\u00b0 Festival de Cine Intercolegial \u00abClack\u00bb organizado por el IPEM 294"},"content":{"rendered":"<p>La muestra se realizar\u00e1 el viernes 27 de octubre, de 9 a 14 ,en Cines Molise y contar\u00e1 con la participaci\u00f3n de 12 instituciones educativas de la regi\u00f3n.<img src=\"http:\/\/hoycordobaweb.com\/wp-content\/uploads\/2023\/09\/jesus-maria-sera-sede-del-1-festival-de-cine-intercolegial-clack-organizado-por-el-ipem-294.jpg\"><\/p>\n","protected":false},"excerpt":{"rendered":"<p>La muestra se realizar\u00e1 el viernes 27 de octubre, de 9 a 14 ,en Cines Molise y contar\u00e1 con la participaci\u00f3n de 12 instituciones educativas de la regi\u00f3n.<\/p>\n","protected":false},"author":1,"featured_media":67021,"comment_status":"closed","ping_status":"closed","sticky":false,"template":"","format":"standard","meta":[],"categories":[18],"tags":[],"_links":{"self":[{"href":"http:\/\/hoycordobaweb.com\/index.php\/wp-json\/wp\/v2\/posts\/67020"}],"collection":[{"href":"http:\/\/hoycordobaweb.com\/index.php\/wp-json\/wp\/v2\/posts"}],"about":[{"href":"http:\/\/hoycordobaweb.com\/index.php\/wp-json\/wp\/v2\/types\/post"}],"author":[{"embeddable":true,"href":"http:\/\/hoycordobaweb.com\/index.php\/wp-json\/wp\/v2\/users\/1"}],"replies":[{"embeddable":true,"href":"http:\/\/hoycordobaweb.com\/index.php\/wp-json\/wp\/v2\/comments?post=67020"}],"version-history":[{"count":0,"href":"http:\/\/hoycordobaweb.com\/index.php\/wp-json\/wp\/v2\/posts\/67020\/revisions"}],"wp:featuredmedia":[{"embeddable":true,"href":"http:\/\/hoycordobaweb.com\/index.php\/wp-json\/wp\/v2\/media\/67021"}],"wp:attachment":[{"href":"http:\/\/hoycordobaweb.com\/index.php\/wp-json\/wp\/v2\/media?parent=67020"}],"wp:term":[{"taxonomy":"category","embeddable":true,"href":"http:\/\/hoycordobaweb.com\/index.php\/wp-json\/wp\/v2\/categories?post=67020"},{"taxonomy":"post_tag","embeddable":true,"href":"http:\/\/hoycordobaweb.com\/index.php\/wp-json\/wp\/v2\/tags?post=67020"}],"curies":[{"name":"wp","href":"https:\/\/api.w.org\/{rel}","templated":true}]}}