{"id":66978,"date":"2023-09-22T12:22:00","date_gmt":"2023-09-22T12:22:00","guid":{"rendered":"http:\/\/hoycordobaweb.com\/index.php\/2023\/09\/22\/la-justicia-francesa-investiga-a-le-pen-por-presunta-malversacion-de-fondos\/"},"modified":"2023-09-22T12:22:00","modified_gmt":"2023-09-22T12:22:00","slug":"la-justicia-francesa-investiga-a-le-pen-por-presunta-malversacion-de-fondos","status":"publish","type":"post","link":"http:\/\/hoycordobaweb.com\/index.php\/2023\/09\/22\/la-justicia-francesa-investiga-a-le-pen-por-presunta-malversacion-de-fondos\/","title":{"rendered":"La Justicia francesa investiga a Le Pen por presunta malversaci\u00f3n de fondos"},"content":{"rendered":"<p><img src=\"http:\/\/hoycordobaweb.com\/wp-content\/uploads\/2023\/09\/la-justicia-francesa-investiga-a-le-pen-por-presunta-malversacion-de-fondos.jpg\"><\/p>\n<figure class=\"mb-3\"><img loading=\"lazy\" data-src=\"http:\/\/hoycordobaweb.com\/wp-content\/uploads\/2023\/09\/la-justicia-francesa-investiga-a-le-pen-por-presunta-malversacion-de-fondos-2.jpg\" src=\"https:\/\/www.telam.com.ar\/assets\/img\/not_image.png\" class=\" lazy \" width=\"100%\" height=\"100%\" alt=\"Marine Le Pen devolvi esta semana ms de 330000 euros al Parlamento Europeo Foto Archivo\"><figcaption> Marine Le Pen devolvi\u00f3 esta semana m\u00e1s de 330.000 euros al Parlamento Europeo \/ Foto: Archivo. <\/figcaption><\/figure>\n<p>La Fiscal\u00eda de Par\u00eds solicit\u00f3 este viernes <strong>la apertura de un juicio oral contra 27 personas, entre ellas la l\u00edder ultraderechista Marine Le Pen y su padre Jean-Marie<\/strong>, por una trama de empleos ficticios que facilitaba el desv\u00edo de fondos europeos para gastos estrictamente de partido.<\/p>\n<p>Para la Fiscal\u00eda, entre 2004 y 2016 exist\u00eda \u00abun sistema organizado fraudulento\u00bb que consist\u00eda en contratar a personal del antiguo Frente Nacional (ahora Agrupaci\u00f3n Nacional) en calidad de asistentes de eurodiputados, un hecho que ya llev\u00f3 a la propia Le Pen a tener que <strong>devolver esta semana m\u00e1s de 330.000 euros al Parlamento Europeo<\/strong>, consign\u00f3 la agencia de noticias Europa Press.<\/p>\n<blockquote class><p>La dirigente de ultraderecha evit\u00f3 un embargo impuesto por la Justicia al devolver&nbsp;330.000 euros al Parlamento Europeo<\/p><\/blockquote>\n<p>La lista de potenciales juzgados incluye tambi\u00e9n el nombre de Jean Marie Le Pen, l\u00edder hist\u00f3rico de la ultraderecha en Francia, el antiguo &#8216;n\u00famero dos&#8217; del partido Bruno Gollnisch y el alcalde de la localidad de Perpi\u00f1\u00e1n, Louis Aliot, seg\u00fan la cadena local BFM TV.<\/p>\n<p>Marine Le Pen, candidata presidencial en tres oportunidades, siempre neg\u00f3 cualquier irregularidad y su abogado insisti\u00f3 esta semana en que<strong> la entrega de los fondos reclamados por la Euroc\u00e1mara no llevan impl\u00edcito ning\u00fan reconocimiento de culpa<\/strong>.<\/p>\n<p>Sin embargo, con el reembolso, la dirigente de ultraderecha evit\u00f3 un embargo de dinero impuesto por la Justicia. <\/p>\n","protected":false},"excerpt":{"rendered":"<p>Marine Le Pen devolvi\u00f3 esta semana m\u00e1s de 330.000 euros al Parlamento Europeo \/ Foto: Archivo. La Fiscal\u00eda de Par\u00eds solicit\u00f3 este viernes la apertura de un juicio oral contra 27 personas, entre ellas la l\u00edder ultraderechista Marine Le Pen y su padre Jean-Marie, por una trama de empleos ficticios que facilitaba el desv\u00edo de [&hellip;]<\/p>\n","protected":false},"author":1,"featured_media":66979,"comment_status":"open","ping_status":"closed","sticky":false,"template":"","format":"standard","meta":[],"categories":[24],"tags":[],"_links":{"self":[{"href":"http:\/\/hoycordobaweb.com\/index.php\/wp-json\/wp\/v2\/posts\/66978"}],"collection":[{"href":"http:\/\/hoycordobaweb.com\/index.php\/wp-json\/wp\/v2\/posts"}],"about":[{"href":"http:\/\/hoycordobaweb.com\/index.php\/wp-json\/wp\/v2\/types\/post"}],"author":[{"embeddable":true,"href":"http:\/\/hoycordobaweb.com\/index.php\/wp-json\/wp\/v2\/users\/1"}],"replies":[{"embeddable":true,"href":"http:\/\/hoycordobaweb.com\/index.php\/wp-json\/wp\/v2\/comments?post=66978"}],"version-history":[{"count":0,"href":"http:\/\/hoycordobaweb.com\/index.php\/wp-json\/wp\/v2\/posts\/66978\/revisions"}],"wp:featuredmedia":[{"embeddable":true,"href":"http:\/\/hoycordobaweb.com\/index.php\/wp-json\/wp\/v2\/media\/66979"}],"wp:attachment":[{"href":"http:\/\/hoycordobaweb.com\/index.php\/wp-json\/wp\/v2\/media?parent=66978"}],"wp:term":[{"taxonomy":"category","embeddable":true,"href":"http:\/\/hoycordobaweb.com\/index.php\/wp-json\/wp\/v2\/categories?post=66978"},{"taxonomy":"post_tag","embeddable":true,"href":"http:\/\/hoycordobaweb.com\/index.php\/wp-json\/wp\/v2\/tags?post=66978"}],"curies":[{"name":"wp","href":"https:\/\/api.w.org\/{rel}","templated":true}]}}