{"id":66948,"date":"2023-09-21T14:07:00","date_gmt":"2023-09-21T14:07:00","guid":{"rendered":"https:\/\/www.mujerhoy.com\/moda\/no-te-pierdas\/reina-sofia-reaparece-malaga-congreso-blusa-amarilla-zara-20230921105117-nt.html"},"modified":"2023-09-21T14:07:00","modified_gmt":"2023-09-21T14:07:00","slug":"la-reina-sofia-reaparece-despues-del-verano-su-look-infalible-para-la-vuelta-al-trabajo-que-puedes-conseguir-en-zara","status":"publish","type":"post","link":"http:\/\/hoycordobaweb.com\/index.php\/2023\/09\/21\/la-reina-sofia-reaparece-despues-del-verano-su-look-infalible-para-la-vuelta-al-trabajo-que-puedes-conseguir-en-zara\/","title":{"rendered":"La reina Sof\u00eda reaparece despu\u00e9s del verano: su look infalible para la vuelta al trabajo que puedes conseguir en Zara"},"content":{"rendered":"<p><!-- AUTHOR --><\/p>\n<div class=\"voc-author-timesocial \"><!-- AUTHOR --><\/p>\n<div class=\"voc-author-timesocial__signature\"><!-- IMAGE AUTHOR --><picture class=\"voc-image-signature\"><img class=\"voc-image-signature__img\" src=\"http:\/\/hoycordobaweb.com\/wp-content\/uploads\/2023\/09\/la-reina-sofia-reaparece-despues-del-verano-su-look-infalible-para-la-vuelta-al-trabajo-que-puedes-conseguir-en-zara.jpg\" alt=\"Carla Dom\u00ednguez\"><\/picture><!-- INFO AUTHOR --><\/div>\n<\/div>\n<p><!-- COMPONENTS --><\/p>\n<p class=\"voc-paragraph\">Ya todo el mundo (o casi) ha vuelto a la rutina. Son muy pocos los que a\u00fan est\u00e1n de vacaciones. Una de las \u00faltimas incorporaciones en el regreso \u00abal cole\u00bb royal ha sido <a data-voc-vtm-id=\"in-text-traffic\" href=\"https:\/\/www.mujerhoy.com\/temas\/personajes\/dona-sofia-de-grecia.html\">la reina Sof\u00eda<\/a>. La madre del rey Felipe IV ha esperado un poco m\u00e1s para reincorporarse a su agenda oficial.\n<\/p>\n<p class=\"voc-paragraph\">No sabemos si quiz\u00e1s ha decidido esperar un poco y pasar a un segundo plano para dejar protagonismo a sus nietas. <a data-voc-vtm-id=\"in-text-traffic\" href=\"https:\/\/www.mujerhoy.com\/celebrities\/realeza\/princesa-leonor-uniforme-militar-fotos-ceremonia-entrega-sables-20230919190532-nt.html\">Leonor ha comenzado la formaci\u00f3n militar<\/a> y lleva semanas estando en el foco medi\u00e1tico. Tambi\u00e9n ha coincidido este nuevo curso con el traslado de <a data-voc-vtm-id=\"in-text-traffic\" href=\"https:\/\/www.mujerhoy.com\/celebrities\/realeza\/infanta-sofia-internado-gales-bachillerato-polemica-futuro-trabajo-casa-real-leonor-20230829081316-nt.html\">la infanta Sof\u00eda a Gales<\/a> para comenzar el bachillerato en el mismo internado al que acudi\u00f3 su hermana Leonor.\n<\/p>\n<p class=\"voc-paragraph\">Pues bien, parece que <strong>la reina Sof\u00eda<\/strong> ha decicido, por fin, volver a su agenda habitual. Y no lo ha hecho comenzado desde Madrid, sino desde <strong>M\u00e1laga<\/strong>. Un trayecto de bastantes kil\u00f3metricos que ha hecho para presidir la inauguraci\u00f3n de uno de los congresos internacionales m\u00e1s importantes.\n<\/p>\n<p class=\"voc-paragraph\">Tras su largo verano en Mallorca, la reina Sof\u00eda ha vuelto muy sonriente y entre aplausos a su agenda oficial. Lo ha hecho con un look muy cl\u00e1sico <strong>con blazer de rayas diplom\u00e1ticas en azul marino<\/strong> y pantal\u00f3n negro de sastrer\u00eda. Para seguir con esta est\u00e9tica minimalista, ha a\u00f1adido un bolos mini en negro tambi\u00e9n.\n<\/p>\n<div class=\"voc-detail-photo-zoom\"><picture data-toggle=\"modal\" data-target=\"#photoZoomModal-330\" target=\"modal\">\n<div class=\"voc-img-icon-link\"><img loading=\"lazy\" data-original=\"\/\/static.mujerhoy.com\/www\/multimedia\/202309\/21\/media\/cortadas\/reina-sofia-blusa-amarilla-koqC--460x637@MujerHoy.jpg\" class=\"lazy adsviu_analyse\" alt=\"La reina Sof\u00eda presidiendo en III Congreso Internacional sobre Investigaci\u00f3n e Innovaci\u00f3n en Enfermedades Neurodegenerativas (CiiiEN). Foto: \"><noscript><img src=\"http:\/\/hoycordobaweb.com\/wp-content\/uploads\/2023\/09\/la-reina-sofia-reaparece-despues-del-verano-su-look-infalible-para-la-vuelta-al-trabajo-que-puedes-conseguir-en-zara-1.jpg\" alt=\"La reina Sof\u00eda presidiendo en III Congreso Internacional sobre Investigaci\u00f3n e Innovaci\u00f3n en Enfermedades Neurodegenerativas (CiiiEN). Foto: \"><\/noscript><i class=\"voc-icons zoom voc-multimedia-box voc-ico-l\"><\/i><\/div><figcaption class=\"figure-caption\">La reina Sof\u00eda presidiendo en III Congreso Internacional sobre Investigaci\u00f3n e Innovaci\u00f3n en Enfermedades Neurodegenerativas (CiiiEN). Foto: <\/figcaption><\/picture><\/div>\n<div id=\"photoZoomModal-330\" class=\"voc-lightbox modal fade voc-lightbox--photo-zoom\" role=\"dialog\" data-voc-photozoom-lightbox>\n<div class=\"voc-lightbox__dialog\" role=\"document\">\n<div class=\"voc-lightbox__content\"><!-- Modal header --><!-- Modal content --><\/p>\n<div class=\"voc-lightbox__photo-container\"><picture class><img loading=\"lazy\" data-original=\"\/\/static.mujerhoy.com\/www\/multimedia\/202309\/21\/media\/cortadas\/reina-sofia-blusa-amarilla-koqC--460x637@MujerHoy.jpg\" alt=\"La reina Sof\u00eda presidiendo en III Congreso Internacional sobre Investigaci\u00f3n e Innovaci\u00f3n en Enfermedades Neurodegenerativas (CiiiEN). Foto: \" class=\"lazy\"><noscript><img src=\"http:\/\/hoycordobaweb.com\/wp-content\/uploads\/2023\/09\/la-reina-sofia-reaparece-despues-del-verano-su-look-infalible-para-la-vuelta-al-trabajo-que-puedes-conseguir-en-zara-1.jpg\" alt=\"La reina Sof\u00eda presidiendo en III Congreso Internacional sobre Investigaci\u00f3n e Innovaci\u00f3n en Enfermedades Neurodegenerativas (CiiiEN). Foto: \"><\/noscript><\/picture><\/div>\n<\/div>\n<\/div>\n<\/div>\n<p class=\"voc-paragraph\">El toque m\u00e1s original lo ha incorporado a trav\u00e9s de <strong>su blusa, una pieza en tejido satinado muy sencilla<\/strong> pero con un color que le ha llenado de luz en todo el evento. Nos referimos a una blusa en color amarilla con cuello redondo muy elegante.\n<\/p>\n<p class=\"voc-paragraph\">Aunque la reina Sof\u00eda tiene un estilo muy cl\u00e1sico, con m\u00e1s frecuencia la vemos a\u00f1adir peque\u00f1os toques de tendencia a su look. En este caso, lo ha hecho a trav\u00e9s de <strong>la blusa con ese efecto satinado<\/strong> que demuestra que este tipo de piezas deben ser un b\u00e1sico en nuestro armario.\n<\/p>\n<p><h3 class=\"voc-detail__title\"> La versi\u00f3n asequible de la blusa amarilla de la reina Sof\u00eda<br \/>\n<\/h3>\n<\/p>\n<p class=\"voc-paragraph\">Si te has enamorado de esta blusa tan sofisticada de la reina Sof\u00eda, ya puedes hacerte con una versi\u00f3n en <strong>Zara<\/strong>. Y es que en Inditex hemos fichado una propuesta similar. Tambi\u00e9n es satinada, de cuello redondo y la \u00fanica diferencia son unos volantes en la parte delantera.\n<\/p>\n<div class=\"voc-detail-photo-zoom\"><picture data-toggle=\"modal\" data-target=\"#photoZoomModal-748\" target=\"modal\">\n<div class=\"voc-img-icon-link\"><img loading=\"lazy\" data-original=\"\/\/static.mujerhoy.com\/www\/multimedia\/202309\/21\/media\/cortadas\/blusa-zara-amarilla--kvWB--460x637@MujerHoy.jpg\" class=\"lazy adsviu_analyse\" alt=\"Blusa amarilla con volantes de Zara. Foto: Zara.\"><noscript><img src=\"http:\/\/hoycordobaweb.com\/wp-content\/uploads\/2023\/09\/la-reina-sofia-reaparece-despues-del-verano-su-look-infalible-para-la-vuelta-al-trabajo-que-puedes-conseguir-en-zara-2.jpg\" alt=\"Blusa amarilla con volantes de Zara. Foto: Zara.\"><\/noscript><i class=\"voc-icons zoom voc-multimedia-box voc-ico-l\"><\/i><\/div><figcaption class=\"figure-caption\">Blusa amarilla con volantes de Zara. Foto: Zara.<\/figcaption><\/picture><\/div>\n<div id=\"photoZoomModal-748\" class=\"voc-lightbox modal fade voc-lightbox--photo-zoom\" role=\"dialog\" data-voc-photozoom-lightbox>\n<div class=\"voc-lightbox__dialog\" role=\"document\">\n<div class=\"voc-lightbox__content\"><!-- Modal header --><!-- Modal content --><\/p>\n<div class=\"voc-lightbox__photo-container\"><picture class><img loading=\"lazy\" data-original=\"\/\/static.mujerhoy.com\/www\/multimedia\/202309\/21\/media\/cortadas\/blusa-zara-amarilla--kvWB--460x637@MujerHoy.jpg\" alt=\"Blusa amarilla con volantes de Zara. Foto: Zara.\" class=\"lazy\"><noscript><img src=\"http:\/\/hoycordobaweb.com\/wp-content\/uploads\/2023\/09\/la-reina-sofia-reaparece-despues-del-verano-su-look-infalible-para-la-vuelta-al-trabajo-que-puedes-conseguir-en-zara-2.jpg\" alt=\"Blusa amarilla con volantes de Zara. Foto: Zara.\"><\/noscript><\/picture><\/div>\n<\/div>\n<\/div>\n<\/div>\n<p class=\"voc-paragraph\">Se trata de una blusa sin mangas b\u00e1sica que est\u00e1 disponible en Zara por <strong>19,95 euros.<\/strong> Es una blusa muy vers\u00e1til que se puede llevar durante el d\u00eda, pero tambi\u00e9n en looks de noche. Est\u00e1 disponible en todas las tallas y estamos seguras que entrar\u00eda en el armario selecto de la reina Sof\u00eda.\n<\/p>\n<p><h3 class=\"voc-detail__title\"> La reina Sof\u00eda en su apoyo a la investigaci\u00f3n de las enfermedades neurodegenerativas<br \/>\n<\/h3>\n<\/p>\n<p class=\"voc-paragraph\">La reina Sof\u00eda ha sido la encargada de presidir el <strong>III Congreso Internacional sobre Investigaci\u00f3n e Innovaci\u00f3n en Enfermedades Neurodegenerativas (CiiiEN)<\/strong> que se celebra en el Auditorio Edgar Neville de la Diputaci\u00f3n de M\u00e1laga del 21 al 23 de septiembre, con el prop\u00f3sito de coincidir y celebrar el D\u00eda Internacional del Alzheimer.\n<\/p>\n<p class=\"voc-paragraph\">No es la primera vez que acude a este tipo de actos. La reina Sof\u00eda lleva siendo una habitual a <strong>estos congresos desde 2013<\/strong> con el fin de conocer m\u00e1s sobre las implicaciones sociales que conllevan estas enfermedades neurodegenerativas.\n<\/p>\n<p class=\"voc-paragraph\">El congreso estar\u00e1 lleno de <strong>personalidades reputadas<\/strong> de diferentes pa\u00edses como Rik Ossenkoppele (Universidad de \u00c1msterdam), Jorge Sepulcre (Universidad de Harvard), Nick Ashton (Universidad de Gotemburgo) o Alberto Lle\u00f3 (Hospital Santa Creu i Sant Pau-CIBERNED).\n<\/p>\n<p><!-- TOPICS --><\/p>\n","protected":false},"excerpt":{"rendered":"<p>Ya todo el mundo (o casi) ha vuelto a la rutina. Son muy pocos los que a\u00fan est\u00e1n de vacaciones. Una de las \u00faltimas incorporaciones en el regreso \u00abal cole\u00bb royal ha sido la reina Sof\u00eda. La madre del rey Felipe IV ha esperado un poco m\u00e1s para reincorporarse a su agenda oficial. No sabemos [&hellip;]<\/p>\n","protected":false},"author":1,"featured_media":66949,"comment_status":"closed","ping_status":"closed","sticky":false,"template":"","format":"standard","meta":[],"categories":[1],"tags":[],"_links":{"self":[{"href":"http:\/\/hoycordobaweb.com\/index.php\/wp-json\/wp\/v2\/posts\/66948"}],"collection":[{"href":"http:\/\/hoycordobaweb.com\/index.php\/wp-json\/wp\/v2\/posts"}],"about":[{"href":"http:\/\/hoycordobaweb.com\/index.php\/wp-json\/wp\/v2\/types\/post"}],"author":[{"embeddable":true,"href":"http:\/\/hoycordobaweb.com\/index.php\/wp-json\/wp\/v2\/users\/1"}],"replies":[{"embeddable":true,"href":"http:\/\/hoycordobaweb.com\/index.php\/wp-json\/wp\/v2\/comments?post=66948"}],"version-history":[{"count":0,"href":"http:\/\/hoycordobaweb.com\/index.php\/wp-json\/wp\/v2\/posts\/66948\/revisions"}],"wp:featuredmedia":[{"embeddable":true,"href":"http:\/\/hoycordobaweb.com\/index.php\/wp-json\/wp\/v2\/media\/66949"}],"wp:attachment":[{"href":"http:\/\/hoycordobaweb.com\/index.php\/wp-json\/wp\/v2\/media?parent=66948"}],"wp:term":[{"taxonomy":"category","embeddable":true,"href":"http:\/\/hoycordobaweb.com\/index.php\/wp-json\/wp\/v2\/categories?post=66948"},{"taxonomy":"post_tag","embeddable":true,"href":"http:\/\/hoycordobaweb.com\/index.php\/wp-json\/wp\/v2\/tags?post=66948"}],"curies":[{"name":"wp","href":"https:\/\/api.w.org\/{rel}","templated":true}]}}