{"id":66901,"date":"2023-09-20T17:21:36","date_gmt":"2023-09-20T17:21:36","guid":{"rendered":"https:\/\/www.trendencias.com\/belleza\/este-corte-pelo-solicitado-que-chicas-estilosas-han-decidido-lucir-este-otono"},"modified":"2023-09-20T17:21:36","modified_gmt":"2023-09-20T17:21:36","slug":"este-es-el-corte-de-pelo-mas-solicitado-y-el-que-las-chicas-estilosas-han-decidido-lucir-este-otono","status":"publish","type":"post","link":"http:\/\/hoycordobaweb.com\/index.php\/2023\/09\/20\/este-es-el-corte-de-pelo-mas-solicitado-y-el-que-las-chicas-estilosas-han-decidido-lucir-este-otono\/","title":{"rendered":"Este es el corte de pelo m\u00e1s solicitado y el que las chicas estilosas han decidido lucir este oto\u00f1o"},"content":{"rendered":"<p>Hay much\u00edsimas opciones para renovar una melena, pero esta temporada los <a href=\"https:\/\/www.trendencias.com\/belleza\/12-cortes-pelo-a-capas-que-triunfan-2023\">cortes de pelo con capas<\/a> est\u00e1n acaparando todo el protagonismo y dando un aire especial a much\u00edsimos estilos. Encontramos <a href=\"https:\/\/www.trendencias.com\/belleza\/mullet-triunfa-alfombra-roja-venecia-resultado-no-puede-ser-femenino\">capas muy definidas como las del mullet<\/a> y capas m\u00e1s sutiles que marcan el cabello pero de una forma m\u00e1s suave.<\/p>\n<p><!-- BREAK 1 --> <\/p>\n<div class=\"article-asset article-asset-normal article-asset-center\">\n<div class=\"desvio-container\">\n<div class=\"desvio\">\n<div class=\"desvio-figure js-desvio-figure\"> <a href=\"https:\/\/www.trendencias.com\/belleza\/cinco-mascaras-low-cost-para-conseguir-unos-ojos-grandes-pestanas-infinitas\"> <img alt=\"Cinco m\u00e1scaras low cost para conseguir unos ojos grandes y de pesta\u00f1as infinitas\" src=\"http:\/\/hoycordobaweb.com\/wp-content\/uploads\/2023\/09\/este-es-el-corte-de-pelo-mas-solicitado-y-el-que-las-chicas-estilosas-han-decidido-lucir-este-otono.jpg\"> <\/a> <\/div><\/div><\/div>\n<\/div>\n<p>Y justo para lograr ese efecto m\u00e1s \u00abt\u00edmido\u00bb pero para nada aburrido, las chicas m\u00e1s estilosas est\u00e1n apostando por el corte <strong>shaggy<\/strong> para renovar su melena y pasarse as\u00ed a un <a href=\"https:\/\/www.trendencias.com\/belleza\/tendencias-cortes-media-melena-que-veremos-durante-2023\">corte de pelo media melena<\/a>, ya sea el <em><strong>shaggy long<\/strong><\/em><em> <\/em>como por el <em><strong>shaggy bob<\/strong><\/em>.&nbsp;<\/p>\n<p><!-- BREAK 2 --> <\/p>\n<p>Un estilo que se caracteriza por aportar volumen en la parte alta de la cabeza con <strong>capas que crean un efecto <\/strong><em><strong>bob<\/strong><\/em> y capas m\u00e1s rebajadas <strong>desde la mand\u00edbula hasta la base del cuello<\/strong>, creando as\u00ed un efecto de onda gigante que enmarca el rostro.<\/p>\n<p><!-- BREAK 3 --> <\/p>\n<p>Ese <strong>volumen que se crea en la parte alta y m\u00e1s degradado hacia las puntas<\/strong> aporta un contorno muy especial, que sienta igual de bien a los rostros finos que quieren redondear las facciones como a los redondos para definir y marcar p\u00f3mulo.<\/p>\n<p><!-- BREAK 4 --> <\/p>\n<p>La versi\u00f3n del <strong>shaggy<\/strong> <em>bob<\/em> tiene un largo por debajo de la mand\u00edbula que nos traslada a los a\u00f1os 70, de ah\u00ed que se un corte moderno y con mucha personalidad. Aporta <strong>volumen y un toque desenfadado chic<\/strong>.<strong> <\/strong>Es perfecto para los cabellos finos y funciona genial con un efecto texturizado.&nbsp;<\/p>\n<p><!-- BREAK 5 --><\/p>\n<p>Fotos | <a href=\"https:\/\/www.launchmetrics.com\/spotlight\">launchmetrics<\/a><\/p>\n<p>En Trendencias | <a href=\"https:\/\/www.trendencias.com\/belleza\/14-tendencias-peinados-para-triunfar-2023\">21 tendencias en peinados para triunfar en el 2023<\/a><\/p>\n<p><!-- BREAK 6 --> <\/p>\n","protected":false},"excerpt":{"rendered":"<p>Hay much\u00edsimas opciones para renovar una melena, pero esta temporada los cortes de pelo con capas est\u00e1n acaparando todo el protagonismo y dando un aire especial a much\u00edsimos estilos. Encontramos capas muy definidas como las del mullet y capas m\u00e1s sutiles que marcan el cabello pero de una forma m\u00e1s suave. Y justo para lograr [&hellip;]<\/p>\n","protected":false},"author":1,"featured_media":66902,"comment_status":"closed","ping_status":"closed","sticky":false,"template":"","format":"standard","meta":[],"categories":[1],"tags":[],"_links":{"self":[{"href":"http:\/\/hoycordobaweb.com\/index.php\/wp-json\/wp\/v2\/posts\/66901"}],"collection":[{"href":"http:\/\/hoycordobaweb.com\/index.php\/wp-json\/wp\/v2\/posts"}],"about":[{"href":"http:\/\/hoycordobaweb.com\/index.php\/wp-json\/wp\/v2\/types\/post"}],"author":[{"embeddable":true,"href":"http:\/\/hoycordobaweb.com\/index.php\/wp-json\/wp\/v2\/users\/1"}],"replies":[{"embeddable":true,"href":"http:\/\/hoycordobaweb.com\/index.php\/wp-json\/wp\/v2\/comments?post=66901"}],"version-history":[{"count":0,"href":"http:\/\/hoycordobaweb.com\/index.php\/wp-json\/wp\/v2\/posts\/66901\/revisions"}],"wp:featuredmedia":[{"embeddable":true,"href":"http:\/\/hoycordobaweb.com\/index.php\/wp-json\/wp\/v2\/media\/66902"}],"wp:attachment":[{"href":"http:\/\/hoycordobaweb.com\/index.php\/wp-json\/wp\/v2\/media?parent=66901"}],"wp:term":[{"taxonomy":"category","embeddable":true,"href":"http:\/\/hoycordobaweb.com\/index.php\/wp-json\/wp\/v2\/categories?post=66901"},{"taxonomy":"post_tag","embeddable":true,"href":"http:\/\/hoycordobaweb.com\/index.php\/wp-json\/wp\/v2\/tags?post=66901"}],"curies":[{"name":"wp","href":"https:\/\/api.w.org\/{rel}","templated":true}]}}