{"id":66889,"date":"2023-09-20T16:06:54","date_gmt":"2023-09-20T16:06:54","guid":{"rendered":"https:\/\/www.ole.com.ar\/futbol-internacional\/olympique-marsella-francia-ligue-1-renuncia-comunicado-oficial-marcelino-garcia-toral-conflicto-ultra-hincha-crisis_0_dGgBpPOJOP.html"},"modified":"2023-09-20T16:06:54","modified_gmt":"2023-09-20T16:06:54","slug":"crisis-absoluta-renuncio-el-dt-de-olympique-de-marsella-tras-un-conflicto-con-los-ultras","status":"publish","type":"post","link":"http:\/\/hoycordobaweb.com\/index.php\/2023\/09\/20\/crisis-absoluta-renuncio-el-dt-de-olympique-de-marsella-tras-un-conflicto-con-los-ultras\/","title":{"rendered":"Crisis absoluta: renunci\u00f3 el DT de Olympique de Marsella tras un conflicto con los ultras"},"content":{"rendered":"<p><img src=\"http:\/\/hoycordobaweb.com\/wp-content\/uploads\/2023\/09\/crisis-absoluta-renuncio-el-dt-de-olympique-de-marsella-tras-un-conflicto-con-los-ultras.jpg\"><\/p>\n<p><time class=\"createDate\" datetime=\"2023-09-20T13:06:54-03:00\">20\/09\/2023 13:06hs.<\/time><time class=\"modificatedDate\" datetime=\"2023-09-20T13:06:54-03:00\"><\/time><\/p>\n<div id=\"storyBody\">\n<div class=\"custom-text \" readability=\"31.025454545455\">\n<p>Explot\u00f3 la crisis en <strong><a href=\"https:\/\/www.ole.com.ar\/tema\/olympique-de-marsella.html\" title=\"Olympique de Marsella\" alt=\"Olympique de Marsella\" class=\"slug\">Olympique de Marsella<\/a><\/strong>. Despu\u00e9s de la caliente reuni\u00f3n entre algunos dirigentes y los ultras, con amenazas de muerte de por medio, <strong>Marcelino Garc\u00eda Toral dej\u00f3 de ser el entrenador del club <\/strong>un d\u00eda antes de su debut en la <strong><a href=\"https:\/\/www.ole.com.ar\/tema\/uefa-europa-league.html\" title=\"UEFA Europa League\" alt=\"UEFA Europa League\" class=\"slug\">Europa League<\/a><\/strong> frente al <strong><a href=\"https:\/\/www.ole.com.ar\/tema\/ajax.html\" title=\"Ajax\" alt=\"Ajax\" class=\"slug\">Ajax<\/a><\/strong>. <\/p>\n<\/div>\n<div class=\"custom-text \" readability=\"37\">\n<p>Si bien exist\u00edan algunos rumores, la salida del DT espa\u00f1ol fue oficializada este mi\u00e9rcoles, a trav\u00e9s de un comunicado oficial lanzado por el propio club que dec\u00eda: \u00abEl Olympique de Marsella considera que los acontecimientos del 18 de septiembre <strong>no permiten a Marcelino y su cuerpo t\u00e9cnico ejercer en buenas condiciones la funci\u00f3n para la que fueron contratados<\/strong>\u00ab.<\/p>\n<\/div>\n<div class=\"custom-text \" readability=\"40\">\n<p>\u00abA consecuencia de esta deplorable situaci\u00f3n, Marcelino y su equipo no continuar\u00e1n su misi\u00f3n en el Olympique de Marsella. Dado el contexto,<strong> todo el club est\u00e1 muy decepcionado por tener que afrontar la marcha de un entrenador y del cuerpo t\u00e9cnico<\/strong>, que lleg\u00f3 a Marsella el 23 de junio y plenamente comprometido con el club, por motivos extradeportivos\u00bb, concluy\u00f3 el mensaje publicado por la instituci\u00f3n gala. <\/p>\n<\/div>\n<div class=\"custom-text \" readability=\"40.352941176471\">\n<p>De esta manera, Marcelino, que lleg\u00f3 al puesto en reemplazo del croata Igor Tudor, deja a los Ol\u00edmpicos luego de <strong>haberlos dirigido solo siete partidos, en los que no consigui\u00f3 clasificarse para la <a href=\"https:\/\/www.ole.com.ar\/tema\/champions-league.html\" title=\"Champions League\" alt=\"Champions League\" class=\"slug\">Champions League<\/a> y cosech\u00f3 dos triunfos<\/strong> en cinco partidos ligueros (tres empates), posicion\u00e1ndose en la tercera posici\u00f3n de la tabla con nueve puntos, dos menos que el Monaco, actual l\u00edder del campeonato.<\/p>\n<\/div>\n<div class=\"custom-embedhtml\" readability=\"5\">\n<blockquote class=\"twitter-tweet\" readability=\"4.1666666666667\">\n<p lang=\"fr\" dir=\"ltr\">Communiqu\u00e9 officiel de l&#8217;Olympique de Marseille<\/p>\n<p>\u2014 Olympique de Marseille (@OM_Officiel) <a href=\"https:\/\/twitter.com\/OM_Officiel\/status\/1704470512334770450?ref_src=twsrc%5Etfw\">September 20, 2023<\/a><\/p><\/blockquote><\/div>\n<div class=\"custom-text \" readability=\"41\">\n<p>A pesar de su buen andar en el \u00e1mbito local, el oriundo de Asturias tom\u00f3 la dif\u00edcil decisi\u00f3n al enterarse de la pol\u00e9mica reuni\u00f3n, donde los barrabravas ped\u00edan la dimisi\u00f3n de Pablo Longoria, el presidente de OM que hab\u00eda concretado su arribo al equipo. Por ello, <strong>pasadas algunas horas de los incidentes, se despidi\u00f3 de algunos jugadores y empleados del club<\/strong>. Adem\u00e1s, <strong>no integr\u00f3 la delegaci\u00f3n que parti\u00f3 hacia Amsterdam<\/strong>.<\/p>\n<\/div>\n<p><h2>El origen de la crisis<\/h2>\n<\/p>\n<div class=\"sc-e7b891c4-0 jPbnQF\"><img alt=\"La crisis del Olympique de Marsella. (AFP)\" src=\"http:\/\/hoycordobaweb.com\/wp-content\/uploads\/2023\/09\/crisis-absoluta-renuncio-el-dt-de-olympique-de-marsella-tras-un-conflicto-con-los-ultras-2.jpg\" width=\"720\" height=\"100\" decoding=\"async\" data-nimg=\"future\" loading=\"lazy\"><span class=\"epigraphe\">La crisis del Olympique de Marsella. (AFP)<\/span><\/div>\n<div class=\"custom-text \" readability=\"34.654205607477\">\n<p>Todo comenz\u00f3 cuando el <strong>Olympique de Marsella empat\u00f3 a cero contra el <a href=\"https:\/\/www.ole.com.ar\/tema\/toulouse.html\" title=\"Toulouse\" alt=\"Toulouse\" class=\"slug\">Toulouse<\/a> el pasado domingo<\/strong> en condici\u00f3n de local, exhibiendo un nivel de juego bastante flojo, lo que provoc\u00f3 una gran bronca en la hinchada.<\/p>\n<\/div>\n<div class=\"custom-text \" readability=\"36.152777777778\">\n<p><strong>A partir de all\u00ed, Marcelino<\/strong>, una apuesta personal de Longoria y un gran amigo con el que comparti\u00f3 tiempo en Valencia,<strong> fue acusado de ser beneficiado por el presidente de la instituci\u00f3n<\/strong>. Asimismo, <strong>resaltan que no trat\u00f3 bien a jugadores hist\u00f3ricos como <a href=\"https:\/\/www.ole.com.ar\/tema\/steve-mandanda.html\" title=\"Steve Mandanda\" alt=\"Steve Mandanda\" class=\"slug\">Steve Mandanda<\/a> o Dimitri Payet<\/strong>.<\/p>\n<\/div>\n<div class=\"sc-e7b891c4-0 jPbnQF\"><img alt=\"La crisis del Olympique de Marsella. (EFE)\" src=\"http:\/\/hoycordobaweb.com\/wp-content\/uploads\/2023\/09\/crisis-absoluta-renuncio-el-dt-de-olympique-de-marsella-tras-un-conflicto-con-los-ultras-3.jpg\" width=\"720\" height=\"100\" decoding=\"async\" data-nimg=\"future\" loading=\"lazy\"><span class=\"epigraphe\">La crisis del Olympique de Marsella. (EFE)<\/span><\/div>\n<div class=\"custom-text \" readability=\"39\">\n<p>Para colmo de males, los medios franceses indicaron que el director deportivo del club, <strong>el espa\u00f1ol Javier Ribalta, prefer\u00eda otro perfil de entrenador<\/strong>, m\u00e1s moderno, reforzando la teor\u00eda de los hinchas sobre la fuerte amistad entre el dirigente y el estratega. <\/p>\n<\/div>\n<div class=\"custom-text \" readability=\"35.724550898204\">\n<p>Aunque esto no termina ac\u00e1. Ahora, <strong>el Olympique deber\u00e1 afrontar su primer duelo de la Europa League y un cl\u00e1sico contra el <a href=\"https:\/\/www.ole.com.ar\/tema\/paris-saint-germain.html\" title=\"Paris Saint Germain\" alt=\"Paris Saint Germain\" class=\"slug\">Par\u00eds Saint Germain<\/a><\/strong> con Jacques Abardonado, hist\u00f3rico futbolista del club y miembro del cuerpo t\u00e9cnico de Marcelino que ser\u00e1 secundado en la labor por David Friio, actual director deportivo de la entidad.<\/p>\n<\/div>\n<p><h2>El trabajo de Longoria <\/h2>\n<\/p>\n<div class=\"sc-e7b891c4-0 jPbnQF\"><img alt=\"Pablo Longoria, presidente del Olympique de Marsella. (AFP)\" src=\"http:\/\/hoycordobaweb.com\/wp-content\/uploads\/2023\/09\/crisis-absoluta-renuncio-el-dt-de-olympique-de-marsella-tras-un-conflicto-con-los-ultras-4.jpg\" width=\"720\" height=\"100\" decoding=\"async\" data-nimg=\"future\" loading=\"lazy\"><span class=\"epigraphe\">Pablo Longoria, presidente del Olympique de Marsella. (AFP)<\/span><\/div>\n<div class=\"custom-text \" readability=\"41\">\n<p>Pablo Longoria, que ha trabajado en varios clubes, <strong>lleg\u00f3 a la presidencia del Marsella en enero de 2021<\/strong>, despu\u00e9s de que los hinchas tomaran a la fuerza el centro de entrenamiento del club exigiendo la salida de su antecesor, Jacques-Henri Eyraud, nombrado por el propietario, el multimillonario estadounidense Frank McCourt.<\/p>\n<\/div>\n<div class=\"custom-text \" readability=\"38\">\n<p>Durante su tiempo de mandato,<strong> la instituci\u00f3n encaden\u00f3 dos temporadas consecutivas dentro del podio de la liga francesa<\/strong>, un hito que no alcanzaba desde 2011. Sin embargo, su \u00faltimo gran t\u00edtulo data de 2010, cuando se coron\u00f3 campe\u00f3n con Didier Deschamps como t\u00e9cnico.<\/p>\n<\/div>\n<div class=\"custom-text \" readability=\"35\">\n<p>Actualmente, debido a la repentina salida de su compatriota Marcelino y las fuertes presiones de sus ultras, el dirigente deportivo espa\u00f1ol de 37 a\u00f1os <strong>decidi\u00f3 apartarse temporalmente de su cargo<\/strong>. <\/p>\n<\/div>\n<div class=\"sc-a7166897-0 exHLBh\" readability=\"6\">\n<section readability=\"2\"><picture><img alt=\"La nueva camiseta de Chapecoense inspirada en la Copa Sudamericana 2016\" src=\"http:\/\/hoycordobaweb.com\/wp-content\/uploads\/2023\/09\/crisis-absoluta-renuncio-el-dt-de-olympique-de-marsella-tras-un-conflicto-con-los-ultras-5.jpg\" width=\"290\" height=\"290\" decoding=\"async\" data-nimg=\"future\" loading=\"lazy\"><\/picture>\n<p><span>Mir\u00e1 tambi\u00e9n<\/span><\/p>\n<hr>\n<h3>La nueva camiseta de Chapecoense inspirada en la Copa Sudamericana 2016<\/h3>\n<\/p>\n<\/section>\n<\/div>\n<div class=\"sc-a7166897-0 exHLBh\" readability=\"6.5\">\n<section readability=\"3\"><picture><img alt=\"El pasado de delantero del arquero de la Lazio que meti\u00f3 un gol en la Champions League\" src=\"http:\/\/hoycordobaweb.com\/wp-content\/uploads\/2023\/09\/crisis-absoluta-renuncio-el-dt-de-olympique-de-marsella-tras-un-conflicto-con-los-ultras-6.jpg\" width=\"290\" height=\"290\" decoding=\"async\" data-nimg=\"future\" loading=\"lazy\"><\/picture>\n<p><span>Mir\u00e1 tambi\u00e9n<\/span><\/p>\n<hr>\n<h3>El pasado de delantero del arquero de la Lazio que meti\u00f3 un gol en la Champions League<\/h3>\n<\/p>\n<\/section>\n<\/div>\n<div class=\"sc-a7166897-0 exHLBh\" readability=\"6.5\">\n<section readability=\"3\"><picture><img alt=\"Pep Guardiola volvi\u00f3 a elogiar a Juli\u00e1n \u00c1lvarez tras su doblete en la Champions League\" src=\"http:\/\/hoycordobaweb.com\/wp-content\/uploads\/2023\/09\/crisis-absoluta-renuncio-el-dt-de-olympique-de-marsella-tras-un-conflicto-con-los-ultras-7.jpg\" width=\"290\" height=\"290\" decoding=\"async\" data-nimg=\"future\" loading=\"lazy\"><\/picture>\n<p><span>Mir\u00e1 tambi\u00e9n<\/span><\/p>\n<hr>\n<h3>Pep Guardiola volvi\u00f3 a elogiar a Juli\u00e1n \u00c1lvarez tras su doblete en la Champions League<\/h3>\n<\/p>\n<\/section>\n<\/div>\n<\/div>\n","protected":false},"excerpt":{"rendered":"<p>20\/09\/2023 13:06hs. Explot\u00f3 la crisis en Olympique de Marsella. Despu\u00e9s de la caliente reuni\u00f3n entre algunos dirigentes y los ultras, con amenazas de muerte de por medio, Marcelino Garc\u00eda Toral dej\u00f3 de ser el entrenador del club un d\u00eda antes de su debut en la Europa League frente al Ajax. Si bien exist\u00edan algunos rumores, [&hellip;]<\/p>\n","protected":false},"author":1,"featured_media":66890,"comment_status":"open","ping_status":"closed","sticky":false,"template":"","format":"standard","meta":[],"categories":[16],"tags":[],"_links":{"self":[{"href":"http:\/\/hoycordobaweb.com\/index.php\/wp-json\/wp\/v2\/posts\/66889"}],"collection":[{"href":"http:\/\/hoycordobaweb.com\/index.php\/wp-json\/wp\/v2\/posts"}],"about":[{"href":"http:\/\/hoycordobaweb.com\/index.php\/wp-json\/wp\/v2\/types\/post"}],"author":[{"embeddable":true,"href":"http:\/\/hoycordobaweb.com\/index.php\/wp-json\/wp\/v2\/users\/1"}],"replies":[{"embeddable":true,"href":"http:\/\/hoycordobaweb.com\/index.php\/wp-json\/wp\/v2\/comments?post=66889"}],"version-history":[{"count":0,"href":"http:\/\/hoycordobaweb.com\/index.php\/wp-json\/wp\/v2\/posts\/66889\/revisions"}],"wp:featuredmedia":[{"embeddable":true,"href":"http:\/\/hoycordobaweb.com\/index.php\/wp-json\/wp\/v2\/media\/66890"}],"wp:attachment":[{"href":"http:\/\/hoycordobaweb.com\/index.php\/wp-json\/wp\/v2\/media?parent=66889"}],"wp:term":[{"taxonomy":"category","embeddable":true,"href":"http:\/\/hoycordobaweb.com\/index.php\/wp-json\/wp\/v2\/categories?post=66889"},{"taxonomy":"post_tag","embeddable":true,"href":"http:\/\/hoycordobaweb.com\/index.php\/wp-json\/wp\/v2\/tags?post=66889"}],"curies":[{"name":"wp","href":"https:\/\/api.w.org\/{rel}","templated":true}]}}