{"id":66877,"date":"2023-09-20T11:49:37","date_gmt":"2023-09-20T11:49:37","guid":{"rendered":"https:\/\/ladecimaweb.com\/?p=19941"},"modified":"2023-09-20T11:49:37","modified_gmt":"2023-09-20T11:49:37","slug":"el-viernes-se-acredita-la-tarjeta-social-para-celiacos","status":"publish","type":"post","link":"http:\/\/hoycordobaweb.com\/index.php\/2023\/09\/20\/el-viernes-se-acredita-la-tarjeta-social-para-celiacos\/","title":{"rendered":"El viernes se acredita la Tarjeta Social para Cel\u00edacos"},"content":{"rendered":"<div class=\"boldgrid-section\">\n<div class=\"container\">\n<div class=\"row\">\n<div class=\"col-md-12 col-xs-12 col-sm-12\">\n<p class=\"\"><span>El Ministerio de Desarrollo Social informa que el viernes 22 de septiembre se&nbsp;acreditar\u00e1 el monto de la Tarjeta Social para Cel\u00edacos. Este programa provincial prev\u00e9 un cr\u00e9dito mensual de&nbsp;10.000<\/span><strong><span>&nbsp;<\/span>pesos<\/strong><span>&nbsp;para la compra de alimentos libres de gluten.<\/span><\/p>\n<p><span>En esta oportunidad, los beneficiarios cobrar\u00e1n 10.000 pesos, correspondientes al periodo de septiembre.<\/span><\/p>\n<p><span>Vale recordar que, desde el momento de la acreditaci\u00f3n, tienen tiempo hasta el 28 del corriente mes para agotar el&nbsp;<\/span><strong>saldo<\/strong><span>, despu\u00e9s de esa fecha ese importe se pierde.<\/span><\/p>\n<p><span>En la actualidad, son m\u00e1s de 1.200 las personas bajo programa que pueden realizar la compra en los negocios habilitados para operaciones con la Tarjeta Social que tenga posnet Bancor.<\/span><\/p>\n<p><span>La tarjeta no permite la extracci\u00f3n de dinero por cajero, ya que es s\u00f3lo para realizar compras de alimentos aptos para cel\u00edacos en los comercios adheridos.<\/span><\/p>\n<p><strong>Programa<\/strong><\/p>\n<p><span>El Programa de Atenci\u00f3n al Cel\u00edaco alcanza a 1.260 personas de la Capital y el interior provincial, en condici\u00f3n de vulnerabilidad socioecon\u00f3mica.<\/span><\/p>\n<p>&nbsp;<\/p>\n<div class=\"ubm_banner\"><a href=\"http:\/\/www.cba.gov.ar\/prevencion-incendios\" target=\"_blank\" rel=\"dofollow noopener noreferrer\"><img src=\"http:\/\/hoycordobaweb.com\/wp-content\/uploads\/2023\/09\/el-viernes-se-acredita-la-tarjeta-social-para-celiacos.gif\" alt=\"\"><\/a><\/div>\n<\/div>\n<\/div>\n<\/div>\n<\/div>\n<p>La entrada <a rel=\"nofollow\" href=\"https:\/\/ladecimaweb.com\/el-viernes-se-acredita-la-tarjeta-social-para-celiacos\/\">El viernes se acredita la Tarjeta Social para Cel\u00edacos<\/a> se public\u00f3 primero en <a rel=\"nofollow\" href=\"https:\/\/ladecimaweb.com\">LaDecima<\/a>.<\/p>\n","protected":false},"excerpt":{"rendered":"<p>El Ministerio de Desarrollo Social informa que el viernes 22 de septiembre se&nbsp;acreditar\u00e1 el monto de la Tarjeta Social para Cel\u00edacos. Este programa provincial prev\u00e9 un cr\u00e9dito mensual de&nbsp;10.000&nbsp;pesos&nbsp;para la compra de alimentos libres de gluten. En esta oportunidad, los beneficiarios cobrar\u00e1n 10.000 pesos, correspondientes al periodo de septiembre. Vale recordar que, desde el momento [&hellip;]<\/p>\n","protected":false},"author":1,"featured_media":66878,"comment_status":"closed","ping_status":"closed","sticky":false,"template":"","format":"standard","meta":[],"categories":[19],"tags":[],"_links":{"self":[{"href":"http:\/\/hoycordobaweb.com\/index.php\/wp-json\/wp\/v2\/posts\/66877"}],"collection":[{"href":"http:\/\/hoycordobaweb.com\/index.php\/wp-json\/wp\/v2\/posts"}],"about":[{"href":"http:\/\/hoycordobaweb.com\/index.php\/wp-json\/wp\/v2\/types\/post"}],"author":[{"embeddable":true,"href":"http:\/\/hoycordobaweb.com\/index.php\/wp-json\/wp\/v2\/users\/1"}],"replies":[{"embeddable":true,"href":"http:\/\/hoycordobaweb.com\/index.php\/wp-json\/wp\/v2\/comments?post=66877"}],"version-history":[{"count":0,"href":"http:\/\/hoycordobaweb.com\/index.php\/wp-json\/wp\/v2\/posts\/66877\/revisions"}],"wp:featuredmedia":[{"embeddable":true,"href":"http:\/\/hoycordobaweb.com\/index.php\/wp-json\/wp\/v2\/media\/66878"}],"wp:attachment":[{"href":"http:\/\/hoycordobaweb.com\/index.php\/wp-json\/wp\/v2\/media?parent=66877"}],"wp:term":[{"taxonomy":"category","embeddable":true,"href":"http:\/\/hoycordobaweb.com\/index.php\/wp-json\/wp\/v2\/categories?post=66877"},{"taxonomy":"post_tag","embeddable":true,"href":"http:\/\/hoycordobaweb.com\/index.php\/wp-json\/wp\/v2\/tags?post=66877"}],"curies":[{"name":"wp","href":"https:\/\/api.w.org\/{rel}","templated":true}]}}