{"id":66866,"date":"2023-09-19T11:36:00","date_gmt":"2023-09-19T11:36:00","guid":{"rendered":"https:\/\/fm-comunicar.com.ar\/contenido\/20705\/en-marco-de-los-150-anos-de-jesus-maria-se-estreno-el-film-macongo-la-cordoba-af"},"modified":"2023-09-19T11:36:00","modified_gmt":"2023-09-19T11:36:00","slug":"en-marco-de-los-150-anos-de-jesus-maria-se-estreno-el-film-macongo-la-cordoba-africana","status":"publish","type":"post","link":"http:\/\/hoycordobaweb.com\/index.php\/2023\/09\/19\/en-marco-de-los-150-anos-de-jesus-maria-se-estreno-el-film-macongo-la-cordoba-africana\/","title":{"rendered":"En marco de los 150 a\u00f1os de Jes\u00fas Mar\u00eda se estren\u00f3 el film \u00abMacongo, la C\u00f3rdoba Africana\u00bb"},"content":{"rendered":"<p>Los protagonistas del documental junto a sus familiares, autoridades y vecinos, disfrutaron de la primera proyecci\u00f3n de este largometraje de gran valor hist\u00f3rico que busca visibilizar las ra\u00edces africanas a trav\u00e9s de las nuevas generaciones.<img src=\"http:\/\/hoycordobaweb.com\/wp-content\/uploads\/2023\/09\/en-marco-de-los-150-anos-de-jesus-maria-se-estreno-el-film-macongo-la-cordoba-africana.jpg\"><\/p>\n","protected":false},"excerpt":{"rendered":"<p>Los protagonistas del documental junto a sus familiares, autoridades y vecinos, disfrutaron de la primera proyecci\u00f3n de este largometraje de gran valor hist\u00f3rico que busca visibilizar las ra\u00edces africanas a trav\u00e9s de las nuevas generaciones.<\/p>\n","protected":false},"author":1,"featured_media":66867,"comment_status":"closed","ping_status":"closed","sticky":false,"template":"","format":"standard","meta":[],"categories":[18],"tags":[],"_links":{"self":[{"href":"http:\/\/hoycordobaweb.com\/index.php\/wp-json\/wp\/v2\/posts\/66866"}],"collection":[{"href":"http:\/\/hoycordobaweb.com\/index.php\/wp-json\/wp\/v2\/posts"}],"about":[{"href":"http:\/\/hoycordobaweb.com\/index.php\/wp-json\/wp\/v2\/types\/post"}],"author":[{"embeddable":true,"href":"http:\/\/hoycordobaweb.com\/index.php\/wp-json\/wp\/v2\/users\/1"}],"replies":[{"embeddable":true,"href":"http:\/\/hoycordobaweb.com\/index.php\/wp-json\/wp\/v2\/comments?post=66866"}],"version-history":[{"count":0,"href":"http:\/\/hoycordobaweb.com\/index.php\/wp-json\/wp\/v2\/posts\/66866\/revisions"}],"wp:featuredmedia":[{"embeddable":true,"href":"http:\/\/hoycordobaweb.com\/index.php\/wp-json\/wp\/v2\/media\/66867"}],"wp:attachment":[{"href":"http:\/\/hoycordobaweb.com\/index.php\/wp-json\/wp\/v2\/media?parent=66866"}],"wp:term":[{"taxonomy":"category","embeddable":true,"href":"http:\/\/hoycordobaweb.com\/index.php\/wp-json\/wp\/v2\/categories?post=66866"},{"taxonomy":"post_tag","embeddable":true,"href":"http:\/\/hoycordobaweb.com\/index.php\/wp-json\/wp\/v2\/tags?post=66866"}],"curies":[{"name":"wp","href":"https:\/\/api.w.org\/{rel}","templated":true}]}}